{"id":124,"date":"2011-11-25T23:08:23","date_gmt":"2011-11-26T03:08:23","guid":{"rendered":"https:\/\/ansermoz-photography.com\/?p=124"},"modified":"2013-03-08T20:38:14","modified_gmt":"2013-03-09T00:38:14","slug":"night-session-001","status":"publish","type":"post","link":"https:\/\/www.ansermoz-photography.com\/fr\/quoi\/photographie-de-nuit-session-001\/","title":{"rendered":"Photographie De Nuit &#8211; Session 001"},"content":{"rendered":"<div class=\"the-content\"><p>Bonjour amis photographes!<\/p>\n<p>Voici quelques photos r\u00e9centes prises lors d&rsquo;une session de photographie de nuit, ici \u00e0 Montr\u00e9al.<br \/>\nMis \u00e0 part la photo de la structure en construction, photographi\u00e9e avec l&rsquo;objectif Canon 70-200mm F4, toutes les photos ont \u00e9t\u00e9 prises avec l&rsquo;objectif Sigma 10-20mm.<br \/>\nUtilisant un tr\u00e9pied, le temps d&rsquo;exposition variait de 8 \u00e0 17 secondes, ISO 100 et ouverture \u00e0 F11\/F16. L&rsquo;appareil photo est le Canon EOS 7D.<\/p>\n<p>Vous pouvez voir la Place D&rsquo;Armes de Montr\u00e9al,  avec la statue de Maisonneuve, devant la basilique Notre-Dame, tout entour\u00e9e de vieux b\u00e2timents.<\/p>\n<p>Appr\u00e9ciez!<\/p>\n<div class=\"photo-gallery-display row\">\t\t<div class=\"col-12 col-lg-12 content_gallery align-items-start justify-content-start gallery-masonry naf-pc-element mt-4 mb-4\" data-animatecss=\"fadeIn\">\n\t\t\t<div>\n\t\t\t\t\t\t\t\t<div class=\"row d-flex justify-content-center\">\n\t\t\t\t\t<div class=\"col-12 col-md-6 col-lg-4 mb-4\"><a href=\"https:\/\/www.ansermoz-photography.com\/wp-content\/gallery\/night-session-001\/Nov_035_6_tonemapped.jpg\" class=\"fresco  horizontal-photo-470 h\" data-fresco-caption=\"<span>Place d'Armes de Montr\u00e9al avec le monument de Maisonneuve la nuit<\/span><br\/>F18, 8 sec, 10 mm, ISO100, Canon EOS 7D\" data-fresco-group=\"slider-11\" data-fresco-group-options=\"thumbnails: false\"><img decoding=\"async\" src=\"https:\/\/www.ansermoz-photography.com\/wp-content\/gallery\/night-session-001\/Nov_035_6_tonemapped.jpg\" alt=\"Place d'Armes de Montr\u00e9al avec le monument de Maisonneuve la nuit\" \/><\/a><\/div><div class=\"col-12 col-md-6 col-lg-4 mb-4\"><a href=\"https:\/\/www.ansermoz-photography.com\/wp-content\/gallery\/night-session-001\/Nov_041.jpg\" class=\"fresco  horizontal-photo-470 h\" data-fresco-caption=\"<span>Basilica Notre Dame of Montreal by night at Place d'Armes<\/span><br\/>F18, 13 sec, 10 mm, ISO100, Canon EOS 7D\" data-fresco-group=\"slider-11\" data-fresco-group-options=\"thumbnails: false\"><img decoding=\"async\" src=\"https:\/\/www.ansermoz-photography.com\/wp-content\/gallery\/night-session-001\/Nov_041.jpg\" alt=\"Basilica Notre Dame of Montreal by night at Place d'Armes\" \/><\/a><\/div><div class=\"col-12 col-md-6 col-lg-4 mb-4\"><a href=\"https:\/\/www.ansermoz-photography.com\/wp-content\/gallery\/night-session-001\/Nov_042.jpg\" class=\"fresco  vertical-photo vertical-photo-470 v\" data-fresco-caption=\"<span>Night photography in Montreal in Place d'Armes<\/span><br\/>F18, 7 sec, 10 mm, ISO100, Canon EOS 7D\" data-fresco-group=\"slider-11\" data-fresco-group-options=\"thumbnails: false\"><img decoding=\"async\" src=\"https:\/\/www.ansermoz-photography.com\/wp-content\/gallery\/night-session-001\/Nov_042.jpg\" alt=\"Night photography in Montreal in Place d'Armes\" \/><\/a><\/div><div class=\"col-12 col-md-6 col-lg-4 mb-4\"><a href=\"https:\/\/www.ansermoz-photography.com\/wp-content\/gallery\/night-session-001\/Nov_049.jpg\" class=\"fresco  horizontal-photo-470 h\" data-fresco-caption=\"<span>Montreal City Hall by night photography<\/span><br\/>F18, 12 sec, 10 mm, ISO100, Canon EOS 7D\" data-fresco-group=\"slider-11\" data-fresco-group-options=\"thumbnails: false\"><img decoding=\"async\" src=\"https:\/\/www.ansermoz-photography.com\/wp-content\/gallery\/night-session-001\/Nov_049.jpg\" alt=\"Montreal City Hall by night photography\" \/><\/a><\/div><div class=\"col-12 col-md-6 col-lg-4 mb-4\"><a href=\"https:\/\/www.ansermoz-photography.com\/wp-content\/gallery\/night-session-001\/Nov_051_2_3_tonemapped.jpg\" class=\"fresco  horizontal-photo-470 h\" data-fresco-caption=\"<span>Building in construction by night<\/span><br\/>F18, 11 sec, 200 mm, ISO100, Canon EOS 7D\" data-fresco-group=\"slider-11\" data-fresco-group-options=\"thumbnails: false\"><img decoding=\"async\" src=\"https:\/\/www.ansermoz-photography.com\/wp-content\/gallery\/night-session-001\/Nov_051_2_3_tonemapped.jpg\" alt=\"Building in construction by night\" \/><\/a><\/div>\t\t\t\t<\/div>\n\t\t\t\t\t\t\t<\/div>\n\t\t<\/div>\n\t\t<\/div>\n<p><a href=\"https:\/\/fr.wikipedia.org\/wiki\/Place_d'Armes_(Montr%C3%A9al)\" title=\"Place D'Armes, Wikipedia\" target=\"_blank\" rel=\"nofollow\">Place D&rsquo;Armes, Wikipedia<\/a><\/p>\n<\/div>","protected":false},"excerpt":{"rendered":"<p>Bonjour amis photographes! Voici quelques photos r\u00e9centes prises lors d&rsquo;une session de photographie de nuit, ici \u00e0 Montr\u00e9al. Mis \u00e0 part la photo de la structure en construction, photographi\u00e9e avec l&rsquo;objectif Canon 70-200mm F4, toutes les photos ont \u00e9t\u00e9 prises avec l&rsquo;objectif Sigma 10-20mm. Utilisant un tr\u00e9pied, le temps d&rsquo;exposition variait de 8 \u00e0 17 secondes, ISO 100 et ouverture \u00e0 F11\/F16. L&rsquo;appareil photo est le Canon EOS 7D. Vous pouvez voir la Place D&rsquo;Armes de Montr\u00e9al, avec la statue &hellip;<\/p>\n","protected":false},"author":1,"featured_media":165,"comment_status":"open","ping_status":"open","sticky":false,"template":"","format":"standard","meta":{"_acf_changed":false,"footnotes":""},"categories":[4],"tags":[95,74,26,76,96,31,29,94,97,70,78],"class_list":["post-124","post","type-post","status-publish","format-standard","has-post-thumbnail","hentry","category-what","tag-basilica","tag-canon-70-200mm","tag-canon-eos-7d","tag-long-exposure","tag-maisonneuve-monument","tag-montreal","tag-night-photography","tag-notre-dame","tag-place-darmes","tag-sigma-10-20mm","tag-tripod"],"acf":[],"_links":{"self":[{"href":"https:\/\/www.ansermoz-photography.com\/fr\/wp-json\/wp\/v2\/posts\/124","targetHints":{"allow":["GET"]}}],"collection":[{"href":"https:\/\/www.ansermoz-photography.com\/fr\/wp-json\/wp\/v2\/posts"}],"about":[{"href":"https:\/\/www.ansermoz-photography.com\/fr\/wp-json\/wp\/v2\/types\/post"}],"author":[{"embeddable":true,"href":"https:\/\/www.ansermoz-photography.com\/fr\/wp-json\/wp\/v2\/users\/1"}],"replies":[{"embeddable":true,"href":"https:\/\/www.ansermoz-photography.com\/fr\/wp-json\/wp\/v2\/comments?post=124"}],"version-history":[{"count":0,"href":"https:\/\/www.ansermoz-photography.com\/fr\/wp-json\/wp\/v2\/posts\/124\/revisions"}],"wp:featuredmedia":[{"embeddable":true,"href":"https:\/\/www.ansermoz-photography.com\/fr\/wp-json\/wp\/v2\/media\/165"}],"wp:attachment":[{"href":"https:\/\/www.ansermoz-photography.com\/fr\/wp-json\/wp\/v2\/media?parent=124"}],"wp:term":[{"taxonomy":"category","embeddable":true,"href":"https:\/\/www.ansermoz-photography.com\/fr\/wp-json\/wp\/v2\/categories?post=124"},{"taxonomy":"post_tag","embeddable":true,"href":"https:\/\/www.ansermoz-photography.com\/fr\/wp-json\/wp\/v2\/tags?post=124"}],"curies":[{"name":"wp","href":"https:\/\/api.w.org\/{rel}","templated":true}]}}