{"id":266,"date":"2013-06-05T20:26:01","date_gmt":"2013-06-06T00:26:01","guid":{"rendered":"https:\/\/ansermoz-photography.com\/?p=266"},"modified":"2014-12-08T17:48:29","modified_gmt":"2014-12-08T21:48:29","slug":"the-abandoned-incinerator-of-montreal","status":"publish","type":"post","link":"https:\/\/www.ansermoz-photography.com\/fr\/quoi\/incinerateur-abandonne-de-montreal\/","title":{"rendered":"L&rsquo;Incin\u00e9rateur Abandonn\u00e9 De Montr\u00e9al"},"content":{"rendered":"<div class=\"the-content\"><p>Bonjour amis photographes et explorateurs urbains.<\/p>\n<p>Trois nouvelles sessions dans l&rsquo;incin\u00e9rateur abandonn\u00e9 de Montr\u00e9al, datant d&rsquo;il y a quelques mois. Appel\u00e9 Incin\u00e9rateur des Carri\u00e8res, il est aussi connu sous le nom de l&rsquo;incin\u00e9rateur num\u00e9ro 3.<br \/>\nLa premi\u00e8re s\u00e9rie de photos fut lorsque je suis all\u00e9 dans le b\u00e2timent, de nuit, pour exp\u00e9rimenter quelques photos et mises en lumi\u00e8re.<br \/>\nJ&rsquo;avais achet\u00e9 au magasin Dolorama quelques lumi\u00e8res de couleur (bleu, vert, rouge et blanc) pour tr\u00e8s peu cher, afin d&rsquo;essayer du lightpainting avec elles.<br \/>\nJ&rsquo;ai utilis\u00e9 les lumi\u00e8res pour peindre avec les \u00e9l\u00e9ments des machines et tuyaux rouill\u00e9s. Je me suis servi de mon flash Sigma EF610 DG Super, avec une t\u00e9l\u00e9commande pour le d\u00e9clencher,\u00e0 distance.<br \/>\nMais comme j&rsquo;avais oubli\u00e9 ma t\u00e9l\u00e9commande pour faire de longues expositions avec mon appareil photo Canon, je ne pu rester ni faire autant que ce que je voulais.<\/p>\n<p>Voici quelques images de lorsque je suis all\u00e9 de nuit dans l&rsquo;incin\u00e9rateur abandonn\u00e9.<\/p>\n<div class=\"photo-gallery-display row\">\t\t<div class=\"col-12 col-lg-12 content_gallery align-items-start justify-content-start gallery-masonry naf-pc-element mt-4 mb-4\" data-animatecss=\"fadeIn\">\n\t\t\t<div>\n\t\t\t\t\t\t\t\t<div class=\"row d-flex justify-content-center\">\n\t\t\t\t\t<div class=\"col-12 col-md-6 col-lg-4 mb-4\"><a href=\"https:\/\/www.ansermoz-photography.com\/wp-content\/gallery\/incinerateur-des-carrieres-de-nuit-002\/incinerateur-de-nuit_001.jpg\" class=\"fresco  horizontal-photo-700 h\" data-fresco-caption=\"<span>L'Incin\u00e9rateur Des Carri\u00e8res de Montr\u00e9al<\/span>\" data-fresco-group=\"slider-38\" data-fresco-group-options=\"thumbnails: false\"><img decoding=\"async\" src=\"https:\/\/www.ansermoz-photography.com\/wp-content\/gallery\/incinerateur-des-carrieres-de-nuit-002\/incinerateur-de-nuit_001.jpg\" alt=\"L'Incin\u00e9rateur Des Carri\u00e8res de Montr\u00e9al\" \/><\/a><\/div><div class=\"col-12 col-md-6 col-lg-4 mb-4\"><a href=\"https:\/\/www.ansermoz-photography.com\/wp-content\/gallery\/incinerateur-des-carrieres-de-nuit-002\/incinerateur-de-nuit_002.jpg\" class=\"fresco  horizontal-photo-700 h\" data-fresco-caption=\"<span>L'Incin\u00e9rateur Des Carri\u00e8res de Montr\u00e9al<\/span>\" data-fresco-group=\"slider-38\" data-fresco-group-options=\"thumbnails: false\"><img decoding=\"async\" src=\"https:\/\/www.ansermoz-photography.com\/wp-content\/gallery\/incinerateur-des-carrieres-de-nuit-002\/incinerateur-de-nuit_002.jpg\" alt=\"L'Incin\u00e9rateur Des Carri\u00e8res de Montr\u00e9al\" \/><\/a><\/div><div class=\"col-12 col-md-6 col-lg-4 mb-4\"><a href=\"https:\/\/www.ansermoz-photography.com\/wp-content\/gallery\/incinerateur-des-carrieres-de-nuit-002\/incinerateur-de-nuit_003.jpg\" class=\"fresco  horizontal-photo-700 h\" data-fresco-caption=\"<span>L'Incin\u00e9rateur Des Carri\u00e8res de Montr\u00e9al<\/span>\" data-fresco-group=\"slider-38\" data-fresco-group-options=\"thumbnails: false\"><img decoding=\"async\" src=\"https:\/\/www.ansermoz-photography.com\/wp-content\/gallery\/incinerateur-des-carrieres-de-nuit-002\/incinerateur-de-nuit_003.jpg\" alt=\"L'Incin\u00e9rateur Des Carri\u00e8res de Montr\u00e9al\" \/><\/a><\/div><div class=\"col-12 col-md-6 col-lg-4 mb-4\"><a href=\"https:\/\/www.ansermoz-photography.com\/wp-content\/gallery\/incinerateur-des-carrieres-de-nuit-002\/incinerateur-de-nuit_005.jpg\" class=\"fresco  horizontal-photo-700 h\" data-fresco-caption=\"<span>L'Incin\u00e9rateur Des Carri\u00e8res de Montr\u00e9al<\/span>\" data-fresco-group=\"slider-38\" data-fresco-group-options=\"thumbnails: false\"><img decoding=\"async\" src=\"https:\/\/www.ansermoz-photography.com\/wp-content\/gallery\/incinerateur-des-carrieres-de-nuit-002\/incinerateur-de-nuit_005.jpg\" alt=\"L'Incin\u00e9rateur Des Carri\u00e8res de Montr\u00e9al\" \/><\/a><\/div><div class=\"col-12 col-md-6 col-lg-4 mb-4\"><a href=\"https:\/\/www.ansermoz-photography.com\/wp-content\/gallery\/incinerateur-des-carrieres-de-nuit-002\/incinerateur-de-nuit_011.jpg\" class=\"fresco  vertical-photo vertical-photo-700 v\" data-fresco-caption=\"<span>L'Incin\u00e9rateur Des Carri\u00e8res de Montr\u00e9al<\/span>\" data-fresco-group=\"slider-38\" data-fresco-group-options=\"thumbnails: false\"><img decoding=\"async\" src=\"https:\/\/www.ansermoz-photography.com\/wp-content\/gallery\/incinerateur-des-carrieres-de-nuit-002\/incinerateur-de-nuit_011.jpg\" alt=\"L'Incin\u00e9rateur Des Carri\u00e8res de Montr\u00e9al\" \/><\/a><\/div><div class=\"col-12 col-md-6 col-lg-4 mb-4\"><a href=\"https:\/\/www.ansermoz-photography.com\/wp-content\/gallery\/incinerateur-des-carrieres-de-nuit-002\/incinerateur-de-nuit_013.jpg\" class=\"fresco  horizontal-photo-700 h\" data-fresco-caption=\"<span>L'Incin\u00e9rateur Des Carri\u00e8res de Montr\u00e9al<\/span>\" data-fresco-group=\"slider-38\" data-fresco-group-options=\"thumbnails: false\"><img decoding=\"async\" src=\"https:\/\/www.ansermoz-photography.com\/wp-content\/gallery\/incinerateur-des-carrieres-de-nuit-002\/incinerateur-de-nuit_013.jpg\" alt=\"L'Incin\u00e9rateur Des Carri\u00e8res de Montr\u00e9al\" \/><\/a><\/div><div class=\"col-12 col-md-6 col-lg-4 mb-4\"><a href=\"https:\/\/www.ansermoz-photography.com\/wp-content\/gallery\/incinerateur-des-carrieres-de-nuit-002\/incinerateur-de-nuit_015.jpg\" class=\"fresco  horizontal-photo-700 h\" data-fresco-caption=\"<span>L'Incin\u00e9rateur Des Carri\u00e8res de Montr\u00e9al<\/span>\" data-fresco-group=\"slider-38\" data-fresco-group-options=\"thumbnails: false\"><img decoding=\"async\" src=\"https:\/\/www.ansermoz-photography.com\/wp-content\/gallery\/incinerateur-des-carrieres-de-nuit-002\/incinerateur-de-nuit_015.jpg\" alt=\"L'Incin\u00e9rateur Des Carri\u00e8res de Montr\u00e9al\" \/><\/a><\/div><div class=\"col-12 col-md-6 col-lg-4 mb-4\"><a href=\"https:\/\/www.ansermoz-photography.com\/wp-content\/gallery\/incinerateur-des-carrieres-de-nuit-002\/incinerateur-de-nuit_020.jpg\" class=\"fresco  horizontal-photo-700 h\" data-fresco-caption=\"<span>L'Incin\u00e9rateur Des Carri\u00e8res de Montr\u00e9al<\/span>\" data-fresco-group=\"slider-38\" data-fresco-group-options=\"thumbnails: false\"><img decoding=\"async\" src=\"https:\/\/www.ansermoz-photography.com\/wp-content\/gallery\/incinerateur-des-carrieres-de-nuit-002\/incinerateur-de-nuit_020.jpg\" alt=\"L'Incin\u00e9rateur Des Carri\u00e8res de Montr\u00e9al\" \/><\/a><\/div><div class=\"col-12 col-md-6 col-lg-4 mb-4\"><a href=\"https:\/\/www.ansermoz-photography.com\/wp-content\/gallery\/incinerateur-des-carrieres-de-nuit-002\/incinerateur-de-nuit_021.jpg\" class=\"fresco  horizontal-photo-700 h\" data-fresco-caption=\"<span>L'Incin\u00e9rateur Des Carri\u00e8res de Montr\u00e9al<\/span>\" data-fresco-group=\"slider-38\" data-fresco-group-options=\"thumbnails: false\"><img decoding=\"async\" src=\"https:\/\/www.ansermoz-photography.com\/wp-content\/gallery\/incinerateur-des-carrieres-de-nuit-002\/incinerateur-de-nuit_021.jpg\" alt=\"L'Incin\u00e9rateur Des Carri\u00e8res de Montr\u00e9al\" \/><\/a><\/div><div class=\"col-12 col-md-6 col-lg-4 mb-4\"><a href=\"https:\/\/www.ansermoz-photography.com\/wp-content\/gallery\/incinerateur-des-carrieres-de-nuit-002\/incinerateur-de-nuit_025.jpg\" class=\"fresco  horizontal-photo-700 h\" data-fresco-caption=\"<span>L'Incin\u00e9rateur Des Carri\u00e8res de Montr\u00e9al<\/span>\" data-fresco-group=\"slider-38\" data-fresco-group-options=\"thumbnails: false\"><img decoding=\"async\" src=\"https:\/\/www.ansermoz-photography.com\/wp-content\/gallery\/incinerateur-des-carrieres-de-nuit-002\/incinerateur-de-nuit_025.jpg\" alt=\"L'Incin\u00e9rateur Des Carri\u00e8res de Montr\u00e9al\" \/><\/a><\/div><div class=\"col-12 col-md-6 col-lg-4 mb-4\"><a href=\"https:\/\/www.ansermoz-photography.com\/wp-content\/gallery\/incinerateur-des-carrieres-de-nuit-002\/incinerateur-de-nuit_029.jpg\" class=\"fresco  horizontal-photo-700 h\" data-fresco-caption=\"<span>L'Incin\u00e9rateur Des Carri\u00e8res de Montr\u00e9al<\/span>\" data-fresco-group=\"slider-38\" data-fresco-group-options=\"thumbnails: false\"><img decoding=\"async\" src=\"https:\/\/www.ansermoz-photography.com\/wp-content\/gallery\/incinerateur-des-carrieres-de-nuit-002\/incinerateur-de-nuit_029.jpg\" alt=\"L'Incin\u00e9rateur Des Carri\u00e8res de Montr\u00e9al\" \/><\/a><\/div><div class=\"col-12 col-md-6 col-lg-4 mb-4\"><a href=\"https:\/\/www.ansermoz-photography.com\/wp-content\/gallery\/incinerateur-des-carrieres-de-nuit-002\/incinerateur-de-nuit_030.jpg\" class=\"fresco  horizontal-photo-700 h\" data-fresco-caption=\"<span>L'Incin\u00e9rateur Des Carri\u00e8res de Montr\u00e9al<\/span>\" data-fresco-group=\"slider-38\" data-fresco-group-options=\"thumbnails: false\"><img decoding=\"async\" src=\"https:\/\/www.ansermoz-photography.com\/wp-content\/gallery\/incinerateur-des-carrieres-de-nuit-002\/incinerateur-de-nuit_030.jpg\" alt=\"L'Incin\u00e9rateur Des Carri\u00e8res de Montr\u00e9al\" \/><\/a><\/div><div class=\"col-12 col-md-6 col-lg-4 mb-4\"><a href=\"https:\/\/www.ansermoz-photography.com\/wp-content\/gallery\/incinerateur-des-carrieres-de-nuit-002\/incinerateur-de-nuit_034.jpg\" class=\"fresco  horizontal-photo-700 h\" data-fresco-caption=\"<span>L'Incin\u00e9rateur Des Carri\u00e8res de Montr\u00e9al<\/span>\" data-fresco-group=\"slider-38\" data-fresco-group-options=\"thumbnails: false\"><img decoding=\"async\" src=\"https:\/\/www.ansermoz-photography.com\/wp-content\/gallery\/incinerateur-des-carrieres-de-nuit-002\/incinerateur-de-nuit_034.jpg\" alt=\"L'Incin\u00e9rateur Des Carri\u00e8res de Montr\u00e9al\" \/><\/a><\/div>\t\t\t\t<\/div>\n\t\t\t\t\t\t\t<\/div>\n\t\t<\/div>\n\t\t<\/div>\n<p>Durant la deuxi\u00e8me session, j&rsquo;\u00e9tais avec mes amis Jarold et Fabienne, et nous avons \u00e9t\u00e9 en mesure de prendre plus de photos. Ce fut aussi pour moi l&rsquo;occasion de partager mon exp\u00e9rimentation avec les lumi\u00e8res de couleur, explorant plus d&rsquo;endroits dans le b\u00e2timent et photographiant la salle de contr\u00f4le.<br \/>\nCe fut plaisant de jouer avec les diff\u00e9rentes techniques d&rsquo;\u00e9clairage dans les endroits sombres du b\u00e2timent abandonn\u00e9.<\/p>\n<div class=\"photo-gallery-display row\">\t\t<div class=\"col-12 col-lg-12 content_gallery align-items-start justify-content-start gallery-masonry naf-pc-element mt-4 mb-4\" data-animatecss=\"fadeIn\">\n\t\t\t<div>\n\t\t\t\t\t\t\t\t<div class=\"row d-flex justify-content-center\">\n\t\t\t\t\t<div class=\"col-12 col-md-6 col-lg-4 mb-4\"><a href=\"https:\/\/www.ansermoz-photography.com\/wp-content\/gallery\/incinerateur-des-carrieres-003\/incenerateur-numero-3_003.jpg\" class=\"fresco  vertical-photo vertical-photo-700 v\" data-fresco-caption=\"<span>L'Incin\u00e9rateur # 3 de Montr\u00e9al<\/span>\" data-fresco-group=\"slider-39\" data-fresco-group-options=\"thumbnails: false\"><img decoding=\"async\" src=\"https:\/\/www.ansermoz-photography.com\/wp-content\/gallery\/incinerateur-des-carrieres-003\/incenerateur-numero-3_003.jpg\" alt=\"L'Incin\u00e9rateur # 3 de Montr\u00e9al\" \/><\/a><\/div><div class=\"col-12 col-md-6 col-lg-4 mb-4\"><a href=\"https:\/\/www.ansermoz-photography.com\/wp-content\/gallery\/incinerateur-des-carrieres-003\/incenerateur-numero-3_007.jpg\" class=\"fresco  vertical-photo vertical-photo-700 v\" data-fresco-caption=\"<span>L'Incin\u00e9rateur # 3 de Montr\u00e9al<\/span>\" data-fresco-group=\"slider-39\" data-fresco-group-options=\"thumbnails: false\"><img decoding=\"async\" src=\"https:\/\/www.ansermoz-photography.com\/wp-content\/gallery\/incinerateur-des-carrieres-003\/incenerateur-numero-3_007.jpg\" alt=\"L'Incin\u00e9rateur # 3 de Montr\u00e9al\" \/><\/a><\/div><div class=\"col-12 col-md-6 col-lg-4 mb-4\"><a href=\"https:\/\/www.ansermoz-photography.com\/wp-content\/gallery\/incinerateur-des-carrieres-003\/incenerateur-numero-3_013.jpg\" class=\"fresco  horizontal-photo-700 h\" data-fresco-caption=\"<span>L'Incin\u00e9rateur # 3 de Montr\u00e9al<\/span>\" data-fresco-group=\"slider-39\" data-fresco-group-options=\"thumbnails: false\"><img decoding=\"async\" src=\"https:\/\/www.ansermoz-photography.com\/wp-content\/gallery\/incinerateur-des-carrieres-003\/incenerateur-numero-3_013.jpg\" alt=\"L'Incin\u00e9rateur # 3 de Montr\u00e9al\" \/><\/a><\/div><div class=\"col-12 col-md-6 col-lg-4 mb-4\"><a href=\"https:\/\/www.ansermoz-photography.com\/wp-content\/gallery\/incinerateur-des-carrieres-003\/incenerateur-numero-3_022.jpg\" class=\"fresco  horizontal-photo-700 h\" data-fresco-caption=\"<span>L'Incin\u00e9rateur # 3 de Montr\u00e9al<\/span>\" data-fresco-group=\"slider-39\" data-fresco-group-options=\"thumbnails: false\"><img decoding=\"async\" src=\"https:\/\/www.ansermoz-photography.com\/wp-content\/gallery\/incinerateur-des-carrieres-003\/incenerateur-numero-3_022.jpg\" alt=\"L'Incin\u00e9rateur # 3 de Montr\u00e9al\" \/><\/a><\/div><div class=\"col-12 col-md-6 col-lg-4 mb-4\"><a href=\"https:\/\/www.ansermoz-photography.com\/wp-content\/gallery\/incinerateur-des-carrieres-003\/incenerateur-numero-3_023.jpg\" class=\"fresco  horizontal-photo-700 h\" data-fresco-caption=\"<span>L'Incin\u00e9rateur # 3 de Montr\u00e9al<\/span>\" data-fresco-group=\"slider-39\" data-fresco-group-options=\"thumbnails: false\"><img decoding=\"async\" src=\"https:\/\/www.ansermoz-photography.com\/wp-content\/gallery\/incinerateur-des-carrieres-003\/incenerateur-numero-3_023.jpg\" alt=\"L'Incin\u00e9rateur # 3 de Montr\u00e9al\" \/><\/a><\/div><div class=\"col-12 col-md-6 col-lg-4 mb-4\"><a href=\"https:\/\/www.ansermoz-photography.com\/wp-content\/gallery\/incinerateur-des-carrieres-003\/incenerateur-numero-3_033.jpg\" class=\"fresco  horizontal-photo-700 h\" data-fresco-caption=\"<span>L'Incin\u00e9rateur # 3 de Montr\u00e9al<\/span>\" data-fresco-group=\"slider-39\" data-fresco-group-options=\"thumbnails: false\"><img decoding=\"async\" src=\"https:\/\/www.ansermoz-photography.com\/wp-content\/gallery\/incinerateur-des-carrieres-003\/incenerateur-numero-3_033.jpg\" alt=\"L'Incin\u00e9rateur # 3 de Montr\u00e9al\" \/><\/a><\/div><div class=\"col-12 col-md-6 col-lg-4 mb-4\"><a href=\"https:\/\/www.ansermoz-photography.com\/wp-content\/gallery\/incinerateur-des-carrieres-003\/incenerateur-numero-3_039.jpg\" class=\"fresco  horizontal-photo-700 h\" data-fresco-caption=\"<span>L'Incin\u00e9rateur # 3 de Montr\u00e9al<\/span>\" data-fresco-group=\"slider-39\" data-fresco-group-options=\"thumbnails: false\"><img decoding=\"async\" src=\"https:\/\/www.ansermoz-photography.com\/wp-content\/gallery\/incinerateur-des-carrieres-003\/incenerateur-numero-3_039.jpg\" alt=\"L'Incin\u00e9rateur # 3 de Montr\u00e9al\" \/><\/a><\/div><div class=\"col-12 col-md-6 col-lg-4 mb-4\"><a href=\"https:\/\/www.ansermoz-photography.com\/wp-content\/gallery\/incinerateur-des-carrieres-003\/incenerateur-numero-3_049.jpg\" class=\"fresco  horizontal-photo-700 h\" data-fresco-caption=\"<span>L'Incin\u00e9rateur # 3 de Montr\u00e9al<\/span>\" data-fresco-group=\"slider-39\" data-fresco-group-options=\"thumbnails: false\"><img decoding=\"async\" src=\"https:\/\/www.ansermoz-photography.com\/wp-content\/gallery\/incinerateur-des-carrieres-003\/incenerateur-numero-3_049.jpg\" alt=\"L'Incin\u00e9rateur # 3 de Montr\u00e9al\" \/><\/a><\/div><div class=\"col-12 col-md-6 col-lg-4 mb-4\"><a href=\"https:\/\/www.ansermoz-photography.com\/wp-content\/gallery\/incinerateur-des-carrieres-003\/incenerateur-numero-3_055.jpg\" class=\"fresco  horizontal-photo-700 h\" data-fresco-caption=\"<span>L'Incin\u00e9rateur # 3 de Montr\u00e9al<\/span>\" data-fresco-group=\"slider-39\" data-fresco-group-options=\"thumbnails: false\"><img decoding=\"async\" src=\"https:\/\/www.ansermoz-photography.com\/wp-content\/gallery\/incinerateur-des-carrieres-003\/incenerateur-numero-3_055.jpg\" alt=\"L'Incin\u00e9rateur # 3 de Montr\u00e9al\" \/><\/a><\/div><div class=\"col-12 col-md-6 col-lg-4 mb-4\"><a href=\"https:\/\/www.ansermoz-photography.com\/wp-content\/gallery\/incinerateur-des-carrieres-003\/incenerateur-numero-3_060.jpg\" class=\"fresco  vertical-photo vertical-photo-700 v\" data-fresco-caption=\"<span>L'Incin\u00e9rateur # 3 de Montr\u00e9al<\/span>\" data-fresco-group=\"slider-39\" data-fresco-group-options=\"thumbnails: false\"><img decoding=\"async\" src=\"https:\/\/www.ansermoz-photography.com\/wp-content\/gallery\/incinerateur-des-carrieres-003\/incenerateur-numero-3_060.jpg\" alt=\"L'Incin\u00e9rateur # 3 de Montr\u00e9al\" \/><\/a><\/div><div class=\"col-12 col-md-6 col-lg-4 mb-4\"><a href=\"https:\/\/www.ansermoz-photography.com\/wp-content\/gallery\/incinerateur-des-carrieres-003\/incenerateur-numero-3_064.jpg\" class=\"fresco  horizontal-photo-700 h\" data-fresco-caption=\"<span>L'Incin\u00e9rateur # 3 de Montr\u00e9al<\/span>\" data-fresco-group=\"slider-39\" data-fresco-group-options=\"thumbnails: false\"><img decoding=\"async\" src=\"https:\/\/www.ansermoz-photography.com\/wp-content\/gallery\/incinerateur-des-carrieres-003\/incenerateur-numero-3_064.jpg\" alt=\"L'Incin\u00e9rateur # 3 de Montr\u00e9al\" \/><\/a><\/div><div class=\"col-12 col-md-6 col-lg-4 mb-4\"><a href=\"https:\/\/www.ansermoz-photography.com\/wp-content\/gallery\/incinerateur-des-carrieres-003\/incinerateur-des-carrieres-salle-de-controle_029.jpg\" class=\"fresco  horizontal-photo-700 h\" data-fresco-caption=\"<span>Salle de contr\u00f4le abandonn\u00e9e dans l'Incin\u00e9rateur # 3<\/span>\" data-fresco-group=\"slider-39\" data-fresco-group-options=\"thumbnails: false\"><img decoding=\"async\" src=\"https:\/\/www.ansermoz-photography.com\/wp-content\/gallery\/incinerateur-des-carrieres-003\/incinerateur-des-carrieres-salle-de-controle_029.jpg\" alt=\"Salle de contr\u00f4le abandonn\u00e9e dans l'Incin\u00e9rateur # 3\" \/><\/a><\/div><div class=\"col-12 col-md-6 col-lg-4 mb-4\"><a href=\"https:\/\/www.ansermoz-photography.com\/wp-content\/gallery\/incinerateur-des-carrieres-003\/incinerateur-des-carrieres-salle-de-controle_032.jpg\" class=\"fresco  horizontal-photo-700 h\" data-fresco-caption=\"<span>Salle de contr\u00f4le abandonn\u00e9e dans l'Incin\u00e9rateur # 3<\/span>\" data-fresco-group=\"slider-39\" data-fresco-group-options=\"thumbnails: false\"><img decoding=\"async\" src=\"https:\/\/www.ansermoz-photography.com\/wp-content\/gallery\/incinerateur-des-carrieres-003\/incinerateur-des-carrieres-salle-de-controle_032.jpg\" alt=\"Salle de contr\u00f4le abandonn\u00e9e dans l'Incin\u00e9rateur # 3\" \/><\/a><\/div>\t\t\t\t<\/div>\n\t\t\t\t\t\t\t<\/div>\n\t\t<\/div>\n\t\t<\/div>\n<p>Et lors de la troisi\u00e8me session, je suis all\u00e9 avec mon amie Tina et son ami Gr\u00e9goire, afin d&rsquo;exp\u00e9rimenter du light painting et des portraits urbains.<br \/>\nTina fait plus de portraits, alors ce fut l&rsquo;occasion de combiner les deux, la photographie urbaine et le portrait. Une chose que je voulais essayer depuis un moment.<br \/>\nMalheureusement, mon appareil n&rsquo;eut plus assez de batterie, mais nous f\u00fbmes capable de photographier avec l&rsquo;appareil de Tina, et nous avons obtenu des r\u00e9sultats int\u00e9ressants.<br \/>\nNous avons utilis\u00e9 des expositions longues, torches\/ lampes, des cierges magiques pour exp\u00e9rimenter le lightpainting, prendre plusieurs fois les m\u00eames personnes en une seule prise.<br \/>\nCe fut aussi pour moi l&rsquo;occasion d&rsquo;essayer de combiner deux flashs externes, coupl\u00e9s par une t\u00e9l\u00e9commande et un c\u00e2ble (voir la section Amazon en bas de page).<br \/>\nJ&rsquo;ai donc plac\u00e9 les deux flashs sous une grille en m\u00e9tal pour \u00e9clairer d&rsquo;en dessous les personnes, ou derri\u00e8re le block de b\u00e9ton pour \u00e9clairer les grilles. Donnant un effet plus effrayant qui va bien avec l&rsquo;atmosph\u00e8re du lieu.<br \/>\nElle pu me faire parvenir les fichiers RAW et donc je fut en mesure de les retravailler sous Photoshop pour appliquer quelques rendus que j&rsquo;avais en t\u00eate (voir toutes les photos ci-dessous).<\/p>\n<div class=\"photo-gallery-display row\">\t\t<div class=\"col-12 col-lg-12 content_gallery align-items-start justify-content-start gallery-masonry naf-pc-element mt-4 mb-4\" data-animatecss=\"fadeIn\">\n\t\t\t<div>\n\t\t\t\t\t\t\t\t<div class=\"row d-flex justify-content-center\">\n\t\t\t\t\t<div class=\"col-12 col-md-6 col-lg-4 mb-4\"><a href=\"https:\/\/www.ansermoz-photography.com\/wp-content\/gallery\/incinerateur-3-urban-portraits\/Ansermoz-Photography-urban-portraits-004.jpg\" class=\"fresco  vertical-photo vertical-photo-700 v\" data-fresco-caption=\"<span>Ansermoz Photography portraits urbains urbex<\/span>\" data-fresco-group=\"slider-44\" data-fresco-group-options=\"thumbnails: false\"><img decoding=\"async\" src=\"https:\/\/www.ansermoz-photography.com\/wp-content\/gallery\/incinerateur-3-urban-portraits\/Ansermoz-Photography-urban-portraits-004.jpg\" alt=\"Ansermoz Photography portraits urbains urbex\" \/><\/a><\/div><div class=\"col-12 col-md-6 col-lg-4 mb-4\"><a href=\"https:\/\/www.ansermoz-photography.com\/wp-content\/gallery\/incinerateur-3-urban-portraits\/Ansermoz-Photography-urban-portraits-010.jpg\" class=\"fresco  vertical-photo vertical-photo-700 v\" data-fresco-caption=\"<span>Ansermoz Photography portraits urbains urbex<\/span>\" data-fresco-group=\"slider-44\" data-fresco-group-options=\"thumbnails: false\"><img decoding=\"async\" src=\"https:\/\/www.ansermoz-photography.com\/wp-content\/gallery\/incinerateur-3-urban-portraits\/Ansermoz-Photography-urban-portraits-010.jpg\" alt=\"Ansermoz Photography portraits urbains urbex\" \/><\/a><\/div><div class=\"col-12 col-md-6 col-lg-4 mb-4\"><a href=\"https:\/\/www.ansermoz-photography.com\/wp-content\/gallery\/incinerateur-3-urban-portraits\/Ansermoz-Photography-urban-portraits-011.jpg\" class=\"fresco  vertical-photo vertical-photo-700 v\" data-fresco-caption=\"<span>Ansermoz Photography portraits urbains urbex<\/span>\" data-fresco-group=\"slider-44\" data-fresco-group-options=\"thumbnails: false\"><img decoding=\"async\" src=\"https:\/\/www.ansermoz-photography.com\/wp-content\/gallery\/incinerateur-3-urban-portraits\/Ansermoz-Photography-urban-portraits-011.jpg\" alt=\"Ansermoz Photography portraits urbains urbex\" \/><\/a><\/div><div class=\"col-12 col-md-6 col-lg-4 mb-4\"><a href=\"https:\/\/www.ansermoz-photography.com\/wp-content\/gallery\/incinerateur-3-urban-portraits\/Ansermoz-Photography-urban-portraits-013.jpg\" class=\"fresco  vertical-photo vertical-photo-700 v\" data-fresco-caption=\"<span>Ansermoz Photography portraits urbains urbex<\/span>\" data-fresco-group=\"slider-44\" data-fresco-group-options=\"thumbnails: false\"><img decoding=\"async\" src=\"https:\/\/www.ansermoz-photography.com\/wp-content\/gallery\/incinerateur-3-urban-portraits\/Ansermoz-Photography-urban-portraits-013.jpg\" alt=\"Ansermoz Photography portraits urbains urbex\" \/><\/a><\/div><div class=\"col-12 col-md-6 col-lg-4 mb-4\"><a href=\"https:\/\/www.ansermoz-photography.com\/wp-content\/gallery\/incinerateur-3-urban-portraits\/Ansermoz-Photography-urban-portraits-025.jpg\" class=\"fresco  horizontal-photo-700 h\" data-fresco-caption=\"<span>Ansermoz Photography portraits urbains urbex<\/span><br\/>F11, 10 sec, 30 mm, ISO200, NIKON D90\" data-fresco-group=\"slider-44\" data-fresco-group-options=\"thumbnails: false\"><img decoding=\"async\" src=\"https:\/\/www.ansermoz-photography.com\/wp-content\/gallery\/incinerateur-3-urban-portraits\/Ansermoz-Photography-urban-portraits-025.jpg\" alt=\"Ansermoz Photography portraits urbains urbex\" \/><\/a><\/div><div class=\"col-12 col-md-6 col-lg-4 mb-4\"><a href=\"https:\/\/www.ansermoz-photography.com\/wp-content\/gallery\/incinerateur-3-urban-portraits\/Ansermoz-Photography-urban-portraits-030.jpg\" class=\"fresco  horizontal-photo-700 h\" data-fresco-caption=\"<span>Ansermoz Photography portraits urbains urbex<\/span><br\/>F11, 15 sec, 30 mm, ISO200, NIKON D90\" data-fresco-group=\"slider-44\" data-fresco-group-options=\"thumbnails: false\"><img decoding=\"async\" src=\"https:\/\/www.ansermoz-photography.com\/wp-content\/gallery\/incinerateur-3-urban-portraits\/Ansermoz-Photography-urban-portraits-030.jpg\" alt=\"Ansermoz Photography portraits urbains urbex\" \/><\/a><\/div><div class=\"col-12 col-md-6 col-lg-4 mb-4\"><a href=\"https:\/\/www.ansermoz-photography.com\/wp-content\/gallery\/incinerateur-3-urban-portraits\/Ansermoz-Photography-urban-portraits-031.jpg\" class=\"fresco  horizontal-photo-700 h\" data-fresco-caption=\"<span>Ansermoz Photography portraits urbains urbex<\/span><br\/>F11, 15 sec, 30 mm, ISO200, NIKON D90\" data-fresco-group=\"slider-44\" data-fresco-group-options=\"thumbnails: false\"><img decoding=\"async\" src=\"https:\/\/www.ansermoz-photography.com\/wp-content\/gallery\/incinerateur-3-urban-portraits\/Ansermoz-Photography-urban-portraits-031.jpg\" alt=\"Ansermoz Photography portraits urbains urbex\" \/><\/a><\/div><div class=\"col-12 col-md-6 col-lg-4 mb-4\"><a href=\"https:\/\/www.ansermoz-photography.com\/wp-content\/gallery\/incinerateur-3-urban-portraits\/Ansermoz-Photography-urban-portraits-033.jpg\" class=\"fresco  horizontal-photo-700 h\" data-fresco-caption=\"<span>Ansermoz Photography portraits urbains urbex<\/span><br\/>F11, 15 sec, 30 mm, ISO200, NIKON D90\" data-fresco-group=\"slider-44\" data-fresco-group-options=\"thumbnails: false\"><img decoding=\"async\" src=\"https:\/\/www.ansermoz-photography.com\/wp-content\/gallery\/incinerateur-3-urban-portraits\/Ansermoz-Photography-urban-portraits-033.jpg\" alt=\"Ansermoz Photography portraits urbains urbex\" \/><\/a><\/div><div class=\"col-12 col-md-6 col-lg-4 mb-4\"><a href=\"https:\/\/www.ansermoz-photography.com\/wp-content\/gallery\/incinerateur-3-urban-portraits\/Ansermoz-Photography-urban-portraits-034.jpg\" class=\"fresco  horizontal-photo-700 h\" data-fresco-caption=\"<span>Ansermoz Photography portraits urbains urbex<\/span><br\/>F11, 15 sec, 30 mm, ISO200, NIKON D90\" data-fresco-group=\"slider-44\" data-fresco-group-options=\"thumbnails: false\"><img decoding=\"async\" src=\"https:\/\/www.ansermoz-photography.com\/wp-content\/gallery\/incinerateur-3-urban-portraits\/Ansermoz-Photography-urban-portraits-034.jpg\" alt=\"Ansermoz Photography portraits urbains urbex\" \/><\/a><\/div><div class=\"col-12 col-md-6 col-lg-4 mb-4\"><a href=\"https:\/\/www.ansermoz-photography.com\/wp-content\/gallery\/incinerateur-3-urban-portraits\/Ansermoz-Photography-urban-portraits-039.jpg\" class=\"fresco  horizontal-photo-700 h\" data-fresco-caption=\"<span>Ansermoz Photography portraits urbains urbex<\/span><br\/>F11, 15 sec, 30 mm, ISO200, NIKON D90\" data-fresco-group=\"slider-44\" data-fresco-group-options=\"thumbnails: false\"><img decoding=\"async\" src=\"https:\/\/www.ansermoz-photography.com\/wp-content\/gallery\/incinerateur-3-urban-portraits\/Ansermoz-Photography-urban-portraits-039.jpg\" alt=\"Ansermoz Photography portraits urbains urbex\" \/><\/a><\/div><div class=\"col-12 col-md-6 col-lg-4 mb-4\"><a href=\"https:\/\/www.ansermoz-photography.com\/wp-content\/gallery\/incinerateur-3-urban-portraits\/Ansermoz-Photography-urban-portraits-040.jpg\" class=\"fresco  horizontal-photo-700 h\" data-fresco-caption=\"<span>Ansermoz Photography portraits urbains urbex<\/span><br\/>F11, 15 sec, 30 mm, ISO200, NIKON D90\" data-fresco-group=\"slider-44\" data-fresco-group-options=\"thumbnails: false\"><img decoding=\"async\" src=\"https:\/\/www.ansermoz-photography.com\/wp-content\/gallery\/incinerateur-3-urban-portraits\/Ansermoz-Photography-urban-portraits-040.jpg\" alt=\"Ansermoz Photography portraits urbains urbex\" \/><\/a><\/div><div class=\"col-12 col-md-6 col-lg-4 mb-4\"><a href=\"https:\/\/www.ansermoz-photography.com\/wp-content\/gallery\/incinerateur-3-urban-portraits\/Ansermoz-Photography-urban-portraits-050.jpg\" class=\"fresco  horizontal-photo-700 h\" data-fresco-caption=\"<span>Ansermoz Photography portraits urbains urbex<\/span><br\/>F11, 30 sec, 30 mm, ISO200, NIKON D90\" data-fresco-group=\"slider-44\" data-fresco-group-options=\"thumbnails: false\"><img decoding=\"async\" src=\"https:\/\/www.ansermoz-photography.com\/wp-content\/gallery\/incinerateur-3-urban-portraits\/Ansermoz-Photography-urban-portraits-050.jpg\" alt=\"Ansermoz Photography portraits urbains urbex\" \/><\/a><\/div><div class=\"col-12 col-md-6 col-lg-4 mb-4\"><a href=\"https:\/\/www.ansermoz-photography.com\/wp-content\/gallery\/incinerateur-3-urban-portraits\/Ansermoz-Photography-urban-portraits-053.jpg\" class=\"fresco  horizontal-photo-700 h\" data-fresco-caption=\"<span>Ansermoz Photography portraits urbains urbex<\/span><br\/>F11, 30 sec, 30 mm, ISO200, NIKON D90\" data-fresco-group=\"slider-44\" data-fresco-group-options=\"thumbnails: false\"><img decoding=\"async\" src=\"https:\/\/www.ansermoz-photography.com\/wp-content\/gallery\/incinerateur-3-urban-portraits\/Ansermoz-Photography-urban-portraits-053.jpg\" alt=\"Ansermoz Photography portraits urbains urbex\" \/><\/a><\/div>\t\t\t\t<\/div>\n\t\t\t\t\t\t\t<\/div>\n\t\t<\/div>\n\t\t<\/div>\n<p>Durant la quatri\u00e8me session, je suis all\u00e9 seul visiter les bureaux abandonn\u00e9s, compl\u00e8tement d\u00e9truits, et j&rsquo;ai pu faire du lightpainting avec des cierges magiques, dans les toilettes.<br \/>\nJ&rsquo;ai fait quelques photos avec un jouet que j&rsquo;avais trouv\u00e9 durant une exploration urbaine \u00e0 l&rsquo;institut abandonn\u00e9 Dor\u00e9a (\u00e0 venir prochainement).<\/p>\n<div class=\"photo-gallery-display row\">\t\t<div class=\"col-12 col-lg-12 content_gallery align-items-start justify-content-start gallery-masonry naf-pc-element mt-4 mb-4\" data-animatecss=\"fadeIn\">\n\t\t\t<div>\n\t\t\t\t\t\t\t\t<div class=\"row d-flex justify-content-center\">\n\t\t\t\t\t<div class=\"col-12 col-md-6 col-lg-4 mb-4\"><a href=\"https:\/\/www.ansermoz-photography.com\/wp-content\/gallery\/incinerator-office\/ansermoz-photography-incinerator-001.jpg\" class=\"fresco  horizontal-photo-700 h\" data-fresco-caption=\"<span>L'Incin\u00e9rateur Des Carri\u00e8res de Montr\u00e9al<\/span>\" data-fresco-group=\"slider-45\" data-fresco-group-options=\"thumbnails: false\"><img decoding=\"async\" src=\"https:\/\/www.ansermoz-photography.com\/wp-content\/gallery\/incinerator-office\/ansermoz-photography-incinerator-001.jpg\" alt=\"L'Incin\u00e9rateur Des Carri\u00e8res de Montr\u00e9al\" \/><\/a><\/div><div class=\"col-12 col-md-6 col-lg-4 mb-4\"><a href=\"https:\/\/www.ansermoz-photography.com\/wp-content\/gallery\/incinerator-office\/ansermoz-photography-incinerator-005-6-7-8-tonemapped.jpg\" class=\"fresco  horizontal-photo-700 h\" data-fresco-caption=\"<span>L'Incin\u00e9rateur Des Carri\u00e8res de Montr\u00e9al<\/span>\" data-fresco-group=\"slider-45\" data-fresco-group-options=\"thumbnails: false\"><img decoding=\"async\" src=\"https:\/\/www.ansermoz-photography.com\/wp-content\/gallery\/incinerator-office\/ansermoz-photography-incinerator-005-6-7-8-tonemapped.jpg\" alt=\"L'Incin\u00e9rateur Des Carri\u00e8res de Montr\u00e9al\" \/><\/a><\/div><div class=\"col-12 col-md-6 col-lg-4 mb-4\"><a href=\"https:\/\/www.ansermoz-photography.com\/wp-content\/gallery\/incinerator-office\/ansermoz-photography-incinerator-012-5-6-tonemapped.jpg\" class=\"fresco  horizontal-photo-700 h\" data-fresco-caption=\"<span>L'Incin\u00e9rateur Des Carri\u00e8res de Montr\u00e9al<\/span>\" data-fresco-group=\"slider-45\" data-fresco-group-options=\"thumbnails: false\"><img decoding=\"async\" src=\"https:\/\/www.ansermoz-photography.com\/wp-content\/gallery\/incinerator-office\/ansermoz-photography-incinerator-012-5-6-tonemapped.jpg\" alt=\"L'Incin\u00e9rateur Des Carri\u00e8res de Montr\u00e9al\" \/><\/a><\/div><div class=\"col-12 col-md-6 col-lg-4 mb-4\"><a href=\"https:\/\/www.ansermoz-photography.com\/wp-content\/gallery\/incinerator-office\/ansermoz-photography-incinerator-021.jpg\" class=\"fresco  horizontal-photo-700 h\" data-fresco-caption=\"<span>L'Incin\u00e9rateur Des Carri\u00e8res de Montr\u00e9al<\/span>\" data-fresco-group=\"slider-45\" data-fresco-group-options=\"thumbnails: false\"><img decoding=\"async\" src=\"https:\/\/www.ansermoz-photography.com\/wp-content\/gallery\/incinerator-office\/ansermoz-photography-incinerator-021.jpg\" alt=\"L'Incin\u00e9rateur Des Carri\u00e8res de Montr\u00e9al\" \/><\/a><\/div><div class=\"col-12 col-md-6 col-lg-4 mb-4\"><a href=\"https:\/\/www.ansermoz-photography.com\/wp-content\/gallery\/incinerator-office\/ansermoz-photography-incinerator-024-5-6-tonemapped.jpg\" class=\"fresco  horizontal-photo-700 h\" data-fresco-caption=\"<span>L'Incin\u00e9rateur Des Carri\u00e8res de Montr\u00e9al<\/span>\" data-fresco-group=\"slider-45\" data-fresco-group-options=\"thumbnails: false\"><img decoding=\"async\" src=\"https:\/\/www.ansermoz-photography.com\/wp-content\/gallery\/incinerator-office\/ansermoz-photography-incinerator-024-5-6-tonemapped.jpg\" alt=\"L'Incin\u00e9rateur Des Carri\u00e8res de Montr\u00e9al\" \/><\/a><\/div><div class=\"col-12 col-md-6 col-lg-4 mb-4\"><a href=\"https:\/\/www.ansermoz-photography.com\/wp-content\/gallery\/incinerator-office\/ansermoz-photography-incinerator-027.jpg\" class=\"fresco  horizontal-photo-700 h\" data-fresco-caption=\"<span>L'Incin\u00e9rateur Des Carri\u00e8res de Montr\u00e9al<\/span>\" data-fresco-group=\"slider-45\" data-fresco-group-options=\"thumbnails: false\"><img decoding=\"async\" src=\"https:\/\/www.ansermoz-photography.com\/wp-content\/gallery\/incinerator-office\/ansermoz-photography-incinerator-027.jpg\" alt=\"L'Incin\u00e9rateur Des Carri\u00e8res de Montr\u00e9al\" \/><\/a><\/div><div class=\"col-12 col-md-6 col-lg-4 mb-4\"><a href=\"https:\/\/www.ansermoz-photography.com\/wp-content\/gallery\/incinerator-office\/ansermoz-photography-incinerator-029.jpg\" class=\"fresco  horizontal-photo-700 h\" data-fresco-caption=\"<span>L'Incin\u00e9rateur Des Carri\u00e8res de Montr\u00e9al<\/span>\" data-fresco-group=\"slider-45\" data-fresco-group-options=\"thumbnails: false\"><img decoding=\"async\" src=\"https:\/\/www.ansermoz-photography.com\/wp-content\/gallery\/incinerator-office\/ansermoz-photography-incinerator-029.jpg\" alt=\"L'Incin\u00e9rateur Des Carri\u00e8res de Montr\u00e9al\" \/><\/a><\/div><div class=\"col-12 col-md-6 col-lg-4 mb-4\"><a href=\"https:\/\/www.ansermoz-photography.com\/wp-content\/gallery\/incinerator-office\/ansermoz-photography-incinerator-030.jpg\" class=\"fresco  horizontal-photo-700 h\" data-fresco-caption=\"<span>L'Incin\u00e9rateur Des Carri\u00e8res de Montr\u00e9al<\/span>\" data-fresco-group=\"slider-45\" data-fresco-group-options=\"thumbnails: false\"><img decoding=\"async\" src=\"https:\/\/www.ansermoz-photography.com\/wp-content\/gallery\/incinerator-office\/ansermoz-photography-incinerator-030.jpg\" alt=\"L'Incin\u00e9rateur Des Carri\u00e8res de Montr\u00e9al\" \/><\/a><\/div><div class=\"col-12 col-md-6 col-lg-4 mb-4\"><a href=\"https:\/\/www.ansermoz-photography.com\/wp-content\/gallery\/incinerator-office\/ansermoz-photography-incinerator-033.jpg\" class=\"fresco  vertical-photo vertical-photo-700 v\" data-fresco-caption=\"<span>L'Incin\u00e9rateur Des Carri\u00e8res de Montr\u00e9al<\/span>\" data-fresco-group=\"slider-45\" data-fresco-group-options=\"thumbnails: false\"><img decoding=\"async\" src=\"https:\/\/www.ansermoz-photography.com\/wp-content\/gallery\/incinerator-office\/ansermoz-photography-incinerator-033.jpg\" alt=\"L'Incin\u00e9rateur Des Carri\u00e8res de Montr\u00e9al\" \/><\/a><\/div><div class=\"col-12 col-md-6 col-lg-4 mb-4\"><a href=\"https:\/\/www.ansermoz-photography.com\/wp-content\/gallery\/incinerator-office\/ansermoz-photography-incinerator-044.jpg\" class=\"fresco  horizontal-photo-700 h\" data-fresco-caption=\"<span>L'Incin\u00e9rateur Des Carri\u00e8res de Montr\u00e9al<\/span>\" data-fresco-group=\"slider-45\" data-fresco-group-options=\"thumbnails: false\"><img decoding=\"async\" src=\"https:\/\/www.ansermoz-photography.com\/wp-content\/gallery\/incinerator-office\/ansermoz-photography-incinerator-044.jpg\" alt=\"L'Incin\u00e9rateur Des Carri\u00e8res de Montr\u00e9al\" \/><\/a><\/div><div class=\"col-12 col-md-6 col-lg-4 mb-4\"><a href=\"https:\/\/www.ansermoz-photography.com\/wp-content\/gallery\/incinerator-office\/ansermoz-photography-incinerator-050.jpg\" class=\"fresco  horizontal-photo-700 h\" data-fresco-caption=\"<span>L'Incin\u00e9rateur Des Carri\u00e8res de Montr\u00e9al<\/span><br\/>F1.8, 1\/1000 sec, 50 mm, ISO800, Canon EOS 7D\" data-fresco-group=\"slider-45\" data-fresco-group-options=\"thumbnails: false\"><img decoding=\"async\" src=\"https:\/\/www.ansermoz-photography.com\/wp-content\/gallery\/incinerator-office\/ansermoz-photography-incinerator-050.jpg\" alt=\"L'Incin\u00e9rateur Des Carri\u00e8res de Montr\u00e9al\" \/><\/a><\/div><div class=\"col-12 col-md-6 col-lg-4 mb-4\"><a href=\"https:\/\/www.ansermoz-photography.com\/wp-content\/gallery\/incinerator-office\/ansermoz-photography-incinerator-054.jpg\" class=\"fresco  vertical-photo vertical-photo-700 v\" data-fresco-caption=\"<span>L'Incin\u00e9rateur Des Carri\u00e8res de Montr\u00e9al<\/span>\" data-fresco-group=\"slider-45\" data-fresco-group-options=\"thumbnails: false\"><img decoding=\"async\" src=\"https:\/\/www.ansermoz-photography.com\/wp-content\/gallery\/incinerator-office\/ansermoz-photography-incinerator-054.jpg\" alt=\"L'Incin\u00e9rateur Des Carri\u00e8res de Montr\u00e9al\" \/><\/a><\/div>\t\t\t\t<\/div>\n\t\t\t\t\t\t\t<\/div>\n\t\t<\/div>\n\t\t<\/div>\n<p>J&rsquo;esp\u00e8re que vous aimez les images!<\/p>\n<p>Prenez soin de vous et prenez des photos!<\/p>\n<p>Livres et lectures int\u00e9ressantes:<br \/>\n<i>Neewer YONGNUO Black RT-600 Off-Camera TTL Flash Cord Trigger Set for Canon<\/i><br \/>\n<i>Light It, Shoot It, Retouch It: Learn Step by Step How to Go from Empty Studio to Finished Image, Scott Kelby<\/i><br \/>\n<i>Photographing Shadow and Light: Inside the Dramatic Lighting Techniques and Creative Vision of Portrait Photographer Joey L.<\/i><br \/>\n<i>Street and Studio, Ute Eskildsen<\/i><\/p>\n<p>NOTE IMPORTANTE:<br \/>\nL\u2019exploration urbaine peut \u00eatre dangereuse et ill\u00e9gale, alors fa\u00eetes attention si vous visitez ces lieux abandonn\u00e9s. Nous ne vous encourageons pas \u00e0 les explorer, mais si vous le fa\u00eetes, veuillez s\u2019il vous plait respecter ces lieux anciens.<br \/>\nVous entrez \u00e0 vos risques et p\u00e9rils!<\/p>\n<\/div>","protected":false},"excerpt":{"rendered":"<p>Bonjour amis photographes et explorateurs urbains. Trois nouvelles sessions dans l&rsquo;incin\u00e9rateur abandonn\u00e9 de Montr\u00e9al, datant d&rsquo;il y a quelques mois. Appel\u00e9 Incin\u00e9rateur des Carri\u00e8res, il est aussi connu sous le nom de l&rsquo;incin\u00e9rateur num\u00e9ro 3. La premi\u00e8re s\u00e9rie de photos fut lorsque je suis all\u00e9 dans le b\u00e2timent, de nuit, pour exp\u00e9rimenter quelques photos et mises en lumi\u00e8re. J&rsquo;avais achet\u00e9 au magasin Dolorama quelques lumi\u00e8res de couleur (bleu, vert, rouge et blanc) pour tr\u00e8s peu cher, afin d&rsquo;essayer du lightpainting &hellip;<\/p>\n","protected":false},"author":1,"featured_media":358,"comment_status":"open","ping_status":"open","sticky":false,"template":"","format":"standard","meta":{"_acf_changed":false,"footnotes":""},"categories":[4],"tags":[147,118,221,222,31,138,137,173],"class_list":["post-266","post","type-post","status-publish","format-standard","has-post-thumbnail","hentry","category-what","tag-abandoned-places","tag-canada","tag-incinerator","tag-incinerator-des-carrieres","tag-montreal","tag-urban-exploration","tag-urban-photography","tag-urbex"],"acf":[],"_links":{"self":[{"href":"https:\/\/www.ansermoz-photography.com\/fr\/wp-json\/wp\/v2\/posts\/266","targetHints":{"allow":["GET"]}}],"collection":[{"href":"https:\/\/www.ansermoz-photography.com\/fr\/wp-json\/wp\/v2\/posts"}],"about":[{"href":"https:\/\/www.ansermoz-photography.com\/fr\/wp-json\/wp\/v2\/types\/post"}],"author":[{"embeddable":true,"href":"https:\/\/www.ansermoz-photography.com\/fr\/wp-json\/wp\/v2\/users\/1"}],"replies":[{"embeddable":true,"href":"https:\/\/www.ansermoz-photography.com\/fr\/wp-json\/wp\/v2\/comments?post=266"}],"version-history":[{"count":0,"href":"https:\/\/www.ansermoz-photography.com\/fr\/wp-json\/wp\/v2\/posts\/266\/revisions"}],"wp:featuredmedia":[{"embeddable":true,"href":"https:\/\/www.ansermoz-photography.com\/fr\/wp-json\/wp\/v2\/media\/358"}],"wp:attachment":[{"href":"https:\/\/www.ansermoz-photography.com\/fr\/wp-json\/wp\/v2\/media?parent=266"}],"wp:term":[{"taxonomy":"category","embeddable":true,"href":"https:\/\/www.ansermoz-photography.com\/fr\/wp-json\/wp\/v2\/categories?post=266"},{"taxonomy":"post_tag","embeddable":true,"href":"https:\/\/www.ansermoz-photography.com\/fr\/wp-json\/wp\/v2\/tags?post=266"}],"curies":[{"name":"wp","href":"https:\/\/api.w.org\/{rel}","templated":true}]}}