{"id":283,"date":"2013-05-14T00:19:40","date_gmt":"2013-05-14T04:19:40","guid":{"rendered":""},"modified":"2014-12-11T19:51:02","modified_gmt":"2014-12-11T23:51:02","slug":"honourable-mention-in-photography-canadian-wildlife-federation","status":"publish","type":"post","link":"https:\/\/www.ansermoz-photography.com\/fr\/quoi\/mention-honorable-en-photographie-federation-canadienne-de-la-faune\/","title":{"rendered":"Mention Honorable en Photographie &#8211; F\u00e9d\u00e9ration Canadienne de la Faune"},"content":{"rendered":"<div class=\"the-content\"><p>Bonjour photographes de la vie sauvage et amoureux de la Nature,<\/p>\n<p>Aujourd`hui je suis heureux et comme fier de dire que j&rsquo;ai re\u00e7u pour la premi\u00e8re fois, deux mentions honorables en photographie de la part d&rsquo;un site web pour mes photos!<br \/>\nDeux photos envoy\u00e9es, deux mentions re\u00e7ues!<br \/>\nCe fut pour la <strong>F\u00e9d\u00e9ration Canadienne de la Faune<\/strong>, un bel organisme qui prot\u00e8ge la faune et la Nature, et qui informe les gens sur comment la respecter.<br \/>\nIls travaillent dur pour cela et font du tr\u00e8s bon travail au Canada. Ils ont des salons, des \u00e9v\u00e8nements, des concours photo et beaucoup d&rsquo;autres activit\u00e9s pour promouvoir leurs actions.<br \/>\nVous pouvez jeter un \u0153il \u00e0 leur site web pour en savoir plus <a href=\"https:\/\/cwf-fcf.org\/fr\/\" title=\"F\u00e9d\u00e9ration Canadienne de la Faune\" target=\"_blank\" rel=\"nofollow\">https:\/\/cwf-fcf.org\/fr\/<\/a><\/p>\n<p>J&rsquo;esp\u00e8re que vous aimerez leur site ainsi que mes photos.<\/p>\n<p>The photo contests were the followings.<\/p>\n<p><strong>Avril: Perfect Pathways:<\/strong><br \/>\nWhich paths do you wander when you\u2019re outside? In April CWF Walks for Wildlife so share the trails, parks and sidewalks that get you excited about being outside. Including family, friends and pets in your shot is a great addition!<\/p>\n<p><a href=\"https:\/\/ansermoz-photography.com\/medias\/ansermoz-photography-canadian-wildlife-trails-700px.jpg\" class=\"fresco\" data-fresco-caption=\"\" data-fresco-options=\"thumbnails:false\"  class=\"thickbox\"><img loading=\"lazy\" decoding=\"async\" src=\"https:\/\/ansermoz-photography.com\/medias\/ansermoz-photography-canadian-wildlife-trails-700px.jpg\" alt=\"hiker and dog on trail on mountain\" width=\"467\" height=\"700\" class=\"aligncenter size-full wp-image-286\" srcset=\"https:\/\/www.ansermoz-photography.com\/medias\/ansermoz-photography-canadian-wildlife-trails-700px.jpg 467w, https:\/\/www.ansermoz-photography.com\/medias\/ansermoz-photography-canadian-wildlife-trails-700px-128x192.jpg 128w\" sizes=\"auto, (max-width: 467px) 100vw, 467px\" \/><\/a><i class=\"aligncenter\">Mon amie Min et son chien Billy, sur Fairview Mountain, Alberta<\/i><\/p>\n<p><a href=\"https:\/\/ansermoz-photography.com\/medias\/Ansermoz-Photography-honorable-mention-perfect.jpg\" class=\"fresco\" data-fresco-caption=\"\" data-fresco-options=\"thumbnails:false\"  class=\"thickbox\"><br \/>\n<img loading=\"lazy\" decoding=\"async\" src=\"https:\/\/ansermoz-photography.com\/medias\/Ansermoz-Photography-honorable-mention-perfect-100x100.jpg\" alt=\"ansermoz photography honorable mention perfect path\" width=\"100\" height=\"100\" class=\"aligncenter size-thumbnail wp-image-284\" \/><\/a><\/p>\n<p><strong>Mars: Wonderful Wildlife<\/strong><\/p>\n<p><a href=\"https:\/\/ansermoz-photography.com\/medias\/Frederic-Ansermoz-Racoon-Portrait-Canadian-Wildlife-Federation-700px.jpg\" class=\"fresco\" data-fresco-caption=\"\" data-fresco-options=\"thumbnails:false\"  class=\"thickbox\"><img loading=\"lazy\" decoding=\"async\" src=\"https:\/\/ansermoz-photography.com\/medias\/Frederic-Ansermoz-Racoon-Portrait-Canadian-Wildlife-Federation-700px.jpg\" alt=\"raccon chewing portrait\" width=\"700\" height=\"467\" class=\"aligncenter size-full wp-image-287\" srcset=\"https:\/\/www.ansermoz-photography.com\/medias\/Frederic-Ansermoz-Racoon-Portrait-Canadian-Wildlife-Federation-700px.jpg 700w, https:\/\/www.ansermoz-photography.com\/medias\/Frederic-Ansermoz-Racoon-Portrait-Canadian-Wildlife-Federation-700px-287x192.jpg 287w\" sizes=\"auto, (max-width: 700px) 100vw, 700px\" \/><\/a><i class=\"aligncenter\">Portrait de raton laveur, en train de prier ou de m\u00e2cher une branche<\/i><\/p>\n<p><a href=\"https:\/\/ansermoz-photography.com\/medias\/Ansermoz-Photography-honorable-mention-wildlife.jpg\" class=\"fresco\" data-fresco-caption=\"\" data-fresco-options=\"thumbnails:false\"  class=\"thickbox\"><br \/>\n<img loading=\"lazy\" decoding=\"async\" src=\"https:\/\/ansermoz-photography.com\/medias\/Ansermoz-Photography-honorable-mention-wildlife-100x100.jpg\" alt=\"Ansermoz Photography Honorable mention Wildlife\" width=\"100\" height=\"100\" class=\"aligncenter size-thumbnail wp-image-285\" \/><\/a><\/p>\n<p>Ils m&rsquo;ont \u00e9galement cit\u00e9 sur leur <a href=\"https:\/\/www.facebook.com\/CanadianWildlifeFederation\" title=\"CWF Facebook\" target=\"_blank\" rel=\"nofollow\">page Facebook<\/a> et deux autres sites!<\/p>\n<div class=\"ngg-galleryoverview\">\n<div style=\"width:33%;\" class=\"ngg-gallery-thumbnail-box\" id=\"ngg-image1\">\n<div class=\"ngg-gallery-thumbnail\"><a href=\"https:\/\/ansermoz-photography.com\/medias\/ansermoz-photography-raccon-chewing-facebook-cwf.jpg\" class=\"fresco\" data-fresco-caption=\"\" data-fresco-options=\"thumbnails:false\"  class=\"thickbox\"><img loading=\"lazy\" decoding=\"async\" src=\"https:\/\/ansermoz-photography.com\/medias\/ansermoz-photography-raccon-chewing-facebook-cwf-100x100.jpg\" alt=\"cwf-facebook\" width=\"100\" height=\"100\" class=\"aligncenter size-thumbnail wp-image-288\" \/><\/a><\/div>\n<\/div>\n<div style=\"width:33%;\" class=\"ngg-gallery-thumbnail-box\" id=\"ngg-image-2\">\n<div class=\"ngg-gallery-thumbnail\"> <a href=\"https:\/\/ansermoz-photography.com\/medias\/ansermoz-photography-raccon-chewing-facebook-faune-flore.jpg\" class=\"fresco\" data-fresco-caption=\"\" data-fresco-options=\"thumbnails:false\"  class=\"thickbox\"><img loading=\"lazy\" decoding=\"async\" src=\"https:\/\/ansermoz-photography.com\/medias\/ansermoz-photography-raccon-chewing-facebook-faune-flore-100x100.jpg\" alt=\"ansermoz-photography-raccon-chewing-facebook-faune-flore\" width=\"100\" height=\"100\" class=\"aligncenter size-thumbnail wp-image-289\" \/><\/a><\/div>\n<\/div>\n<div style=\"width:33%;\" class=\"ngg-gallery-thumbnail-box\" id=\"ngg-image-3\">\n<div class=\"ngg-gallery-thumbnail\"><a href=\"https:\/\/ansermoz-photography.com\/medias\/ansermoz-photography-raccon-chewing-facebook-hinterland.jpg\" class=\"fresco\" data-fresco-caption=\"\" data-fresco-options=\"thumbnails:false\"  class=\"thickbox\"><img loading=\"lazy\" decoding=\"async\" src=\"https:\/\/ansermoz-photography.com\/medias\/ansermoz-photography-raccon-chewing-facebook-hinterland-100x100.jpg\" alt=\"ansermoz-photography-raccon-chewing-facebook-hinterland\" width=\"100\" height=\"100\" class=\"aligncenter size-thumbnail wp-image-290\" \/><\/a><\/div>\n<\/div>\n<\/div>\n<p>Si vous \u00eates int\u00e9ress\u00e9s par la protection de la Nature et de la faune, voici quelques livres et DVD \/ Blu-rays qui pourraient \u00eatre int\u00e9ressants.<\/p>\n<p><i>Planet Earth: The Complete Series (Special Edition), David Attenborough<\/i><br \/>\n<i>Nature&rsquo;s Most Amazing Events, David Attenborough<\/i><br \/>\n<i>Wildlife Search and Rescue: A Guide for First Responders, Rebecca Dmytryk<\/i><br \/>\n<i>Working for Wildlife: The Beginning of Preservation in Canada, Janet Foster<\/i><br \/>\n<i>States of Nature: Conserving Canada&rsquo;s Wildlife in the Twentieth Century, Tina Loo<\/i><br \/>\n<i>National Geographic Guide to the National Parks of Canada, National Geographic<\/i><br \/>\n<i>Protect Nature, Kay Barnham<\/i><br \/>\n<i>Think Big &#8211; Protecting Natural Systems in the Rocky Mountains, Doug M.<\/i><br \/>\n<i> Protecting Food Chains, Heidi Moore<\/i><br \/>\n<i> Protecting Nature: Organizations and Networks in Europe and the USA, Kris Van Koppen and William T. Markham<\/i><\/p>\n<\/div>","protected":false},"excerpt":{"rendered":"<p>Bonjour photographes de la vie sauvage et amoureux de la Nature, Aujourd`hui je suis heureux et comme fier de dire que j&rsquo;ai re\u00e7u pour la premi\u00e8re fois, deux mentions honorables en photographie de la part d&rsquo;un site web pour mes photos! Deux photos envoy\u00e9es, deux mentions re\u00e7ues! Ce fut pour la F\u00e9d\u00e9ration Canadienne de la Faune, un bel organisme qui prot\u00e8ge la faune et la Nature, et qui informe les gens sur comment la respecter. Ils travaillent dur pour cela &hellip;<\/p>\n","protected":false},"author":1,"featured_media":291,"comment_status":"open","ping_status":"open","sticky":false,"template":"","format":"standard","meta":{"_acf_changed":false,"footnotes":""},"categories":[4],"tags":[231,230,232,233,15],"class_list":["post-283","post","type-post","status-publish","format-standard","has-post-thumbnail","hentry","category-what","tag-canadian-wildlife-federation","tag-cwf","tag-honourable-mention","tag-photography-contest","tag-wildlife"],"acf":[],"_links":{"self":[{"href":"https:\/\/www.ansermoz-photography.com\/fr\/wp-json\/wp\/v2\/posts\/283","targetHints":{"allow":["GET"]}}],"collection":[{"href":"https:\/\/www.ansermoz-photography.com\/fr\/wp-json\/wp\/v2\/posts"}],"about":[{"href":"https:\/\/www.ansermoz-photography.com\/fr\/wp-json\/wp\/v2\/types\/post"}],"author":[{"embeddable":true,"href":"https:\/\/www.ansermoz-photography.com\/fr\/wp-json\/wp\/v2\/users\/1"}],"replies":[{"embeddable":true,"href":"https:\/\/www.ansermoz-photography.com\/fr\/wp-json\/wp\/v2\/comments?post=283"}],"version-history":[{"count":0,"href":"https:\/\/www.ansermoz-photography.com\/fr\/wp-json\/wp\/v2\/posts\/283\/revisions"}],"wp:featuredmedia":[{"embeddable":true,"href":"https:\/\/www.ansermoz-photography.com\/fr\/wp-json\/wp\/v2\/media\/291"}],"wp:attachment":[{"href":"https:\/\/www.ansermoz-photography.com\/fr\/wp-json\/wp\/v2\/media?parent=283"}],"wp:term":[{"taxonomy":"category","embeddable":true,"href":"https:\/\/www.ansermoz-photography.com\/fr\/wp-json\/wp\/v2\/categories?post=283"},{"taxonomy":"post_tag","embeddable":true,"href":"https:\/\/www.ansermoz-photography.com\/fr\/wp-json\/wp\/v2\/tags?post=283"}],"curies":[{"name":"wp","href":"https:\/\/api.w.org\/{rel}","templated":true}]}}