{"id":335,"date":"2014-01-12T18:35:42","date_gmt":"2014-01-12T22:35:42","guid":{"rendered":"https:\/\/ansermoz-photography.com\/?p=335"},"modified":"2014-10-13T04:08:12","modified_gmt":"2014-10-13T08:08:12","slug":"the-former-cardinal-brewery-fribourg","status":"publish","type":"post","link":"https:\/\/www.ansermoz-photography.com\/fr\/quoi\/ancienne-brasserie-du-cardinal-fribourg\/","title":{"rendered":"L&rsquo;Ancienne Brasserie Du Cardinal &#8211; Fribourg"},"content":{"rendered":"<div class=\"the-content\"><p>L&rsquo;Ancienne Brasserie Du Cardinal de Fribourg, Suisse, fut cr\u00e9\u00e9e en 1788 par Fran\u00e7ois Piller. Propri\u00e9taire de l\u2019auberge \u00abZum Lachs\u00bb, situ\u00e9e pr\u00e8s de la Porte de Berne \u00e0 Fribourg, il d\u00e9cide de faire construire une brasserie pour son fils, fra\u00eechement dipl\u00f4m\u00e9 ma\u00eetre brasseur bavarois. Fran\u00e7ois Piller fait ainsi figure de pr\u00e9curseur, car jusque-l\u00e0, seules les paysannes, puis les moines, brassaient la bi\u00e8re, avec les c\u00e9r\u00e9ales r\u00e9colt\u00e9es.<\/p>\n<div class=\"photo-gallery-display row\">\t\t<div class=\"col-12 col-lg-12 content_gallery align-items-start justify-content-start gallery-masonry naf-pc-element mt-4 mb-4\" data-animatecss=\"fadeIn\">\n\t\t\t<div>\n\t\t\t\t\t\t\t\t<div class=\"row d-flex justify-content-center\">\n\t\t\t\t\t<div class=\"col-12 col-md-6 col-lg-4 mb-4\"><a href=\"https:\/\/www.ansermoz-photography.com\/wp-content\/gallery\/brasserie-du-cardinal-1\/brasserie-cardinal-001.jpg\" class=\"fresco  horizontal-photo-700 h\" data-fresco-caption=\"<span>Brasserie cardinal 001<\/span><br\/>F14, 1\/200 sec, 12 mm, ISO200, Canon EOS 7D\" data-fresco-group=\"slider-67\" data-fresco-group-options=\"thumbnails: false\"><img decoding=\"async\" src=\"https:\/\/www.ansermoz-photography.com\/wp-content\/gallery\/brasserie-du-cardinal-1\/brasserie-cardinal-001.jpg\" alt=\"Brasserie cardinal 001\" \/><\/a><\/div><div class=\"col-12 col-md-6 col-lg-4 mb-4\"><a href=\"https:\/\/www.ansermoz-photography.com\/wp-content\/gallery\/brasserie-du-cardinal-1\/brasserie-cardinal-007.jpg\" class=\"fresco  horizontal-photo-700 h\" data-fresco-caption=\"<span>Brasserie cardinal 007<\/span><br\/>F8, 1\/250 sec, 50 mm, ISO100, Canon EOS 400D DIGITAL\" data-fresco-group=\"slider-67\" data-fresco-group-options=\"thumbnails: false\"><img decoding=\"async\" src=\"https:\/\/www.ansermoz-photography.com\/wp-content\/gallery\/brasserie-du-cardinal-1\/brasserie-cardinal-007.jpg\" alt=\"Brasserie cardinal 007\" \/><\/a><\/div><div class=\"col-12 col-md-6 col-lg-4 mb-4\"><a href=\"https:\/\/www.ansermoz-photography.com\/wp-content\/gallery\/brasserie-du-cardinal-1\/brasserie-cardinal-035.jpg\" class=\"fresco  horizontal-photo-700 h\" data-fresco-caption=\"<span>Brasserie cardinal 035<\/span><br\/>F1.8, 1\/640 sec, 50 mm, ISO800, Canon EOS 400D DIGITAL\" data-fresco-group=\"slider-67\" data-fresco-group-options=\"thumbnails: false\"><img decoding=\"async\" src=\"https:\/\/www.ansermoz-photography.com\/wp-content\/gallery\/brasserie-du-cardinal-1\/brasserie-cardinal-035.jpg\" alt=\"Brasserie cardinal 035\" \/><\/a><\/div><div class=\"col-12 col-md-6 col-lg-4 mb-4\"><a href=\"https:\/\/www.ansermoz-photography.com\/wp-content\/gallery\/brasserie-du-cardinal-1\/brasserie-cardinal-070.jpg\" class=\"fresco  horizontal-photo-700 h\" data-fresco-caption=\"<span>Brasserie cardinal 070<\/span><br\/>F1.8, 1\/2000 sec, 50 mm, ISO800, Canon EOS 400D DIGITAL\" data-fresco-group=\"slider-67\" data-fresco-group-options=\"thumbnails: false\"><img decoding=\"async\" src=\"https:\/\/www.ansermoz-photography.com\/wp-content\/gallery\/brasserie-du-cardinal-1\/brasserie-cardinal-070.jpg\" alt=\"Brasserie cardinal 070\" \/><\/a><\/div><div class=\"col-12 col-md-6 col-lg-4 mb-4\"><a href=\"https:\/\/www.ansermoz-photography.com\/wp-content\/gallery\/brasserie-du-cardinal-1\/brasserie-cardinal-072.jpg\" class=\"fresco  horizontal-photo-700 h\" data-fresco-caption=\"<span>Brasserie cardinal 072<\/span><br\/>F1.8, 1\/500 sec, 50 mm, ISO800, Canon EOS 400D DIGITAL\" data-fresco-group=\"slider-67\" data-fresco-group-options=\"thumbnails: false\"><img decoding=\"async\" src=\"https:\/\/www.ansermoz-photography.com\/wp-content\/gallery\/brasserie-du-cardinal-1\/brasserie-cardinal-072.jpg\" alt=\"Brasserie cardinal 072\" \/><\/a><\/div><div class=\"col-12 col-md-6 col-lg-4 mb-4\"><a href=\"https:\/\/www.ansermoz-photography.com\/wp-content\/gallery\/brasserie-du-cardinal-1\/brasserie-cardinal-086.jpg\" class=\"fresco  horizontal-photo-700 h\" data-fresco-caption=\"<span>Brasserie cardinal 086<\/span><br\/>F1.8, 1\/400 sec, 50 mm, ISO800, Canon EOS 400D DIGITAL\" data-fresco-group=\"slider-67\" data-fresco-group-options=\"thumbnails: false\"><img decoding=\"async\" src=\"https:\/\/www.ansermoz-photography.com\/wp-content\/gallery\/brasserie-du-cardinal-1\/brasserie-cardinal-086.jpg\" alt=\"Brasserie cardinal 086\" \/><\/a><\/div><div class=\"col-12 col-md-6 col-lg-4 mb-4\"><a href=\"https:\/\/www.ansermoz-photography.com\/wp-content\/gallery\/brasserie-du-cardinal-1\/brasserie-cardinal-090b.jpg\" class=\"fresco  horizontal-photo-700 h\" data-fresco-caption=\"<span>Brasserie cardinal 090b<\/span><br\/>F4, 1\/250 sec, 10 mm, ISO400, Canon EOS 7D\" data-fresco-group=\"slider-67\" data-fresco-group-options=\"thumbnails: false\"><img decoding=\"async\" src=\"https:\/\/www.ansermoz-photography.com\/wp-content\/gallery\/brasserie-du-cardinal-1\/brasserie-cardinal-090b.jpg\" alt=\"Brasserie cardinal 090b\" \/><\/a><\/div>\t\t\t\t<\/div>\n\t\t\t\t\t\t\t<\/div>\n\t\t<\/div>\n\t\t<\/div>\n<p>De 1802 \u00e0 1877, la brasserie de Fribourg change de propri\u00e9taires plusieurs fois, avant d\u2019\u00eatre reprise par Paul-Alcide Blancpain. Il permet \u00e0 la brasserie de faire un bond en avant commercialement et l\u2019accompagne tout au long du d\u00e9veloppement de l\u2019industrie brassicole naissante. La brasserie est prim\u00e9e pour son art du brassage, dans plusieurs expositions renomm\u00e9es.<\/p>\n<div class=\"photo-gallery-display row\">\t\t<div class=\"col-12 col-lg-12 content_gallery align-items-start justify-content-start gallery-masonry naf-pc-element mt-4 mb-4\" data-animatecss=\"fadeIn\">\n\t\t\t<div>\n\t\t\t\t\t\t\t\t<div class=\"row d-flex justify-content-center\">\n\t\t\t\t\t<div class=\"col-12 col-md-6 col-lg-4 mb-4\"><a href=\"https:\/\/www.ansermoz-photography.com\/wp-content\/gallery\/brasserie-du-cardinal-2\/brasserie-cardinal-102.jpg\" class=\"fresco  horizontal-photo-700 h\" data-fresco-caption=\"<span>Brasserie cardinal 102<\/span><br\/>F5, 1\/40 sec, 50 mm, ISO800, Canon EOS 400D DIGITAL\" data-fresco-group=\"slider-68\" data-fresco-group-options=\"thumbnails: false\"><img decoding=\"async\" src=\"https:\/\/www.ansermoz-photography.com\/wp-content\/gallery\/brasserie-du-cardinal-2\/brasserie-cardinal-102.jpg\" alt=\"Brasserie cardinal 102\" \/><\/a><\/div><div class=\"col-12 col-md-6 col-lg-4 mb-4\"><a href=\"https:\/\/www.ansermoz-photography.com\/wp-content\/gallery\/brasserie-du-cardinal-2\/brasserie-cardinal-105.jpg\" class=\"fresco  horizontal-photo-700 h\" data-fresco-caption=\"<span>Brasserie cardinal 105<\/span><br\/>F5, 1\/20 sec, 15 mm, ISO800, Canon EOS 7D\" data-fresco-group=\"slider-68\" data-fresco-group-options=\"thumbnails: false\"><img decoding=\"async\" src=\"https:\/\/www.ansermoz-photography.com\/wp-content\/gallery\/brasserie-du-cardinal-2\/brasserie-cardinal-105.jpg\" alt=\"Brasserie cardinal 105\" \/><\/a><\/div><div class=\"col-12 col-md-6 col-lg-4 mb-4\"><a href=\"https:\/\/www.ansermoz-photography.com\/wp-content\/gallery\/brasserie-du-cardinal-2\/brasserie-cardinal-121.jpg\" class=\"fresco  horizontal-photo-700 h\" data-fresco-caption=\"<span>Brasserie cardinal 121<\/span><br\/>F2.2, 1\/400 sec, 50 mm, ISO800, Canon EOS 400D DIGITAL\" data-fresco-group=\"slider-68\" data-fresco-group-options=\"thumbnails: false\"><img decoding=\"async\" src=\"https:\/\/www.ansermoz-photography.com\/wp-content\/gallery\/brasserie-du-cardinal-2\/brasserie-cardinal-121.jpg\" alt=\"Brasserie cardinal 121\" \/><\/a><\/div><div class=\"col-12 col-md-6 col-lg-4 mb-4\"><a href=\"https:\/\/www.ansermoz-photography.com\/wp-content\/gallery\/brasserie-du-cardinal-2\/brasserie-cardinal-128.jpg\" class=\"fresco  horizontal-photo-700 h\" data-fresco-caption=\"<span>Brasserie cardinal 128<\/span><br\/>F2.2, 1\/400 sec, 50 mm, ISO800, Canon EOS 400D DIGITAL\" data-fresco-group=\"slider-68\" data-fresco-group-options=\"thumbnails: false\"><img decoding=\"async\" src=\"https:\/\/www.ansermoz-photography.com\/wp-content\/gallery\/brasserie-du-cardinal-2\/brasserie-cardinal-128.jpg\" alt=\"Brasserie cardinal 128\" \/><\/a><\/div><div class=\"col-12 col-md-6 col-lg-4 mb-4\"><a href=\"https:\/\/www.ansermoz-photography.com\/wp-content\/gallery\/brasserie-du-cardinal-2\/brasserie-cardinal-94.jpg\" class=\"fresco  horizontal-photo-700 h\" data-fresco-caption=\"<span>Brasserie cardinal 94<\/span><br\/>F5, 1\/40 sec, 50 mm, ISO800, Canon EOS 400D DIGITAL\" data-fresco-group=\"slider-68\" data-fresco-group-options=\"thumbnails: false\"><img decoding=\"async\" src=\"https:\/\/www.ansermoz-photography.com\/wp-content\/gallery\/brasserie-du-cardinal-2\/brasserie-cardinal-94.jpg\" alt=\"Brasserie cardinal 94\" \/><\/a><\/div>\t\t\t\t<\/div>\n\t\t\t\t\t\t\t<\/div>\n\t\t<\/div>\n\t\t<\/div>\n<p>En 1890, pour la premi\u00e8re fois, un \u00e9v\u00eaque de Fribourg est nomm\u00e9 cardinal par le Pape. Afin de marquer la solennit\u00e9 de cette nomination, la Brasserie Blancpain brasse une bi\u00e8re de f\u00eate, la Cardinal. Celle-ci rencontre un grand succ\u00e8s et Paul Blancpain d\u00e9cide de donner le nom de cette bi\u00e8re exceptionnelle \u00e0 sa brasserie: Brasserie du Cardinal.<\/p>\n<div class=\"photo-gallery-display row\">\t\t<div class=\"col-12 col-lg-12 content_gallery align-items-start justify-content-start gallery-masonry naf-pc-element mt-4 mb-4\" data-animatecss=\"fadeIn\">\n\t\t\t<div>\n\t\t\t\t\t\t\t\t<div class=\"row d-flex justify-content-center\">\n\t\t\t\t\t<div class=\"col-12 col-md-6 col-lg-4 mb-4\"><a href=\"https:\/\/www.ansermoz-photography.com\/wp-content\/gallery\/brasserie-du-cardinal-3\/brasserie-cardinal-170b.jpg\" class=\"fresco  horizontal-photo-700 h\" data-fresco-caption=\"<span>Brasserie cardinal 170b<\/span><br\/>F8, 1\/80 sec, 11 mm, ISO400, Canon EOS 7D\" data-fresco-group=\"slider-69\" data-fresco-group-options=\"thumbnails: false\"><img decoding=\"async\" src=\"https:\/\/www.ansermoz-photography.com\/wp-content\/gallery\/brasserie-du-cardinal-3\/brasserie-cardinal-170b.jpg\" alt=\"Brasserie cardinal 170b\" \/><\/a><\/div><div class=\"col-12 col-md-6 col-lg-4 mb-4\"><a href=\"https:\/\/www.ansermoz-photography.com\/wp-content\/gallery\/brasserie-du-cardinal-3\/brasserie-cardinal-173.jpg\" class=\"fresco  horizontal-photo-700 h\" data-fresco-caption=\"<span>Brasserie cardinal 173<\/span><br\/>F1.8, 1\/30 sec, 50 mm, ISO800, Canon EOS 400D DIGITAL\" data-fresco-group=\"slider-69\" data-fresco-group-options=\"thumbnails: false\"><img decoding=\"async\" src=\"https:\/\/www.ansermoz-photography.com\/wp-content\/gallery\/brasserie-du-cardinal-3\/brasserie-cardinal-173.jpg\" alt=\"Brasserie cardinal 173\" \/><\/a><\/div><div class=\"col-12 col-md-6 col-lg-4 mb-4\"><a href=\"https:\/\/www.ansermoz-photography.com\/wp-content\/gallery\/brasserie-du-cardinal-3\/brasserie-cardinal-199b.jpg\" class=\"fresco  horizontal-photo-700 h\" data-fresco-caption=\"<span>Brasserie cardinal 199b<\/span><br\/>F8, 1\/30 sec, 10 mm, ISO800, Canon EOS 7D\" data-fresco-group=\"slider-69\" data-fresco-group-options=\"thumbnails: false\"><img decoding=\"async\" src=\"https:\/\/www.ansermoz-photography.com\/wp-content\/gallery\/brasserie-du-cardinal-3\/brasserie-cardinal-199b.jpg\" alt=\"Brasserie cardinal 199b\" \/><\/a><\/div><div class=\"col-12 col-md-6 col-lg-4 mb-4\"><a href=\"https:\/\/www.ansermoz-photography.com\/wp-content\/gallery\/brasserie-du-cardinal-3\/brasserie-cardinal-207.jpg\" class=\"fresco  horizontal-photo-700 h\" data-fresco-caption=\"<span>Brasserie cardinal 207<\/span><br\/>F1.8, 1\/400 sec, 50 mm, ISO800, Canon EOS 400D DIGITAL\" data-fresco-group=\"slider-69\" data-fresco-group-options=\"thumbnails: false\"><img decoding=\"async\" src=\"https:\/\/www.ansermoz-photography.com\/wp-content\/gallery\/brasserie-du-cardinal-3\/brasserie-cardinal-207.jpg\" alt=\"Brasserie cardinal 207\" \/><\/a><\/div><div class=\"col-12 col-md-6 col-lg-4 mb-4\"><a href=\"https:\/\/www.ansermoz-photography.com\/wp-content\/gallery\/brasserie-du-cardinal-3\/brasserie-cardinal-208.jpg\" class=\"fresco  horizontal-photo-700 h\" data-fresco-caption=\"<span>Brasserie cardinal 208<\/span><br\/>F8, 1\/100 sec, 10 mm, ISO800, Canon EOS 7D\" data-fresco-group=\"slider-69\" data-fresco-group-options=\"thumbnails: false\"><img decoding=\"async\" src=\"https:\/\/www.ansermoz-photography.com\/wp-content\/gallery\/brasserie-du-cardinal-3\/brasserie-cardinal-208.jpg\" alt=\"Brasserie cardinal 208\" \/><\/a><\/div><div class=\"col-12 col-md-6 col-lg-4 mb-4\"><a href=\"https:\/\/www.ansermoz-photography.com\/wp-content\/gallery\/brasserie-du-cardinal-3\/brasserie-cardinal-211.jpg\" class=\"fresco  horizontal-photo-700 h\" data-fresco-caption=\"<span>Brasserie cardinal 211<\/span><br\/>F1.8, 1\/60 sec, 50 mm, ISO800, Canon EOS 400D DIGITAL\" data-fresco-group=\"slider-69\" data-fresco-group-options=\"thumbnails: false\"><img decoding=\"async\" src=\"https:\/\/www.ansermoz-photography.com\/wp-content\/gallery\/brasserie-du-cardinal-3\/brasserie-cardinal-211.jpg\" alt=\"Brasserie cardinal 211\" \/><\/a><\/div><div class=\"col-12 col-md-6 col-lg-4 mb-4\"><a href=\"https:\/\/www.ansermoz-photography.com\/wp-content\/gallery\/brasserie-du-cardinal-3\/brasserie-cardinal-232.jpg\" class=\"fresco  horizontal-photo-700 h\" data-fresco-caption=\"<span>Brasserie cardinal 232<\/span><br\/>F1.8, 1\/130 sec, 50 mm, ISO800, Canon EOS 400D DIGITAL\" data-fresco-group=\"slider-69\" data-fresco-group-options=\"thumbnails: false\"><img decoding=\"async\" src=\"https:\/\/www.ansermoz-photography.com\/wp-content\/gallery\/brasserie-du-cardinal-3\/brasserie-cardinal-232.jpg\" alt=\"Brasserie cardinal 232\" \/><\/a><\/div><div class=\"col-12 col-md-6 col-lg-4 mb-4\"><a href=\"https:\/\/www.ansermoz-photography.com\/wp-content\/gallery\/brasserie-du-cardinal-3\/brasserie-cardinal-233.jpg\" class=\"fresco  horizontal-photo-700 h\" data-fresco-caption=\"<span>Brasserie cardinal 233<\/span><br\/>F1.8, 1\/130 sec, 50 mm, ISO800, Canon EOS 400D DIGITAL\" data-fresco-group=\"slider-69\" data-fresco-group-options=\"thumbnails: false\"><img decoding=\"async\" src=\"https:\/\/www.ansermoz-photography.com\/wp-content\/gallery\/brasserie-du-cardinal-3\/brasserie-cardinal-233.jpg\" alt=\"Brasserie cardinal 233\" \/><\/a><\/div><div class=\"col-12 col-md-6 col-lg-4 mb-4\"><a href=\"https:\/\/www.ansermoz-photography.com\/wp-content\/gallery\/brasserie-du-cardinal-3\/brasserie-cardinal-234.jpg\" class=\"fresco  horizontal-photo-700 h\" data-fresco-caption=\"<span>Brasserie cardinal 234<\/span><br\/>F8, 1\/30 sec, 10 mm, ISO800, Canon EOS 7D\" data-fresco-group=\"slider-69\" data-fresco-group-options=\"thumbnails: false\"><img decoding=\"async\" src=\"https:\/\/www.ansermoz-photography.com\/wp-content\/gallery\/brasserie-du-cardinal-3\/brasserie-cardinal-234.jpg\" alt=\"Brasserie cardinal 234\" \/><\/a><\/div><div class=\"col-12 col-md-6 col-lg-4 mb-4\"><a href=\"https:\/\/www.ansermoz-photography.com\/wp-content\/gallery\/brasserie-du-cardinal-3\/brasserie-cardinal-244.jpg\" class=\"fresco  horizontal-photo-700 h\" data-fresco-caption=\"<span>Brasserie cardinal 244<\/span><br\/>F1.8, 1\/800 sec, 50 mm, ISO800, Canon EOS 400D DIGITAL\" data-fresco-group=\"slider-69\" data-fresco-group-options=\"thumbnails: false\"><img decoding=\"async\" src=\"https:\/\/www.ansermoz-photography.com\/wp-content\/gallery\/brasserie-du-cardinal-3\/brasserie-cardinal-244.jpg\" alt=\"Brasserie cardinal 244\" \/><\/a><\/div><div class=\"col-12 col-md-6 col-lg-4 mb-4\"><a href=\"https:\/\/www.ansermoz-photography.com\/wp-content\/gallery\/brasserie-du-cardinal-3\/brasserie-cardinal-248.jpg\" class=\"fresco  vertical-photo vertical-photo-700 v\" data-fresco-caption=\"<span>Brasserie cardinal 248<\/span><br\/>F1.8, 1\/800 sec, 50 mm, ISO800, Canon EOS 400D DIGITAL\" data-fresco-group=\"slider-69\" data-fresco-group-options=\"thumbnails: false\"><img decoding=\"async\" src=\"https:\/\/www.ansermoz-photography.com\/wp-content\/gallery\/brasserie-du-cardinal-3\/brasserie-cardinal-248.jpg\" alt=\"Brasserie cardinal 248\" \/><\/a><\/div><div class=\"col-12 col-md-6 col-lg-4 mb-4\"><a href=\"https:\/\/www.ansermoz-photography.com\/wp-content\/gallery\/brasserie-du-cardinal-3\/brasserie-cardinal-255.jpg\" class=\"fresco  horizontal-photo-700 h\" data-fresco-caption=\"<span>Brasserie cardinal 255<\/span><br\/>F10, 1\/130 sec, 10 mm, ISO320, Canon EOS 7D\" data-fresco-group=\"slider-69\" data-fresco-group-options=\"thumbnails: false\"><img decoding=\"async\" src=\"https:\/\/www.ansermoz-photography.com\/wp-content\/gallery\/brasserie-du-cardinal-3\/brasserie-cardinal-255.jpg\" alt=\"Brasserie cardinal 255\" \/><\/a><\/div><div class=\"col-12 col-md-6 col-lg-4 mb-4\"><a href=\"https:\/\/www.ansermoz-photography.com\/wp-content\/gallery\/brasserie-du-cardinal-3\/brasserie-cardinal-257.jpg\" class=\"fresco  horizontal-photo-700 h\" data-fresco-caption=\"<span>Brasserie cardinal 257<\/span><br\/>F1.8, 1\/30 sec, 50 mm, ISO800, Canon EOS 400D DIGITAL\" data-fresco-group=\"slider-69\" data-fresco-group-options=\"thumbnails: false\"><img decoding=\"async\" src=\"https:\/\/www.ansermoz-photography.com\/wp-content\/gallery\/brasserie-du-cardinal-3\/brasserie-cardinal-257.jpg\" alt=\"Brasserie cardinal 257\" \/><\/a><\/div>\t\t\t\t<\/div>\n\t\t\t\t\t\t\t<\/div>\n\t\t<\/div>\n\t\t<\/div>\n<p>En 1904, la brasserie d\u00e9m\u00e9nage de la vieille ville de Fribourg vers un site proche de la gare, sans jamais interrompre sa production.  Entre-temps, la bi\u00e8re Cardinal est devenue une v\u00e9ritable institution, un \u00e9l\u00e9ment de l\u2019identit\u00e9 fribourgeoise, \u00e0 l\u2019image du chocolat ou du Gruy\u00e8re.<br \/>\nEn 1970, la Brasserie du Cardinal s&rsquo;associe \u00e0 d&rsquo;autres brasseries, pour former la Sibra Holding. L&rsquo;ensemble fut repris par la Feldschl\u00f6sschen-H\u00fcrlimann-Holding en 1996.<\/p>\n<div class=\"photo-gallery-display row\">\t\t<div class=\"col-12 col-lg-12 content_gallery align-items-start justify-content-start gallery-masonry naf-pc-element mt-4 mb-4\" data-animatecss=\"fadeIn\">\n\t\t\t<div>\n\t\t\t\t\t\t\t\t<div class=\"row d-flex justify-content-center\">\n\t\t\t\t\t<div class=\"col-12 col-md-6 col-lg-4 mb-4\"><a href=\"https:\/\/www.ansermoz-photography.com\/wp-content\/gallery\/brasserie-du-cardinal-4\/brasserie-cardinal-238.jpg\" class=\"fresco  horizontal-photo-700 h\" data-fresco-caption=\"<span>Brasserie cardinal 238<\/span><br\/>F2.8, 1\/250 sec, 50 mm, ISO800, Canon EOS 400D DIGITAL\" data-fresco-group=\"slider-70\" data-fresco-group-options=\"thumbnails: false\"><img decoding=\"async\" src=\"https:\/\/www.ansermoz-photography.com\/wp-content\/gallery\/brasserie-du-cardinal-4\/brasserie-cardinal-238.jpg\" alt=\"Brasserie cardinal 238\" \/><\/a><\/div><div class=\"col-12 col-md-6 col-lg-4 mb-4\"><a href=\"https:\/\/www.ansermoz-photography.com\/wp-content\/gallery\/brasserie-du-cardinal-4\/brasserie-cardinal-265.jpg\" class=\"fresco  horizontal-photo-700 h\" data-fresco-caption=\"<span>Brasserie cardinal 265<\/span><br\/>F2.8, 1\/400 sec, 50 mm, ISO800, Canon EOS 400D DIGITAL\" data-fresco-group=\"slider-70\" data-fresco-group-options=\"thumbnails: false\"><img decoding=\"async\" src=\"https:\/\/www.ansermoz-photography.com\/wp-content\/gallery\/brasserie-du-cardinal-4\/brasserie-cardinal-265.jpg\" alt=\"Brasserie cardinal 265\" \/><\/a><\/div><div class=\"col-12 col-md-6 col-lg-4 mb-4\"><a href=\"https:\/\/www.ansermoz-photography.com\/wp-content\/gallery\/brasserie-du-cardinal-4\/brasserie-cardinal-301.jpg\" class=\"fresco  horizontal-photo-700 h\" data-fresco-caption=\"<span>Brasserie cardinal 301<\/span><br\/>F5.6, 1\/10 sec, 20 mm, ISO800, Canon EOS 7D\" data-fresco-group=\"slider-70\" data-fresco-group-options=\"thumbnails: false\"><img decoding=\"async\" src=\"https:\/\/www.ansermoz-photography.com\/wp-content\/gallery\/brasserie-du-cardinal-4\/brasserie-cardinal-301.jpg\" alt=\"Brasserie cardinal 301\" \/><\/a><\/div><div class=\"col-12 col-md-6 col-lg-4 mb-4\"><a href=\"https:\/\/www.ansermoz-photography.com\/wp-content\/gallery\/brasserie-du-cardinal-4\/brasserie-cardinal-316b.jpg\" class=\"fresco  horizontal-photo-700 h\" data-fresco-caption=\"<span>Brasserie cardinal 316b<\/span><br\/>F5.6, 1\/10 sec, 10 mm, ISO800, Canon EOS 7D\" data-fresco-group=\"slider-70\" data-fresco-group-options=\"thumbnails: false\"><img decoding=\"async\" src=\"https:\/\/www.ansermoz-photography.com\/wp-content\/gallery\/brasserie-du-cardinal-4\/brasserie-cardinal-316b.jpg\" alt=\"Brasserie cardinal 316b\" \/><\/a><\/div><div class=\"col-12 col-md-6 col-lg-4 mb-4\"><a href=\"https:\/\/www.ansermoz-photography.com\/wp-content\/gallery\/brasserie-du-cardinal-4\/brasserie-cardinal-323.jpg\" class=\"fresco  horizontal-photo-700 h\" data-fresco-caption=\"<span>Brasserie cardinal 323<\/span><br\/>F5.6, 1\/0 sec, 10 mm, ISO800, Canon EOS 7D\" data-fresco-group=\"slider-70\" data-fresco-group-options=\"thumbnails: false\"><img decoding=\"async\" src=\"https:\/\/www.ansermoz-photography.com\/wp-content\/gallery\/brasserie-du-cardinal-4\/brasserie-cardinal-323.jpg\" alt=\"Brasserie cardinal 323\" \/><\/a><\/div><div class=\"col-12 col-md-6 col-lg-4 mb-4\"><a href=\"https:\/\/www.ansermoz-photography.com\/wp-content\/gallery\/brasserie-du-cardinal-4\/brasserie-cardinal-328.jpg\" class=\"fresco  horizontal-photo-700 h\" data-fresco-caption=\"<span>Brasserie cardinal 328<\/span><br\/>F5.6, 1\/20 sec, 15 mm, ISO800, Canon EOS 7D\" data-fresco-group=\"slider-70\" data-fresco-group-options=\"thumbnails: false\"><img decoding=\"async\" src=\"https:\/\/www.ansermoz-photography.com\/wp-content\/gallery\/brasserie-du-cardinal-4\/brasserie-cardinal-328.jpg\" alt=\"Brasserie cardinal 328\" \/><\/a><\/div><div class=\"col-12 col-md-6 col-lg-4 mb-4\"><a href=\"https:\/\/www.ansermoz-photography.com\/wp-content\/gallery\/brasserie-du-cardinal-4\/brasserie-cardinal-339.jpg\" class=\"fresco  horizontal-photo-700 h\" data-fresco-caption=\"<span>Brasserie cardinal 339<\/span><br\/>F7.1, 2.5 sec, 20 mm, ISO800, Canon EOS 7D\" data-fresco-group=\"slider-70\" data-fresco-group-options=\"thumbnails: false\"><img decoding=\"async\" src=\"https:\/\/www.ansermoz-photography.com\/wp-content\/gallery\/brasserie-du-cardinal-4\/brasserie-cardinal-339.jpg\" alt=\"Brasserie cardinal 339\" \/><\/a><\/div><div class=\"col-12 col-md-6 col-lg-4 mb-4\"><a href=\"https:\/\/www.ansermoz-photography.com\/wp-content\/gallery\/brasserie-du-cardinal-4\/brasserie-cardinal-350.jpg\" class=\"fresco  horizontal-photo-700 h\" data-fresco-caption=\"<span>Brasserie cardinal 350<\/span><br\/>F8, 1\/500 sec, 10 mm, ISO400, Canon EOS 7D\" data-fresco-group=\"slider-70\" data-fresco-group-options=\"thumbnails: false\"><img decoding=\"async\" src=\"https:\/\/www.ansermoz-photography.com\/wp-content\/gallery\/brasserie-du-cardinal-4\/brasserie-cardinal-350.jpg\" alt=\"Brasserie cardinal 350\" \/><\/a><\/div><div class=\"col-12 col-md-6 col-lg-4 mb-4\"><a href=\"https:\/\/www.ansermoz-photography.com\/wp-content\/gallery\/brasserie-du-cardinal-4\/brasserie-cardinal-365_6_7.jpg\" class=\"fresco  horizontal-photo-700 h\" data-fresco-caption=\"<span>Brasserie cardinal 365 6 7<\/span><br\/>F9.1, 1\/10 sec, 10 mm, ISO800, Canon EOS 7D\" data-fresco-group=\"slider-70\" data-fresco-group-options=\"thumbnails: false\"><img decoding=\"async\" src=\"https:\/\/www.ansermoz-photography.com\/wp-content\/gallery\/brasserie-du-cardinal-4\/brasserie-cardinal-365_6_7.jpg\" alt=\"Brasserie cardinal 365 6 7\" \/><\/a><\/div><div class=\"col-12 col-md-6 col-lg-4 mb-4\"><a href=\"https:\/\/www.ansermoz-photography.com\/wp-content\/gallery\/brasserie-du-cardinal-4\/brasserie-cardinal-385.jpg\" class=\"fresco  horizontal-photo-700 h\" data-fresco-caption=\"<span>Brasserie cardinal 385<\/span><br\/>F5.6, 1\/30 sec, 20 mm, ISO800, Canon EOS 7D\" data-fresco-group=\"slider-70\" data-fresco-group-options=\"thumbnails: false\"><img decoding=\"async\" src=\"https:\/\/www.ansermoz-photography.com\/wp-content\/gallery\/brasserie-du-cardinal-4\/brasserie-cardinal-385.jpg\" alt=\"Brasserie cardinal 385\" \/><\/a><\/div>\t\t\t\t<\/div>\n\t\t\t\t\t\t\t<\/div>\n\t\t<\/div>\n\t\t<\/div>\n<p>Le 22 juin 2011, Cardinal met en bouteille sa derni\u00e8re bi\u00e8re \u00e0 Fribourg, et la production de Cardinal est transf\u00e9r\u00e9e de Fribourg \u00e0 Rheinfelden.<br \/>\nLa Ville et l\u2019Etat de Fribourg reprenant le terrain, bien situ\u00e9. L\u2019\u00e9quipe de vente d\u00e9m\u00e9nage \u00e0 Villars-sur-Gl\u00e2ne, et le site logistique de Givisiez est d\u00e9velopp\u00e9. Enfin, la marque nationale Cardinal continue son d\u00e9veloppement, forte d\u2019une pr\u00e9sence \u00e0 Fribourg et dans le reste de la Suisse.<\/p>\n<div class=\"photo-gallery-display row\">\t\t<div class=\"col-12 col-lg-12 content_gallery align-items-start justify-content-start gallery-masonry naf-pc-element mt-4 mb-4\" data-animatecss=\"fadeIn\">\n\t\t\t<div>\n\t\t\t\t\t\t\t\t<div class=\"row d-flex justify-content-center\">\n\t\t\t\t\t<div class=\"col-12 col-md-6 col-lg-4 mb-4\"><a href=\"https:\/\/www.ansermoz-photography.com\/wp-content\/gallery\/brasserie-du-cardinal-5\/brasserie-cardinal-404.jpg\" class=\"fresco  horizontal-photo-700 h\" data-fresco-caption=\"<span>Brasserie cardinal 404<\/span><br\/>F4, 1\/30 sec, 10 mm, ISO800, Canon EOS 7D\" data-fresco-group=\"slider-71\" data-fresco-group-options=\"thumbnails: false\"><img decoding=\"async\" src=\"https:\/\/www.ansermoz-photography.com\/wp-content\/gallery\/brasserie-du-cardinal-5\/brasserie-cardinal-404.jpg\" alt=\"Brasserie cardinal 404\" \/><\/a><\/div><div class=\"col-12 col-md-6 col-lg-4 mb-4\"><a href=\"https:\/\/www.ansermoz-photography.com\/wp-content\/gallery\/brasserie-du-cardinal-5\/brasserie-cardinal-415.jpg\" class=\"fresco  horizontal-photo-700 h\" data-fresco-caption=\"<span>Brasserie cardinal 415<\/span><br\/>F4, 1\/10 sec, 10 mm, ISO800, Canon EOS 7D\" data-fresco-group=\"slider-71\" data-fresco-group-options=\"thumbnails: false\"><img decoding=\"async\" src=\"https:\/\/www.ansermoz-photography.com\/wp-content\/gallery\/brasserie-du-cardinal-5\/brasserie-cardinal-415.jpg\" alt=\"Brasserie cardinal 415\" \/><\/a><\/div><div class=\"col-12 col-md-6 col-lg-4 mb-4\"><a href=\"https:\/\/www.ansermoz-photography.com\/wp-content\/gallery\/brasserie-du-cardinal-5\/brasserie-cardinal-422.jpg\" class=\"fresco  horizontal-photo-700 h\" data-fresco-caption=\"<span>Brasserie cardinal 422<\/span><br\/>F5, 1\/60 sec, 11 mm, ISO800, Canon EOS 7D\" data-fresco-group=\"slider-71\" data-fresco-group-options=\"thumbnails: false\"><img decoding=\"async\" src=\"https:\/\/www.ansermoz-photography.com\/wp-content\/gallery\/brasserie-du-cardinal-5\/brasserie-cardinal-422.jpg\" alt=\"Brasserie cardinal 422\" \/><\/a><\/div><div class=\"col-12 col-md-6 col-lg-4 mb-4\"><a href=\"https:\/\/www.ansermoz-photography.com\/wp-content\/gallery\/brasserie-du-cardinal-5\/brasserie-cardinal-432.jpg\" class=\"fresco  vertical-photo vertical-photo-700 v\" data-fresco-caption=\"<span>Brasserie cardinal 432<\/span><br\/>F4, 1\/10 sec, 10 mm, ISO800, Canon EOS 7D\" data-fresco-group=\"slider-71\" data-fresco-group-options=\"thumbnails: false\"><img decoding=\"async\" src=\"https:\/\/www.ansermoz-photography.com\/wp-content\/gallery\/brasserie-du-cardinal-5\/brasserie-cardinal-432.jpg\" alt=\"Brasserie cardinal 432\" \/><\/a><\/div><div class=\"col-12 col-md-6 col-lg-4 mb-4\"><a href=\"https:\/\/www.ansermoz-photography.com\/wp-content\/gallery\/brasserie-du-cardinal-5\/brasserie-cardinal-486.jpg\" class=\"fresco  horizontal-photo-700 h\" data-fresco-caption=\"<span>Brasserie cardinal 486<\/span><br\/>F5.6, 1\/10 sec, 20 mm, ISO500, Canon EOS 7D\" data-fresco-group=\"slider-71\" data-fresco-group-options=\"thumbnails: false\"><img decoding=\"async\" src=\"https:\/\/www.ansermoz-photography.com\/wp-content\/gallery\/brasserie-du-cardinal-5\/brasserie-cardinal-486.jpg\" alt=\"Brasserie cardinal 486\" \/><\/a><\/div><div class=\"col-12 col-md-6 col-lg-4 mb-4\"><a href=\"https:\/\/www.ansermoz-photography.com\/wp-content\/gallery\/brasserie-du-cardinal-5\/brasserie-cardinal-516.jpg\" class=\"fresco  horizontal-photo-700 h\" data-fresco-caption=\"<span>Brasserie cardinal 516<\/span><br\/>F4, 5 sec, 10 mm, ISO800, Canon EOS 7D\" data-fresco-group=\"slider-71\" data-fresco-group-options=\"thumbnails: false\"><img decoding=\"async\" src=\"https:\/\/www.ansermoz-photography.com\/wp-content\/gallery\/brasserie-du-cardinal-5\/brasserie-cardinal-516.jpg\" alt=\"Brasserie cardinal 516\" \/><\/a><\/div><div class=\"col-12 col-md-6 col-lg-4 mb-4\"><a href=\"https:\/\/www.ansermoz-photography.com\/wp-content\/gallery\/brasserie-du-cardinal-5\/brasserie-cardinal-533.jpg\" class=\"fresco  horizontal-photo-700 h\" data-fresco-caption=\"<span>Brasserie cardinal 533<\/span><br\/>F4, 1\/320 sec, 10 mm, ISO800, Canon EOS 7D\" data-fresco-group=\"slider-71\" data-fresco-group-options=\"thumbnails: false\"><img decoding=\"async\" src=\"https:\/\/www.ansermoz-photography.com\/wp-content\/gallery\/brasserie-du-cardinal-5\/brasserie-cardinal-533.jpg\" alt=\"Brasserie cardinal 533\" \/><\/a><\/div>\t\t\t\t<\/div>\n\t\t\t\t\t\t\t<\/div>\n\t\t<\/div>\n\t\t<\/div>\n<p>Les 53000 m2 sont maintenant occup\u00e9s par le Mus\u00e9e de la Bi\u00e8re Cardinal, et la blueFACTORY, un parc technologique stimulant pour tout le canton. H\u00e9bergeant start-ups et entreprises pour dynamiser la r\u00e9gion, tout en s\u2019int\u00e9grant parfaitement dans la ville.<\/p>\n<p>Je tiens \u00e0 remercier la blueFACTORY pour m&rsquo;avoir autoris\u00e9 \u00e0 photographier librement cet incroyable morceau d&rsquo;histoire.<br \/>\nJ&rsquo;esp\u00e8re que vous avez appr\u00e9ci\u00e9 mes photos et serez content d&rsquo;en savoir un peu plus sur l&rsquo;histoire de l&rsquo;ancienne Brasserie du Cardinal de Fribourg.<\/p>\n<p>Profitez bien de la photographie, de l\u2019exploration urbaine, et soyez prudent!<\/p>\n<p>NOTE IMPORTANTE:<br \/>\nL\u2019exploration urbaine de lieux priv\u00e9s peut \u00eatre dangereuse et ill\u00e9gale. Nous ne vous encourageons pas \u00e0 les explorer sans permission.<\/p>\n<\/div>","protected":false},"excerpt":{"rendered":"<p>L&rsquo;Ancienne Brasserie Du Cardinal de Fribourg, Suisse, fut cr\u00e9\u00e9e en 1788 par Fran\u00e7ois Piller. Propri\u00e9taire de l\u2019auberge \u00abZum Lachs\u00bb, situ\u00e9e pr\u00e8s de la Porte de Berne \u00e0 Fribourg, il d\u00e9cide de faire construire une brasserie pour son fils, fra\u00eechement dipl\u00f4m\u00e9 ma\u00eetre brasseur bavarois. Fran\u00e7ois Piller fait ainsi figure de pr\u00e9curseur, car jusque-l\u00e0, seules les paysannes, puis les moines, brassaient la bi\u00e8re, avec les c\u00e9r\u00e9ales r\u00e9colt\u00e9es. De 1802 \u00e0 1877, la brasserie de Fribourg change de propri\u00e9taires plusieurs fois, avant d\u2019\u00eatre &hellip;<\/p>\n","protected":false},"author":1,"featured_media":348,"comment_status":"open","ping_status":"open","sticky":false,"template":"","format":"standard","meta":{"_acf_changed":false,"footnotes":""},"categories":[4],"tags":[265,266,259,257,138,173],"class_list":["post-335","post","type-post","status-publish","format-standard","has-post-thumbnail","hentry","category-what","tag-brewery","tag-cardinal-brewery","tag-fribourg","tag-switzerland","tag-urban-exploration","tag-urbex"],"acf":[],"_links":{"self":[{"href":"https:\/\/www.ansermoz-photography.com\/fr\/wp-json\/wp\/v2\/posts\/335","targetHints":{"allow":["GET"]}}],"collection":[{"href":"https:\/\/www.ansermoz-photography.com\/fr\/wp-json\/wp\/v2\/posts"}],"about":[{"href":"https:\/\/www.ansermoz-photography.com\/fr\/wp-json\/wp\/v2\/types\/post"}],"author":[{"embeddable":true,"href":"https:\/\/www.ansermoz-photography.com\/fr\/wp-json\/wp\/v2\/users\/1"}],"replies":[{"embeddable":true,"href":"https:\/\/www.ansermoz-photography.com\/fr\/wp-json\/wp\/v2\/comments?post=335"}],"version-history":[{"count":0,"href":"https:\/\/www.ansermoz-photography.com\/fr\/wp-json\/wp\/v2\/posts\/335\/revisions"}],"wp:featuredmedia":[{"embeddable":true,"href":"https:\/\/www.ansermoz-photography.com\/fr\/wp-json\/wp\/v2\/media\/348"}],"wp:attachment":[{"href":"https:\/\/www.ansermoz-photography.com\/fr\/wp-json\/wp\/v2\/media?parent=335"}],"wp:term":[{"taxonomy":"category","embeddable":true,"href":"https:\/\/www.ansermoz-photography.com\/fr\/wp-json\/wp\/v2\/categories?post=335"},{"taxonomy":"post_tag","embeddable":true,"href":"https:\/\/www.ansermoz-photography.com\/fr\/wp-json\/wp\/v2\/tags?post=335"}],"curies":[{"name":"wp","href":"https:\/\/api.w.org\/{rel}","templated":true}]}}