{"id":342,"date":"2014-01-31T21:35:02","date_gmt":"2014-02-01T01:35:02","guid":{"rendered":"https:\/\/ansermoz-photography.com\/?p=342"},"modified":"2014-12-08T08:52:38","modified_gmt":"2014-12-08T12:52:38","slug":"international-hot-air-balloon-festival-chateau-doex","status":"publish","type":"post","link":"https:\/\/www.ansermoz-photography.com\/fr\/ou\/festival-international-de-ballons-chateau-d-oex\/","title":{"rendered":"Festival International De Ballons &#8211; Ch\u00e2teau D&rsquo;Oex"},"content":{"rendered":"<div class=\"the-content\"><p>Le Festival International De Ballons de Ch\u00e2teau-d&rsquo;Oex est un festival de ballons \u00e0 air chaud, qui se d\u00e9roule chaque ann\u00e9e depuis 1979, \u00e0 la fin Janvier, \u00e0 Ch\u00e2teau D&rsquo;Oex en Suisse. 2014 est donc la 36eme &eacute;dition du festival.<br \/>\nDurant neuf jours, des a\u00e9rostiers venant du monde entier sont pr\u00e9sents afin de piloter une centaine de ballons \u00e0 air chaud, et d&rsquo;appr\u00e9cier le climat hivernal des Alpes suisses.<br \/>\nLe festival des ballons \u00e0 air chaud a \u00e9t\u00e9 cr\u00e9\u00e9 par les a\u00e9rostiers Hans B\u00fccker et Charles-Andr\u00e9 Ramseier, ancien directeur de l&rsquo;Office du Tourisme de Ch\u00e2teau-d&rsquo;Oex. B\u00fccker avait propos\u00e9 en Octobre 1978, d&rsquo;organiser des vols passagers pour les h\u00f4tes pr\u00e9sents en hiver.<\/p>\n<p>Vous pouvez retrouver et commander toutes mes photos du Festival International De Ballons de Ch\u00e2teau D&rsquo;Oex sur IBuyMyPics.com \u00ab\u00a0<a href=\"https:\/\/www.ibuymypics.com\/fr\/photo\/chateau-d-oex\/\" title=\"photos Ch\u00e2teau D'Oex\" target=\"_blank\">photos Ch\u00e2teau D&rsquo;Oex<\/a>.\u00a0\u00bb Mot de passe: 82bdbf)<\/p>\n<div class=\"photo-gallery-display row\">\t\t<div class=\"col-12 col-lg-12 content_gallery align-items-start justify-content-start gallery-masonry naf-pc-element mt-4 mb-4\" data-animatecss=\"fadeIn\">\n\t\t\t<div>\n\t\t\t\t\t\t\t\t<div class=\"row d-flex justify-content-center\">\n\t\t\t\t\t<div class=\"col-12 col-md-6 col-lg-4 mb-4\"><a href=\"https:\/\/www.ansermoz-photography.com\/wp-content\/gallery\/festival-ballons-chateau-d-oex\/festival-ballons-02.jpg\" class=\"fresco  horizontal-photo-770 h\" data-fresco-caption=\"<span>Festival ballons 02<\/span><br\/>F13, 1\/400 sec, 63 mm, ISO320, Canon EOS 7D\" data-fresco-group=\"slider-83\" data-fresco-group-options=\"thumbnails: false\"><img decoding=\"async\" src=\"https:\/\/www.ansermoz-photography.com\/wp-content\/gallery\/festival-ballons-chateau-d-oex\/festival-ballons-02.jpg\" alt=\"Festival ballons 02\" \/><\/a><\/div><div class=\"col-12 col-md-6 col-lg-4 mb-4\"><a href=\"https:\/\/www.ansermoz-photography.com\/wp-content\/gallery\/festival-ballons-chateau-d-oex\/festival-ballons-06.jpg\" class=\"fresco  horizontal-photo-770 h\" data-fresco-caption=\"<span>Festival ballons 06<\/span><br\/>F8, 1\/640 sec, 75 mm, ISO320, Canon EOS 7D\" data-fresco-group=\"slider-83\" data-fresco-group-options=\"thumbnails: false\"><img decoding=\"async\" src=\"https:\/\/www.ansermoz-photography.com\/wp-content\/gallery\/festival-ballons-chateau-d-oex\/festival-ballons-06.jpg\" alt=\"Festival ballons 06\" \/><\/a><\/div><div class=\"col-12 col-md-6 col-lg-4 mb-4\"><a href=\"https:\/\/www.ansermoz-photography.com\/wp-content\/gallery\/festival-ballons-chateau-d-oex\/festival-ballons-07.jpg\" class=\"fresco  horizontal-photo-770 h\" data-fresco-caption=\"<span>Festival ballons 07<\/span><br\/>F8, 1\/640 sec, 332 mm, ISO320, Canon EOS 7D\" data-fresco-group=\"slider-83\" data-fresco-group-options=\"thumbnails: false\"><img decoding=\"async\" src=\"https:\/\/www.ansermoz-photography.com\/wp-content\/gallery\/festival-ballons-chateau-d-oex\/festival-ballons-07.jpg\" alt=\"Festival ballons 07\" \/><\/a><\/div><div class=\"col-12 col-md-6 col-lg-4 mb-4\"><a href=\"https:\/\/www.ansermoz-photography.com\/wp-content\/gallery\/festival-ballons-chateau-d-oex\/festival-ballons-08.jpg\" class=\"fresco  horizontal-photo-770 h\" data-fresco-caption=\"<span>Festival ballons 08<\/span><br\/>F7.1, 1\/500 sec, 10 mm, ISO800, Canon EOS 7D\" data-fresco-group=\"slider-83\" data-fresco-group-options=\"thumbnails: false\"><img decoding=\"async\" src=\"https:\/\/www.ansermoz-photography.com\/wp-content\/gallery\/festival-ballons-chateau-d-oex\/festival-ballons-08.jpg\" alt=\"Festival ballons 08\" \/><\/a><\/div><div class=\"col-12 col-md-6 col-lg-4 mb-4\"><a href=\"https:\/\/www.ansermoz-photography.com\/wp-content\/gallery\/festival-ballons-chateau-d-oex\/festival-ballons-09.jpg\" class=\"fresco  horizontal-photo-770 h\" data-fresco-caption=\"<span>Festival ballons 09<\/span><br\/>F9, 1\/500 sec, 332 mm, ISO320, Canon EOS 7D\" data-fresco-group=\"slider-83\" data-fresco-group-options=\"thumbnails: false\"><img decoding=\"async\" src=\"https:\/\/www.ansermoz-photography.com\/wp-content\/gallery\/festival-ballons-chateau-d-oex\/festival-ballons-09.jpg\" alt=\"Festival ballons 09\" \/><\/a><\/div><div class=\"col-12 col-md-6 col-lg-4 mb-4\"><a href=\"https:\/\/www.ansermoz-photography.com\/wp-content\/gallery\/festival-ballons-chateau-d-oex\/festival-ballons-10.jpg\" class=\"fresco  horizontal-photo-770 h\" data-fresco-caption=\"<span>Festival ballons 10<\/span><br\/>F9, 1\/640 sec, 16 mm, ISO320, Canon EOS 7D\" data-fresco-group=\"slider-83\" data-fresco-group-options=\"thumbnails: false\"><img decoding=\"async\" src=\"https:\/\/www.ansermoz-photography.com\/wp-content\/gallery\/festival-ballons-chateau-d-oex\/festival-ballons-10.jpg\" alt=\"Festival ballons 10\" \/><\/a><\/div><div class=\"col-12 col-md-6 col-lg-4 mb-4\"><a href=\"https:\/\/www.ansermoz-photography.com\/wp-content\/gallery\/festival-ballons-chateau-d-oex\/festival-ballons-11.jpg\" class=\"fresco  horizontal-photo-770 h\" data-fresco-caption=\"<span>Festival ballons 11<\/span><br\/>F8, 1\/250 sec, 10 mm, ISO320, Canon EOS 7D\" data-fresco-group=\"slider-83\" data-fresco-group-options=\"thumbnails: false\"><img decoding=\"async\" src=\"https:\/\/www.ansermoz-photography.com\/wp-content\/gallery\/festival-ballons-chateau-d-oex\/festival-ballons-11.jpg\" alt=\"Festival ballons 11\" \/><\/a><\/div><div class=\"col-12 col-md-6 col-lg-4 mb-4\"><a href=\"https:\/\/www.ansermoz-photography.com\/wp-content\/gallery\/festival-ballons-chateau-d-oex\/festival-ballons-12.jpg\" class=\"fresco  horizontal-photo-770 h\" data-fresco-caption=\"<span>Festival ballons 12<\/span><br\/>F8, 1\/200 sec, 22 mm, ISO640, Canon EOS 7D\" data-fresco-group=\"slider-83\" data-fresco-group-options=\"thumbnails: false\"><img decoding=\"async\" src=\"https:\/\/www.ansermoz-photography.com\/wp-content\/gallery\/festival-ballons-chateau-d-oex\/festival-ballons-12.jpg\" alt=\"Festival ballons 12\" \/><\/a><\/div><div class=\"col-12 col-md-6 col-lg-4 mb-4\"><a href=\"https:\/\/www.ansermoz-photography.com\/wp-content\/gallery\/festival-ballons-chateau-d-oex\/festival-ballons-14.jpg\" class=\"fresco  vertical-photo vertical-photo-770 v\" data-fresco-caption=\"<span>Festival ballons 14<\/span><br\/>F8, 1\/640 sec, 113 mm, ISO320, Canon EOS 7D\" data-fresco-group=\"slider-83\" data-fresco-group-options=\"thumbnails: false\"><img decoding=\"async\" src=\"https:\/\/www.ansermoz-photography.com\/wp-content\/gallery\/festival-ballons-chateau-d-oex\/festival-ballons-14.jpg\" alt=\"Festival ballons 14\" \/><\/a><\/div><div class=\"col-12 col-md-6 col-lg-4 mb-4\"><a href=\"https:\/\/www.ansermoz-photography.com\/wp-content\/gallery\/festival-ballons-chateau-d-oex\/festival-ballons-15.jpg\" class=\"fresco  horizontal-photo-770 h\" data-fresco-caption=\"<span>Festival ballons 15<\/span><br\/>F8, 1\/640 sec, 500 mm, ISO320, Canon EOS 7D\" data-fresco-group=\"slider-83\" data-fresco-group-options=\"thumbnails: false\"><img decoding=\"async\" src=\"https:\/\/www.ansermoz-photography.com\/wp-content\/gallery\/festival-ballons-chateau-d-oex\/festival-ballons-15.jpg\" alt=\"Festival ballons 15\" \/><\/a><\/div><div class=\"col-12 col-md-6 col-lg-4 mb-4\"><a href=\"https:\/\/www.ansermoz-photography.com\/wp-content\/gallery\/festival-ballons-chateau-d-oex\/festival-ballons-20.jpg\" class=\"fresco  horizontal-photo-770 h\" data-fresco-caption=\"<span>Festival ballons 20<\/span><br\/>F9, 1\/500 sec, 413 mm, ISO320, Canon EOS 7D\" data-fresco-group=\"slider-83\" data-fresco-group-options=\"thumbnails: false\"><img decoding=\"async\" src=\"https:\/\/www.ansermoz-photography.com\/wp-content\/gallery\/festival-ballons-chateau-d-oex\/festival-ballons-20.jpg\" alt=\"Festival ballons 20\" \/><\/a><\/div>\t\t\t\t<\/div>\n\t\t\t\t\t\t\t<\/div>\n\t\t<\/div>\n\t\t<\/div>\n<p>Le premier ballon \u00e0 avoir vol\u00e9 sans escale autour du Monde, d\u00e9colla depuis Ch\u00e2teau-d\u2019Oex en 1999. Le Breitling Orbiter dirig\u00e9 par Betrand Piccard et Brian Jones, r\u00e9alisa cet exploit en moins de vingt jours.<br \/>\nPiccard et Jones, en travaillant \u00e9troitement avec une \u00e9quipe au sol de m\u00e9t\u00e9orologues, effectu\u00e8rent un vol de 45 755 km, avant d&rsquo;atterrir en Egypte, 19 jours, 21 heures et 47 minutes apr\u00e8s leur d\u00e9collage.<\/p>\n<div class=\"photo-gallery-display row\">\t\t<div class=\"col-12 col-lg-12 content_gallery align-items-start justify-content-start gallery-masonry naf-pc-element mt-4 mb-4\" data-animatecss=\"fadeIn\">\n\t\t\t<div>\n\t\t\t\t\t\t\t\t<div class=\"row d-flex justify-content-center\">\n\t\t\t\t\t<div class=\"col-12 col-md-6 col-lg-4 mb-4\"><a href=\"https:\/\/www.ansermoz-photography.com\/wp-content\/gallery\/festival-international-ballons\/festival-ballons-283.jpg\" class=\"fresco  horizontal-photo-770 h\" data-fresco-caption=\"<span>Festival ballons 283<\/span><br\/>F11, 1\/250 sec, 14 mm, ISO160, Canon EOS 7D\" data-fresco-group=\"slider-84\" data-fresco-group-options=\"thumbnails: false\"><img decoding=\"async\" src=\"https:\/\/www.ansermoz-photography.com\/wp-content\/gallery\/festival-international-ballons\/festival-ballons-283.jpg\" alt=\"Festival ballons 283\" \/><\/a><\/div><div class=\"col-12 col-md-6 col-lg-4 mb-4\"><a href=\"https:\/\/www.ansermoz-photography.com\/wp-content\/gallery\/festival-international-ballons\/festival-ballons-300.jpg\" class=\"fresco  horizontal-photo-770 h\" data-fresco-caption=\"<span>Festival ballons 300<\/span><br\/>F7.1, 1\/500 sec, 75 mm, ISO800, Canon EOS 7D\" data-fresco-group=\"slider-84\" data-fresco-group-options=\"thumbnails: false\"><img decoding=\"async\" src=\"https:\/\/www.ansermoz-photography.com\/wp-content\/gallery\/festival-international-ballons\/festival-ballons-300.jpg\" alt=\"Festival ballons 300\" \/><\/a><\/div><div class=\"col-12 col-md-6 col-lg-4 mb-4\"><a href=\"https:\/\/www.ansermoz-photography.com\/wp-content\/gallery\/festival-international-ballons\/festival-ballons-319.jpg\" class=\"fresco  vertical-photo vertical-photo-770 v\" data-fresco-caption=\"<span>Festival ballons 319<\/span><br\/>F7.1, 1\/500 sec, 413 mm, ISO800, Canon EOS 7D\" data-fresco-group=\"slider-84\" data-fresco-group-options=\"thumbnails: false\"><img decoding=\"async\" src=\"https:\/\/www.ansermoz-photography.com\/wp-content\/gallery\/festival-international-ballons\/festival-ballons-319.jpg\" alt=\"Festival ballons 319\" \/><\/a><\/div><div class=\"col-12 col-md-6 col-lg-4 mb-4\"><a href=\"https:\/\/www.ansermoz-photography.com\/wp-content\/gallery\/festival-international-ballons\/festival-ballons-378.jpg\" class=\"fresco  vertical-photo vertical-photo-770 v\" data-fresco-caption=\"<span>Festival ballons 378<\/span><br\/>F7.1, 1\/500 sec, 50 mm, ISO800, Canon EOS 7D\" data-fresco-group=\"slider-84\" data-fresco-group-options=\"thumbnails: false\"><img decoding=\"async\" src=\"https:\/\/www.ansermoz-photography.com\/wp-content\/gallery\/festival-international-ballons\/festival-ballons-378.jpg\" alt=\"Festival ballons 378\" \/><\/a><\/div><div class=\"col-12 col-md-6 col-lg-4 mb-4\"><a href=\"https:\/\/www.ansermoz-photography.com\/wp-content\/gallery\/festival-international-ballons\/festival-ballons-448.jpg\" class=\"fresco  horizontal-photo-770 h\" data-fresco-caption=\"<span>Festival ballons 448<\/span><br\/>F8, 1\/250 sec, 332 mm, ISO320, Canon EOS 7D\" data-fresco-group=\"slider-84\" data-fresco-group-options=\"thumbnails: false\"><img decoding=\"async\" src=\"https:\/\/www.ansermoz-photography.com\/wp-content\/gallery\/festival-international-ballons\/festival-ballons-448.jpg\" alt=\"Festival ballons 448\" \/><\/a><\/div><div class=\"col-12 col-md-6 col-lg-4 mb-4\"><a href=\"https:\/\/www.ansermoz-photography.com\/wp-content\/gallery\/festival-international-ballons\/festival-ballons-579.jpg\" class=\"fresco  horizontal-photo-770 h\" data-fresco-caption=\"<span>Festival ballons 579<\/span><br\/>F9, 1\/500 sec, 413 mm, ISO320, Canon EOS 7D\" data-fresco-group=\"slider-84\" data-fresco-group-options=\"thumbnails: false\"><img decoding=\"async\" src=\"https:\/\/www.ansermoz-photography.com\/wp-content\/gallery\/festival-international-ballons\/festival-ballons-579.jpg\" alt=\"Festival ballons 579\" \/><\/a><\/div>\t\t\t\t<\/div>\n\t\t\t\t\t\t\t<\/div>\n\t\t<\/div>\n\t\t<\/div>\n<p>Se d\u00e9roulant \u00e0 l&rsquo;Espace Ballons de Ch\u00e2teau-d\u2019Oex, le Festival International De Ballons offre \u00e9galement des shows a\u00e9riens impressionnants.<br \/>\nDes parapentistes avec leur train\u00e9es de fumig\u00e8nes au milieu des montgolfi\u00e8res, avion acrobatique, skychariots et cloudhopper, dirigeables, mod\u00e8les r\u00e9duits, et m\u00eame des vols en wingsuit, sautant depuis les nacelles des montgolfi\u00e8res.<\/p>\n<div class=\"photo-gallery-display row\">\t\t<div class=\"col-12 col-lg-12 content_gallery align-items-start justify-content-start gallery-masonry naf-pc-element mt-4 mb-4\" data-animatecss=\"fadeIn\">\n\t\t\t<div>\n\t\t\t\t\t\t\t\t<div class=\"row d-flex justify-content-center\">\n\t\t\t\t\t<div class=\"col-12 col-md-6 col-lg-4 mb-4\"><a href=\"https:\/\/www.ansermoz-photography.com\/wp-content\/gallery\/hot-air-balloon-festival-chateau-d-oex\/air-show-01.jpg\" class=\"fresco  vertical-photo vertical-photo-770 v\" data-fresco-caption=\"<span>Air show 01<\/span><br\/>F14, 1\/320 sec, 413 mm, ISO200, Canon EOS 400D DIGITAL\" data-fresco-group=\"slider-85\" data-fresco-group-options=\"thumbnails: false\"><img decoding=\"async\" src=\"https:\/\/www.ansermoz-photography.com\/wp-content\/gallery\/hot-air-balloon-festival-chateau-d-oex\/air-show-01.jpg\" alt=\"Air show 01\" \/><\/a><\/div><div class=\"col-12 col-md-6 col-lg-4 mb-4\"><a href=\"https:\/\/www.ansermoz-photography.com\/wp-content\/gallery\/hot-air-balloon-festival-chateau-d-oex\/air-show-04.jpg\" class=\"fresco  vertical-photo vertical-photo-770 v\" data-fresco-caption=\"<span>Air show 04<\/span><br\/>F9, 1\/500 sec, 287 mm, ISO320, Canon EOS 7D\" data-fresco-group=\"slider-85\" data-fresco-group-options=\"thumbnails: false\"><img decoding=\"async\" src=\"https:\/\/www.ansermoz-photography.com\/wp-content\/gallery\/hot-air-balloon-festival-chateau-d-oex\/air-show-04.jpg\" alt=\"Air show 04\" \/><\/a><\/div>\t\t\t\t<\/div>\n\t\t\t\t\t\t\t<\/div>\n\t\t<\/div>\n\t\t<\/div>\n<p>Durant l\u2019\u00e9v\u00e8nement, les spectateurs peuvent prendre place \u00e0 bord d&rsquo;un incroyable vol passager au dessus de la vall\u00e9e du Pays-d&rsquo;Enhaut, ou m\u00eame effectuer un vol en h\u00e9licopt\u00e8re.<br \/>\nIls peuvent admirer la vue de la vall\u00e9e, les montagnes enneig\u00e9es, ainsi que d&rsquo;autres villages du canton de Vaud, tel que Rougemont, Rossini\u00e8re ou encore L&rsquo;Etivaz.<br \/>\nSi vous ne pouvez y participer, pas de craintes, les vols en ballons sont disponibles tout au long de l&rsquo;ann\u00e9e.<\/p>\n<div class=\"photo-gallery-display row\">\t\t<div class=\"col-12 col-lg-12 content_gallery align-items-start justify-content-start gallery-masonry naf-pc-element mt-4 mb-4\" data-animatecss=\"fadeIn\">\n\t\t\t<div>\n\t\t\t\t\t\t\t\t<div class=\"row d-flex justify-content-center\">\n\t\t\t\t\t<div class=\"col-12 col-md-6 col-lg-4 mb-4\"><a href=\"https:\/\/www.ansermoz-photography.com\/wp-content\/gallery\/hot-air-balloon-festival-switzerland\/festival-ballons-022.jpg\" class=\"fresco  horizontal-photo-770 h\" data-fresco-caption=\"<span>Festival ballons 022<\/span><br\/>F8, 1\/640 sec, 15 mm, ISO320, Canon EOS 7D\" data-fresco-group=\"slider-86\" data-fresco-group-options=\"thumbnails: false\"><img decoding=\"async\" src=\"https:\/\/www.ansermoz-photography.com\/wp-content\/gallery\/hot-air-balloon-festival-switzerland\/festival-ballons-022.jpg\" alt=\"Festival ballons 022\" \/><\/a><\/div><div class=\"col-12 col-md-6 col-lg-4 mb-4\"><a href=\"https:\/\/www.ansermoz-photography.com\/wp-content\/gallery\/hot-air-balloon-festival-switzerland\/festival-ballons-081.jpg\" class=\"fresco  vertical-photo vertical-photo-770 v\" data-fresco-caption=\"<span>Festival ballons 081<\/span><br\/>F14, 1\/320 sec, 10 mm, ISO160, Canon EOS 7D\" data-fresco-group=\"slider-86\" data-fresco-group-options=\"thumbnails: false\"><img decoding=\"async\" src=\"https:\/\/www.ansermoz-photography.com\/wp-content\/gallery\/hot-air-balloon-festival-switzerland\/festival-ballons-081.jpg\" alt=\"Festival ballons 081\" \/><\/a><\/div><div class=\"col-12 col-md-6 col-lg-4 mb-4\"><a href=\"https:\/\/www.ansermoz-photography.com\/wp-content\/gallery\/hot-air-balloon-festival-switzerland\/festival-ballons-171.jpg\" class=\"fresco  horizontal-photo-770 h\" data-fresco-caption=\"<span>Festival ballons 171<\/span><br\/>F11, 1\/250 sec, 10 mm, ISO160, Canon EOS 7D\" data-fresco-group=\"slider-86\" data-fresco-group-options=\"thumbnails: false\"><img decoding=\"async\" src=\"https:\/\/www.ansermoz-photography.com\/wp-content\/gallery\/hot-air-balloon-festival-switzerland\/festival-ballons-171.jpg\" alt=\"Festival ballons 171\" \/><\/a><\/div><div class=\"col-12 col-md-6 col-lg-4 mb-4\"><a href=\"https:\/\/www.ansermoz-photography.com\/wp-content\/gallery\/hot-air-balloon-festival-switzerland\/festival-ballons-218.jpg\" class=\"fresco  horizontal-photo-770 h\" data-fresco-caption=\"<span>Festival ballons 218<\/span><br\/>F11, 1\/250 sec, 10 mm, ISO160, Canon EOS 7D\" data-fresco-group=\"slider-86\" data-fresco-group-options=\"thumbnails: false\"><img decoding=\"async\" src=\"https:\/\/www.ansermoz-photography.com\/wp-content\/gallery\/hot-air-balloon-festival-switzerland\/festival-ballons-218.jpg\" alt=\"Festival ballons 218\" \/><\/a><\/div><div class=\"col-12 col-md-6 col-lg-4 mb-4\"><a href=\"https:\/\/www.ansermoz-photography.com\/wp-content\/gallery\/hot-air-balloon-festival-switzerland\/festival-ballons-221.jpg\" class=\"fresco  horizontal-photo-770 h\" data-fresco-caption=\"<span>Festival ballons 221<\/span><br\/>F11, 1\/250 sec, 10 mm, ISO160, Canon EOS 7D\" data-fresco-group=\"slider-86\" data-fresco-group-options=\"thumbnails: false\"><img decoding=\"async\" src=\"https:\/\/www.ansermoz-photography.com\/wp-content\/gallery\/hot-air-balloon-festival-switzerland\/festival-ballons-221.jpg\" alt=\"Festival ballons 221\" \/><\/a><\/div><div class=\"col-12 col-md-6 col-lg-4 mb-4\"><a href=\"https:\/\/www.ansermoz-photography.com\/wp-content\/gallery\/hot-air-balloon-festival-switzerland\/festival-ballons-224.jpg\" class=\"fresco  horizontal-photo-770 h\" data-fresco-caption=\"<span>Festival ballons 224<\/span><br\/>F11, 1\/250 sec, 20 mm, ISO160, Canon EOS 7D\" data-fresco-group=\"slider-86\" data-fresco-group-options=\"thumbnails: false\"><img decoding=\"async\" src=\"https:\/\/www.ansermoz-photography.com\/wp-content\/gallery\/hot-air-balloon-festival-switzerland\/festival-ballons-224.jpg\" alt=\"Festival ballons 224\" \/><\/a><\/div><div class=\"col-12 col-md-6 col-lg-4 mb-4\"><a href=\"https:\/\/www.ansermoz-photography.com\/wp-content\/gallery\/hot-air-balloon-festival-switzerland\/festival-ballons-227.jpg\" class=\"fresco  horizontal-photo-770 h\" data-fresco-caption=\"<span>Festival ballons 227<\/span><br\/>F11, 1\/250 sec, 10 mm, ISO160, Canon EOS 7D\" data-fresco-group=\"slider-86\" data-fresco-group-options=\"thumbnails: false\"><img decoding=\"async\" src=\"https:\/\/www.ansermoz-photography.com\/wp-content\/gallery\/hot-air-balloon-festival-switzerland\/festival-ballons-227.jpg\" alt=\"Festival ballons 227\" \/><\/a><\/div><div class=\"col-12 col-md-6 col-lg-4 mb-4\"><a href=\"https:\/\/www.ansermoz-photography.com\/wp-content\/gallery\/hot-air-balloon-festival-switzerland\/festival-ballons-230.jpg\" class=\"fresco  horizontal-photo-770 h\" data-fresco-caption=\"<span>Festival ballons 230<\/span><br\/>F11, 1\/250 sec, 10 mm, ISO160, Canon EOS 7D\" data-fresco-group=\"slider-86\" data-fresco-group-options=\"thumbnails: false\"><img decoding=\"async\" src=\"https:\/\/www.ansermoz-photography.com\/wp-content\/gallery\/hot-air-balloon-festival-switzerland\/festival-ballons-230.jpg\" alt=\"Festival ballons 230\" \/><\/a><\/div>\t\t\t\t<\/div>\n\t\t\t\t\t\t\t<\/div>\n\t\t<\/div>\n\t\t<\/div>\n<p>Ch\u00e2teau-d\u2019Oex, la capitale alpine pour les montgolfi\u00e8res, attire des pilotes des quatre coins du Monde. Un vol en ballon offre une vue incroyable sur les Alpes et les Pr\u00e9-Alpes. Au cours de certains jours ensoleill\u00e9s, vous pouvez m\u00eame admirer le paysage alpin, du Mont-Blanc (France) jusqu&rsquo;\u00e0 l&rsquo;Eiger (Suisse).<br \/>\nMais d&rsquo;\u00eatre dans les airs, c&rsquo;est aussi le bon moment de saisir les petits d\u00e9tails depuis l\u00e0 haut. Une ferme, une r\u00e9flexion sur un pare-brise, l&rsquo;ombre port\u00e9e d&rsquo;un ballon \u00e0 air chaud&#8230;<\/p>\n<div class=\"photo-gallery-display row\">\t\t<div class=\"col-12 col-lg-12 content_gallery align-items-start justify-content-start gallery-masonry naf-pc-element mt-4 mb-4\" data-animatecss=\"fadeIn\">\n\t\t\t<div>\n\t\t\t\t\t\t\t\t<div class=\"row d-flex justify-content-center\">\n\t\t\t\t\t<div class=\"col-12 col-md-6 col-lg-4 mb-4\"><a href=\"https:\/\/www.ansermoz-photography.com\/wp-content\/gallery\/international-balloon-festival\/festival-ballons-001.jpg\" class=\"fresco  horizontal-photo-770 h\" data-fresco-caption=\"<span>Festival ballons 001<\/span><br\/>F13, 1\/400 sec, 50 mm, ISO200, Canon EOS 400D DIGITAL\" data-fresco-group=\"slider-87\" data-fresco-group-options=\"thumbnails: false\"><img decoding=\"async\" src=\"https:\/\/www.ansermoz-photography.com\/wp-content\/gallery\/international-balloon-festival\/festival-ballons-001.jpg\" alt=\"Festival ballons 001\" \/><\/a><\/div><div class=\"col-12 col-md-6 col-lg-4 mb-4\"><a href=\"https:\/\/www.ansermoz-photography.com\/wp-content\/gallery\/international-balloon-festival\/festival-ballons-009.jpg\" class=\"fresco  horizontal-photo-770 h\" data-fresco-caption=\"<span>Festival ballons 009<\/span><br\/>F13, 1\/200 sec, 50 mm, ISO200, Canon EOS 400D DIGITAL\" data-fresco-group=\"slider-87\" data-fresco-group-options=\"thumbnails: false\"><img decoding=\"async\" src=\"https:\/\/www.ansermoz-photography.com\/wp-content\/gallery\/international-balloon-festival\/festival-ballons-009.jpg\" alt=\"Festival ballons 009\" \/><\/a><\/div><div class=\"col-12 col-md-6 col-lg-4 mb-4\"><a href=\"https:\/\/www.ansermoz-photography.com\/wp-content\/gallery\/international-balloon-festival\/festival-ballons-013.jpg\" class=\"fresco  horizontal-photo-770 h\" data-fresco-caption=\"<span>Festival ballons 013<\/span><br\/>F13, 1\/200 sec, 75 mm, ISO200, Canon EOS 400D DIGITAL\" data-fresco-group=\"slider-87\" data-fresco-group-options=\"thumbnails: false\"><img decoding=\"async\" src=\"https:\/\/www.ansermoz-photography.com\/wp-content\/gallery\/international-balloon-festival\/festival-ballons-013.jpg\" alt=\"Festival ballons 013\" \/><\/a><\/div><div class=\"col-12 col-md-6 col-lg-4 mb-4\"><a href=\"https:\/\/www.ansermoz-photography.com\/wp-content\/gallery\/international-balloon-festival\/festival-ballons-021.jpg\" class=\"fresco  vertical-photo vertical-photo-770 v\" data-fresco-caption=\"<span>Festival ballons 021<\/span><br\/>F10, 1\/320 sec, 10 mm, ISO160, Canon EOS 7D\" data-fresco-group=\"slider-87\" data-fresco-group-options=\"thumbnails: false\"><img decoding=\"async\" src=\"https:\/\/www.ansermoz-photography.com\/wp-content\/gallery\/international-balloon-festival\/festival-ballons-021.jpg\" alt=\"Festival ballons 021\" \/><\/a><\/div><div class=\"col-12 col-md-6 col-lg-4 mb-4\"><a href=\"https:\/\/www.ansermoz-photography.com\/wp-content\/gallery\/international-balloon-festival\/festival-ballons-029.jpg\" class=\"fresco  horizontal-photo-770 h\" data-fresco-caption=\"<span>Festival ballons 029<\/span><br\/>F16, 1\/50 sec, 500 mm, ISO200, Canon EOS 400D DIGITAL\" data-fresco-group=\"slider-87\" data-fresco-group-options=\"thumbnails: false\"><img decoding=\"async\" src=\"https:\/\/www.ansermoz-photography.com\/wp-content\/gallery\/international-balloon-festival\/festival-ballons-029.jpg\" alt=\"Festival ballons 029\" \/><\/a><\/div><div class=\"col-12 col-md-6 col-lg-4 mb-4\"><a href=\"https:\/\/www.ansermoz-photography.com\/wp-content\/gallery\/international-balloon-festival\/festival-ballons-086.jpg\" class=\"fresco  horizontal-photo-770 h\" data-fresco-caption=\"<span>Festival ballons 086<\/span><br\/>F14, 1\/320 sec, 50 mm, ISO200, Canon EOS 400D DIGITAL\" data-fresco-group=\"slider-87\" data-fresco-group-options=\"thumbnails: false\"><img decoding=\"async\" src=\"https:\/\/www.ansermoz-photography.com\/wp-content\/gallery\/international-balloon-festival\/festival-ballons-086.jpg\" alt=\"Festival ballons 086\" \/><\/a><\/div><div class=\"col-12 col-md-6 col-lg-4 mb-4\"><a href=\"https:\/\/www.ansermoz-photography.com\/wp-content\/gallery\/international-balloon-festival\/festival-ballons-088.jpg\" class=\"fresco  horizontal-photo-770 h\" data-fresco-caption=\"<span>Festival ballons 088<\/span><br\/>F14, 1\/320 sec, 138 mm, ISO200, Canon EOS 400D DIGITAL\" data-fresco-group=\"slider-87\" data-fresco-group-options=\"thumbnails: false\"><img decoding=\"async\" src=\"https:\/\/www.ansermoz-photography.com\/wp-content\/gallery\/international-balloon-festival\/festival-ballons-088.jpg\" alt=\"Festival ballons 088\" \/><\/a><\/div><div class=\"col-12 col-md-6 col-lg-4 mb-4\"><a href=\"https:\/\/www.ansermoz-photography.com\/wp-content\/gallery\/international-balloon-festival\/festival-ballons-091.jpg\" class=\"fresco  horizontal-photo-770 h\" data-fresco-caption=\"<span>Festival ballons 091<\/span><br\/>F14, 1\/320 sec, 138 mm, ISO200, Canon EOS 400D DIGITAL\" data-fresco-group=\"slider-87\" data-fresco-group-options=\"thumbnails: false\"><img decoding=\"async\" src=\"https:\/\/www.ansermoz-photography.com\/wp-content\/gallery\/international-balloon-festival\/festival-ballons-091.jpg\" alt=\"Festival ballons 091\" \/><\/a><\/div><div class=\"col-12 col-md-6 col-lg-4 mb-4\"><a href=\"https:\/\/www.ansermoz-photography.com\/wp-content\/gallery\/international-balloon-festival\/festival-ballons-093.jpg\" class=\"fresco  horizontal-photo-770 h\" data-fresco-caption=\"<span>Festival ballons 093<\/span><br\/>F14, 1\/320 sec, 500 mm, ISO200, Canon EOS 400D DIGITAL\" data-fresco-group=\"slider-87\" data-fresco-group-options=\"thumbnails: false\"><img decoding=\"async\" src=\"https:\/\/www.ansermoz-photography.com\/wp-content\/gallery\/international-balloon-festival\/festival-ballons-093.jpg\" alt=\"Festival ballons 093\" \/><\/a><\/div><div class=\"col-12 col-md-6 col-lg-4 mb-4\"><a href=\"https:\/\/www.ansermoz-photography.com\/wp-content\/gallery\/international-balloon-festival\/festival-ballons-095.jpg\" class=\"fresco  horizontal-photo-770 h\" data-fresco-caption=\"<span>Festival ballons 095<\/span><br\/>F14, 1\/320 sec, 500 mm, ISO200, Canon EOS 400D DIGITAL\" data-fresco-group=\"slider-87\" data-fresco-group-options=\"thumbnails: false\"><img decoding=\"async\" src=\"https:\/\/www.ansermoz-photography.com\/wp-content\/gallery\/international-balloon-festival\/festival-ballons-095.jpg\" alt=\"Festival ballons 095\" \/><\/a><\/div><div class=\"col-12 col-md-6 col-lg-4 mb-4\"><a href=\"https:\/\/www.ansermoz-photography.com\/wp-content\/gallery\/international-balloon-festival\/festival-ballons-305.jpg\" class=\"fresco  horizontal-photo-770 h\" data-fresco-caption=\"<span>Festival ballons 305<\/span><br\/>F11, 1\/250 sec, 20 mm, ISO160, Canon EOS 7D\" data-fresco-group=\"slider-87\" data-fresco-group-options=\"thumbnails: false\"><img decoding=\"async\" src=\"https:\/\/www.ansermoz-photography.com\/wp-content\/gallery\/international-balloon-festival\/festival-ballons-305.jpg\" alt=\"Festival ballons 305\" \/><\/a><\/div>\t\t\t\t<\/div>\n\t\t\t\t\t\t\t<\/div>\n\t\t<\/div>\n\t\t<\/div>\n<p>Les vols sont tributaires des conditions m\u00e9t\u00e9o, mais lorsque ces derni\u00e8res sont bonnes, les ballons \u00e0 air chaud peuvent voler au dessus de la vall\u00e9e de l&rsquo;Intyamon et atteindre la r\u00e9gion de La Gruy\u00e8re dans le canton de Fribourg. Volant tr\u00e8s pr\u00e8s du Ch\u00e2teau de Gruy\u00e8re ou la montagne du Mol\u00e9son.<\/p>\n<div class=\"photo-gallery-display row\">\t\t<div class=\"col-12 col-lg-12 content_gallery align-items-start justify-content-start gallery-masonry naf-pc-element mt-4 mb-4\" data-animatecss=\"fadeIn\">\n\t\t\t<div>\n\t\t\t\t\t\t\t\t<div class=\"row d-flex justify-content-center\">\n\t\t\t\t\t<div class=\"col-12 col-md-6 col-lg-4 mb-4\"><a href=\"https:\/\/www.ansermoz-photography.com\/wp-content\/gallery\/international-balloon-festival-ch\/festival-ballons-438.jpg\" class=\"fresco  horizontal-photo-770 h\" data-fresco-caption=\"<span>Festival ballons 438<\/span><br\/>F8, 1\/320 sec, 17 mm, ISO320, Canon EOS 7D\" data-fresco-group=\"slider-88\" data-fresco-group-options=\"thumbnails: false\"><img decoding=\"async\" src=\"https:\/\/www.ansermoz-photography.com\/wp-content\/gallery\/international-balloon-festival-ch\/festival-ballons-438.jpg\" alt=\"Festival ballons 438\" \/><\/a><\/div><div class=\"col-12 col-md-6 col-lg-4 mb-4\"><a href=\"https:\/\/www.ansermoz-photography.com\/wp-content\/gallery\/international-balloon-festival-ch\/festival-ballons-508.jpg\" class=\"fresco  horizontal-photo-770 h\" data-fresco-caption=\"<span>Festival ballons 508<\/span><br\/>F9, 1\/640 sec, 287 mm, ISO320, Canon EOS 7D\" data-fresco-group=\"slider-88\" data-fresco-group-options=\"thumbnails: false\"><img decoding=\"async\" src=\"https:\/\/www.ansermoz-photography.com\/wp-content\/gallery\/international-balloon-festival-ch\/festival-ballons-508.jpg\" alt=\"Festival ballons 508\" \/><\/a><\/div><div class=\"col-12 col-md-6 col-lg-4 mb-4\"><a href=\"https:\/\/www.ansermoz-photography.com\/wp-content\/gallery\/international-balloon-festival-ch\/festival-ballons-597.jpg\" class=\"fresco  horizontal-photo-770 h\" data-fresco-caption=\"<span>Festival ballons 597<\/span><br\/>F13, 1\/400 sec, 138 mm, ISO320, Canon EOS 7D\" data-fresco-group=\"slider-88\" data-fresco-group-options=\"thumbnails: false\"><img decoding=\"async\" src=\"https:\/\/www.ansermoz-photography.com\/wp-content\/gallery\/international-balloon-festival-ch\/festival-ballons-597.jpg\" alt=\"Festival ballons 597\" \/><\/a><\/div><div class=\"col-12 col-md-6 col-lg-4 mb-4\"><a href=\"https:\/\/www.ansermoz-photography.com\/wp-content\/gallery\/international-balloon-festival-ch\/festival-ballons-610.jpg\" class=\"fresco  vertical-photo vertical-photo-770 v\" data-fresco-caption=\"<span>Festival ballons 610<\/span><br\/>F13, 1\/400 sec, 500 mm, ISO320, Canon EOS 7D\" data-fresco-group=\"slider-88\" data-fresco-group-options=\"thumbnails: false\"><img decoding=\"async\" src=\"https:\/\/www.ansermoz-photography.com\/wp-content\/gallery\/international-balloon-festival-ch\/festival-ballons-610.jpg\" alt=\"Festival ballons 610\" \/><\/a><\/div><div class=\"col-12 col-md-6 col-lg-4 mb-4\"><a href=\"https:\/\/www.ansermoz-photography.com\/wp-content\/gallery\/international-balloon-festival-ch\/festival-ballons-653.jpg\" class=\"fresco  horizontal-photo-770 h\" data-fresco-caption=\"<span>Festival ballons 653<\/span><br\/>F16, 1\/400 sec, 93 mm, ISO320, Canon EOS 7D\" data-fresco-group=\"slider-88\" data-fresco-group-options=\"thumbnails: false\"><img decoding=\"async\" src=\"https:\/\/www.ansermoz-photography.com\/wp-content\/gallery\/international-balloon-festival-ch\/festival-ballons-653.jpg\" alt=\"Festival ballons 653\" \/><\/a><\/div><div class=\"col-12 col-md-6 col-lg-4 mb-4\"><a href=\"https:\/\/www.ansermoz-photography.com\/wp-content\/gallery\/international-balloon-festival-ch\/festival-ballons-656.jpg\" class=\"fresco  horizontal-photo-770 h\" data-fresco-caption=\"<span>Festival ballons 656<\/span><br\/>F16, 1\/400 sec, 500 mm, ISO320, Canon EOS 7D\" data-fresco-group=\"slider-88\" data-fresco-group-options=\"thumbnails: false\"><img decoding=\"async\" src=\"https:\/\/www.ansermoz-photography.com\/wp-content\/gallery\/international-balloon-festival-ch\/festival-ballons-656.jpg\" alt=\"Festival ballons 656\" \/><\/a><\/div><div class=\"col-12 col-md-6 col-lg-4 mb-4\"><a href=\"https:\/\/www.ansermoz-photography.com\/wp-content\/gallery\/international-balloon-festival-ch\/festival-ballons-gruyere-080.jpg\" class=\"fresco  horizontal-photo-770 h\" data-fresco-caption=\"<span>Festival ballons gruyere 080<\/span><br\/>F7.1, 1\/640 sec, 203 mm, ISO800, Canon EOS 7D\" data-fresco-group=\"slider-88\" data-fresco-group-options=\"thumbnails: false\"><img decoding=\"async\" src=\"https:\/\/www.ansermoz-photography.com\/wp-content\/gallery\/international-balloon-festival-ch\/festival-ballons-gruyere-080.jpg\" alt=\"Festival ballons gruyere 080\" \/><\/a><\/div><div class=\"col-12 col-md-6 col-lg-4 mb-4\"><a href=\"https:\/\/www.ansermoz-photography.com\/wp-content\/gallery\/international-balloon-festival-ch\/festival-ballons-gruyere-099.jpg\" class=\"fresco  horizontal-photo-770 h\" data-fresco-caption=\"<span>Festival ballons gruyere 099<\/span><br\/>F7.1, 1\/500 sec, 203 mm, ISO400, Canon EOS 7D\" data-fresco-group=\"slider-88\" data-fresco-group-options=\"thumbnails: false\"><img decoding=\"async\" src=\"https:\/\/www.ansermoz-photography.com\/wp-content\/gallery\/international-balloon-festival-ch\/festival-ballons-gruyere-099.jpg\" alt=\"Festival ballons gruyere 099\" \/><\/a><\/div><div class=\"col-12 col-md-6 col-lg-4 mb-4\"><a href=\"https:\/\/www.ansermoz-photography.com\/wp-content\/gallery\/international-balloon-festival-ch\/festival-ballons-gruyere-104.jpg\" class=\"fresco  horizontal-photo-770 h\" data-fresco-caption=\"<span>Festival ballons gruyere 104<\/span><br\/>F7.1, 1\/500 sec, 332 mm, ISO400, Canon EOS 7D\" data-fresco-group=\"slider-88\" data-fresco-group-options=\"thumbnails: false\"><img decoding=\"async\" src=\"https:\/\/www.ansermoz-photography.com\/wp-content\/gallery\/international-balloon-festival-ch\/festival-ballons-gruyere-104.jpg\" alt=\"Festival ballons gruyere 104\" \/><\/a><\/div><div class=\"col-12 col-md-6 col-lg-4 mb-4\"><a href=\"https:\/\/www.ansermoz-photography.com\/wp-content\/gallery\/international-balloon-festival-ch\/festival-ballons-gruyere-moleson.jpg\" class=\"fresco  horizontal-photo-770 h\" data-fresco-caption=\"<span>Festival ballons gruyere moleson<\/span><br\/>F13, 1\/400 sec, 167 mm, ISO250, Canon EOS 7D\" data-fresco-group=\"slider-88\" data-fresco-group-options=\"thumbnails: false\"><img decoding=\"async\" src=\"https:\/\/www.ansermoz-photography.com\/wp-content\/gallery\/international-balloon-festival-ch\/festival-ballons-gruyere-moleson.jpg\" alt=\"Festival ballons gruyere moleson\" \/><\/a><\/div>\t\t\t\t<\/div>\n\t\t\t\t\t\t\t<\/div>\n\t\t<\/div>\n\t\t<\/div>\n<p>J&rsquo;esp\u00e8re que mes photos vous ont plu et qu&rsquo;elles vous donneront peut-\u00eatre envie de venir voir le Festival International De Ballons de Ch\u00e2teau-d&rsquo;Oex, de vos propres yeux!<\/p>\n<p>Vous pouvez retrouver et commander toutes mes photos du Festival International De Ballons de Ch\u00e2teau D&rsquo;Oex sur IBuyMyPics.com \u00ab\u00a0<a href=\"https:\/\/www.ibuymypics.com\/fr\/photo\/chateau-d-oex\/\" title=\"photos Ch\u00e2teau D'Oex\" target=\"_blank\">photos Ch\u00e2teau D&rsquo;Oex<\/a>.\u00a0\u00bb Mot de passe: 82bdbf)<\/p>\n<\/div>","protected":false},"excerpt":{"rendered":"<p>Le Festival International De Ballons de Ch\u00e2teau-d&rsquo;Oex est un festival de ballons \u00e0 air chaud, qui se d\u00e9roule chaque ann\u00e9e depuis 1979, \u00e0 la fin Janvier, \u00e0 Ch\u00e2teau D&rsquo;Oex en Suisse. 2014 est donc la 36eme &eacute;dition du festival. Durant neuf jours, des a\u00e9rostiers venant du monde entier sont pr\u00e9sents afin de piloter une centaine de ballons \u00e0 air chaud, et d&rsquo;appr\u00e9cier le climat hivernal des Alpes suisses. Le festival des ballons \u00e0 air chaud a \u00e9t\u00e9 cr\u00e9\u00e9 par les &hellip;<\/p>\n","protected":false},"author":1,"featured_media":346,"comment_status":"open","ping_status":"open","sticky":false,"template":"","format":"standard","meta":{"_acf_changed":false,"footnotes":""},"categories":[5],"tags":[270,272,271,257],"class_list":["post-342","post","type-post","status-publish","format-standard","has-post-thumbnail","hentry","category-where","tag-chateau-doex","tag-festival","tag-hot-air-balloon","tag-switzerland"],"acf":[],"_links":{"self":[{"href":"https:\/\/www.ansermoz-photography.com\/fr\/wp-json\/wp\/v2\/posts\/342","targetHints":{"allow":["GET"]}}],"collection":[{"href":"https:\/\/www.ansermoz-photography.com\/fr\/wp-json\/wp\/v2\/posts"}],"about":[{"href":"https:\/\/www.ansermoz-photography.com\/fr\/wp-json\/wp\/v2\/types\/post"}],"author":[{"embeddable":true,"href":"https:\/\/www.ansermoz-photography.com\/fr\/wp-json\/wp\/v2\/users\/1"}],"replies":[{"embeddable":true,"href":"https:\/\/www.ansermoz-photography.com\/fr\/wp-json\/wp\/v2\/comments?post=342"}],"version-history":[{"count":0,"href":"https:\/\/www.ansermoz-photography.com\/fr\/wp-json\/wp\/v2\/posts\/342\/revisions"}],"wp:featuredmedia":[{"embeddable":true,"href":"https:\/\/www.ansermoz-photography.com\/fr\/wp-json\/wp\/v2\/media\/346"}],"wp:attachment":[{"href":"https:\/\/www.ansermoz-photography.com\/fr\/wp-json\/wp\/v2\/media?parent=342"}],"wp:term":[{"taxonomy":"category","embeddable":true,"href":"https:\/\/www.ansermoz-photography.com\/fr\/wp-json\/wp\/v2\/categories?post=342"},{"taxonomy":"post_tag","embeddable":true,"href":"https:\/\/www.ansermoz-photography.com\/fr\/wp-json\/wp\/v2\/tags?post=342"}],"curies":[{"name":"wp","href":"https:\/\/api.w.org\/{rel}","templated":true}]}}