{"id":360,"date":"2014-05-01T17:24:52","date_gmt":"2014-05-01T21:24:52","guid":{"rendered":"https:\/\/ansermoz-photography.com\/?p=360"},"modified":"2021-11-30T11:42:11","modified_gmt":"2021-11-30T11:42:11","slug":"belding-corticelli-coaticook-quebec","status":"publish","type":"post","link":"https:\/\/www.ansermoz-photography.com\/fr\/quoi\/belding-corticelli-coaticook-quebec\/","title":{"rendered":"Belding Corticelli &#8211; Coaticook, Qu\u00e9bec"},"content":{"rendered":"<div class=\"the-content\"><p>L\u2019histoire de la Belding Corticelli de Coaticook, Qu\u00e9bec, d\u00e9bute en 1883 lorsque John Thornton et Edwin F. Tomkins ach\u00e8tent une machine \u00e0 tisser de la compagnie Coaticook Cotton.<br \/>\nIls d\u00e9marrent une petite entreprise qui s&rsquo;agrandit graduellement en acqu\u00e9rant de nouvelles machines et en s&rsquo;incorporant sous le nom de Cascade Narrow Fabric.<\/p>\n<div class=\"photo-gallery-display row\">\t\t<div class=\"col-12 col-lg-12 content_gallery align-items-start justify-content-start gallery-masonry naf-pc-element mt-4 mb-4\" data-animatecss=\"fadeIn\">\n\t\t\t<div>\n\t\t\t\t\t\t\t\t<div class=\"row d-flex justify-content-center\">\n\t\t\t\t\t<div class=\"col-12 col-md-6 col-lg-4 mb-4\"><a href=\"https:\/\/www.ansermoz-photography.com\/wp-content\/gallery\/belding-corticelli\/belding-corticelli-090.jpg\" class=\"fresco  horizontal-photo-700 h\" data-fresco-caption=\"<span>Usine de la Belding Corticelli de Coaticook, Qu\u00e9bec<\/span><br\/>F8, 1\/250 sec, 55 mm, ISO400, Canon EOS 400D DIGITAL\" data-fresco-group=\"slider-89\" data-fresco-group-options=\"thumbnails: false\"><img decoding=\"async\" src=\"https:\/\/www.ansermoz-photography.com\/wp-content\/gallery\/belding-corticelli\/belding-corticelli-090.jpg\" alt=\"Usine de la Belding Corticelli de Coaticook, Qu\u00e9bec\" \/><\/a><\/div><div class=\"col-12 col-md-6 col-lg-4 mb-4\"><a href=\"https:\/\/www.ansermoz-photography.com\/wp-content\/gallery\/belding-corticelli\/belding-corticelli-091.jpg\" class=\"fresco  horizontal-photo-700 h\" data-fresco-caption=\"<span>Usine de la Belding Corticelli de Coaticook, Qu\u00e9bec<\/span><br\/>F8, 1\/250 sec, 33 mm, ISO400, Canon EOS 400D DIGITAL\" data-fresco-group=\"slider-89\" data-fresco-group-options=\"thumbnails: false\"><img decoding=\"async\" src=\"https:\/\/www.ansermoz-photography.com\/wp-content\/gallery\/belding-corticelli\/belding-corticelli-091.jpg\" alt=\"Usine de la Belding Corticelli de Coaticook, Qu\u00e9bec\" \/><\/a><\/div><div class=\"col-12 col-md-6 col-lg-4 mb-4\"><a href=\"https:\/\/www.ansermoz-photography.com\/wp-content\/gallery\/belding-corticelli\/belding-corticelli-092.jpg\" class=\"fresco  horizontal-photo-700 h\" data-fresco-caption=\"<span>Usine de la Belding Corticelli de Coaticook, Qu\u00e9bec<\/span><br\/>F5.6, 1\/40 sec, 55 mm, ISO1600, Canon EOS 400D DIGITAL\" data-fresco-group=\"slider-89\" data-fresco-group-options=\"thumbnails: false\"><img decoding=\"async\" src=\"https:\/\/www.ansermoz-photography.com\/wp-content\/gallery\/belding-corticelli\/belding-corticelli-092.jpg\" alt=\"Usine de la Belding Corticelli de Coaticook, Qu\u00e9bec\" \/><\/a><\/div><div class=\"col-12 col-md-6 col-lg-4 mb-4\"><a href=\"https:\/\/www.ansermoz-photography.com\/wp-content\/gallery\/belding-corticelli\/belding-corticelli-107.jpg\" class=\"fresco  horizontal-photo-700 h\" data-fresco-caption=\"<span>Usine de la Belding Corticelli de Coaticook, Qu\u00e9bec<\/span><br\/>F2.8, 1\/250 sec, 100 mm, ISO200, Canon EOS 400D DIGITAL\" data-fresco-group=\"slider-89\" data-fresco-group-options=\"thumbnails: false\"><img decoding=\"async\" src=\"https:\/\/www.ansermoz-photography.com\/wp-content\/gallery\/belding-corticelli\/belding-corticelli-107.jpg\" alt=\"Usine de la Belding Corticelli de Coaticook, Qu\u00e9bec\" \/><\/a><\/div><div class=\"col-12 col-md-6 col-lg-4 mb-4\"><a href=\"https:\/\/www.ansermoz-photography.com\/wp-content\/gallery\/belding-corticelli\/belding-corticelli-117.jpg\" class=\"fresco  horizontal-photo-700 h\" data-fresco-caption=\"<span>Usine de la Belding Corticelli de Coaticook, Qu\u00e9bec<\/span><br\/>F2.8, 1\/1600 sec, 100 mm, ISO800, Canon EOS 400D DIGITAL\" data-fresco-group=\"slider-89\" data-fresco-group-options=\"thumbnails: false\"><img decoding=\"async\" src=\"https:\/\/www.ansermoz-photography.com\/wp-content\/gallery\/belding-corticelli\/belding-corticelli-117.jpg\" alt=\"Usine de la Belding Corticelli de Coaticook, Qu\u00e9bec\" \/><\/a><\/div><div class=\"col-12 col-md-6 col-lg-4 mb-4\"><a href=\"https:\/\/www.ansermoz-photography.com\/wp-content\/gallery\/belding-corticelli\/belding-corticelli-121.jpg\" class=\"fresco  horizontal-photo-700 h\" data-fresco-caption=\"<span>Usine de la Belding Corticelli de Coaticook, Qu\u00e9bec<\/span><br\/>F2.8, 1\/4000 sec, 100 mm, ISO800, Canon EOS 400D DIGITAL\" data-fresco-group=\"slider-89\" data-fresco-group-options=\"thumbnails: false\"><img decoding=\"async\" src=\"https:\/\/www.ansermoz-photography.com\/wp-content\/gallery\/belding-corticelli\/belding-corticelli-121.jpg\" alt=\"Usine de la Belding Corticelli de Coaticook, Qu\u00e9bec\" \/><\/a><\/div><div class=\"col-12 col-md-6 col-lg-4 mb-4\"><a href=\"https:\/\/www.ansermoz-photography.com\/wp-content\/gallery\/belding-corticelli\/belding-corticelli-135.jpg\" class=\"fresco  horizontal-photo-700 h\" data-fresco-caption=\"<span>Usine de la Belding Corticelli de Coaticook, Qu\u00e9bec<\/span><br\/>F2.8, 1\/160 sec, 100 mm, ISO1600, Canon EOS 400D DIGITAL\" data-fresco-group=\"slider-89\" data-fresco-group-options=\"thumbnails: false\"><img decoding=\"async\" src=\"https:\/\/www.ansermoz-photography.com\/wp-content\/gallery\/belding-corticelli\/belding-corticelli-135.jpg\" alt=\"Usine de la Belding Corticelli de Coaticook, Qu\u00e9bec\" \/><\/a><\/div><div class=\"col-12 col-md-6 col-lg-4 mb-4\"><a href=\"https:\/\/www.ansermoz-photography.com\/wp-content\/gallery\/belding-corticelli\/belding-corticelli-138.jpg\" class=\"fresco  vertical-photo vertical-photo-700 v\" data-fresco-caption=\"<span>Usine de la Belding Corticelli de Coaticook, Qu\u00e9bec<\/span><br\/>F13, 1\/30 sec, 10 mm, ISO400, Canon EOS 7D\" data-fresco-group=\"slider-89\" data-fresco-group-options=\"thumbnails: false\"><img decoding=\"async\" src=\"https:\/\/www.ansermoz-photography.com\/wp-content\/gallery\/belding-corticelli\/belding-corticelli-138.jpg\" alt=\"Usine de la Belding Corticelli de Coaticook, Qu\u00e9bec\" \/><\/a><\/div><div class=\"col-12 col-md-6 col-lg-4 mb-4\"><a href=\"https:\/\/www.ansermoz-photography.com\/wp-content\/gallery\/belding-corticelli\/belding-corticelli-140.jpg\" class=\"fresco  horizontal-photo-700 h\" data-fresco-caption=\"<span>Usine de la Belding Corticelli de Coaticook, Qu\u00e9bec<\/span><br\/>F2.8, 1\/130 sec, 100 mm, ISO1600, Canon EOS 400D DIGITAL\" data-fresco-group=\"slider-89\" data-fresco-group-options=\"thumbnails: false\"><img decoding=\"async\" src=\"https:\/\/www.ansermoz-photography.com\/wp-content\/gallery\/belding-corticelli\/belding-corticelli-140.jpg\" alt=\"Usine de la Belding Corticelli de Coaticook, Qu\u00e9bec\" \/><\/a><\/div><div class=\"col-12 col-md-6 col-lg-4 mb-4\"><a href=\"https:\/\/www.ansermoz-photography.com\/wp-content\/gallery\/belding-corticelli\/belding-corticelli-144.jpg\" class=\"fresco  horizontal-photo-700 h\" data-fresco-caption=\"<span>Usine de la Belding Corticelli de Coaticook, Qu\u00e9bec<\/span><br\/>F7.1, 1\/0 sec, 18 mm, ISO800, Canon EOS 7D\" data-fresco-group=\"slider-89\" data-fresco-group-options=\"thumbnails: false\"><img decoding=\"async\" src=\"https:\/\/www.ansermoz-photography.com\/wp-content\/gallery\/belding-corticelli\/belding-corticelli-144.jpg\" alt=\"Usine de la Belding Corticelli de Coaticook, Qu\u00e9bec\" \/><\/a><\/div><div class=\"col-12 col-md-6 col-lg-4 mb-4\"><a href=\"https:\/\/www.ansermoz-photography.com\/wp-content\/gallery\/belding-corticelli\/belding-corticelli-163.jpg\" class=\"fresco  horizontal-photo-700 h\" data-fresco-caption=\"<span>Usine de la Belding Corticelli de Coaticook, Qu\u00e9bec<\/span><br\/>F4, 1\/20 sec, 10 mm, ISO1600, Canon EOS 400D DIGITAL\" data-fresco-group=\"slider-89\" data-fresco-group-options=\"thumbnails: false\"><img decoding=\"async\" src=\"https:\/\/www.ansermoz-photography.com\/wp-content\/gallery\/belding-corticelli\/belding-corticelli-163.jpg\" alt=\"Usine de la Belding Corticelli de Coaticook, Qu\u00e9bec\" \/><\/a><\/div><div class=\"col-12 col-md-6 col-lg-4 mb-4\"><a href=\"https:\/\/www.ansermoz-photography.com\/wp-content\/gallery\/belding-corticelli\/belding-corticelli-169.jpg\" class=\"fresco  horizontal-photo-700 h\" data-fresco-caption=\"<span>Usine de la Belding Corticelli de Coaticook, Qu\u00e9bec<\/span><br\/>F2.8, 1\/320 sec, 100 mm, ISO1600, Canon EOS 400D DIGITAL\" data-fresco-group=\"slider-89\" data-fresco-group-options=\"thumbnails: false\"><img decoding=\"async\" src=\"https:\/\/www.ansermoz-photography.com\/wp-content\/gallery\/belding-corticelli\/belding-corticelli-169.jpg\" alt=\"Usine de la Belding Corticelli de Coaticook, Qu\u00e9bec\" \/><\/a><\/div><div class=\"col-12 col-md-6 col-lg-4 mb-4\"><a href=\"https:\/\/www.ansermoz-photography.com\/wp-content\/gallery\/belding-corticelli\/belding-corticelli-207.jpg\" class=\"fresco  horizontal-photo-700 h\" data-fresco-caption=\"<span>Usine de la Belding Corticelli de Coaticook, Qu\u00e9bec<\/span><br\/>F9, 1\/1250 sec, 100 mm, ISO400, Canon EOS 400D DIGITAL\" data-fresco-group=\"slider-89\" data-fresco-group-options=\"thumbnails: false\"><img decoding=\"async\" src=\"https:\/\/www.ansermoz-photography.com\/wp-content\/gallery\/belding-corticelli\/belding-corticelli-207.jpg\" alt=\"Usine de la Belding Corticelli de Coaticook, Qu\u00e9bec\" \/><\/a><\/div>\t\t\t\t<\/div>\n\t\t\t\t\t\t\t<\/div>\n\t\t<\/div>\n\t\t<\/div>\n<p>En 1898, elle est achet\u00e9e par la Corticelli Silk Cie. Apr\u00e8s de nouveaux am\u00e9nagements, elle devient la Belding Corticelli Lt\u00e9e en 1911 et d\u00e8s 1925, poss\u00e8de 1500 machines et emploie entre 200 et 300 ouvriers et ouvri\u00e8res. On fabrique des galons plats, ronds, \u00e9lastiques ou non \u00e9lastiques et des lacets pour corsets et chaussures.<\/p>\n<p>L\u2019entreprise Belding Corticelli Lt\u00e9e a beaucoup contribu\u00e9 \u00e0 l\u2019effort de guerre lors de la Seconde Guerre mondiale. En effet, 25 % du personnel de l\u2019usine a joint les rangs de l\u2019arm\u00e9e. Malgr\u00e9 cela, la compagnie a fabriqu\u00e9 un bon nombre d\u2019articles pour les militaires : cordes de parachute, lacets pour les bottes d\u2019arm\u00e9e, ruban chirurgical et \u00e9lectrique, gaines de coton isolantes, chevrons de service, bandes \u00e9lastiques pour les masques \u00e0 gaz, etc.<\/p>\n<div class=\"photo-gallery-display row\">\t\t<div class=\"col-12 col-lg-12 content_gallery align-items-start justify-content-start gallery-masonry naf-pc-element mt-4 mb-4\" data-animatecss=\"fadeIn\">\n\t\t\t<div>\n\t\t\t\t\t\t\t\t<div class=\"row d-flex justify-content-center\">\n\t\t\t\t\t<div class=\"col-12 col-md-6 col-lg-4 mb-4\"><a href=\"https:\/\/www.ansermoz-photography.com\/wp-content\/gallery\/corticelli-quebec\/belding-corticelli-151.jpg\" class=\"fresco  horizontal-photo-700 h\" data-fresco-caption=\"<span>Usine de la Belding Corticelli de Coaticook, Qu\u00e9bec<\/span><br\/>F13, 1\/130 sec, 10 mm, ISO800, Canon EOS 7D\" data-fresco-group=\"slider-90\" data-fresco-group-options=\"thumbnails: false\"><img decoding=\"async\" src=\"https:\/\/www.ansermoz-photography.com\/wp-content\/gallery\/corticelli-quebec\/belding-corticelli-151.jpg\" alt=\"Usine de la Belding Corticelli de Coaticook, Qu\u00e9bec\" \/><\/a><\/div><div class=\"col-12 col-md-6 col-lg-4 mb-4\"><a href=\"https:\/\/www.ansermoz-photography.com\/wp-content\/gallery\/corticelli-quebec\/belding-corticelli-158.jpg\" class=\"fresco  vertical-photo vertical-photo-700 v\" data-fresco-caption=\"<span>Usine de la Belding Corticelli de Coaticook, Qu\u00e9bec<\/span><br\/>F13, 1\/80 sec, 10 mm, ISO800, Canon EOS 7D\" data-fresco-group=\"slider-90\" data-fresco-group-options=\"thumbnails: false\"><img decoding=\"async\" src=\"https:\/\/www.ansermoz-photography.com\/wp-content\/gallery\/corticelli-quebec\/belding-corticelli-158.jpg\" alt=\"Usine de la Belding Corticelli de Coaticook, Qu\u00e9bec\" \/><\/a><\/div><div class=\"col-12 col-md-6 col-lg-4 mb-4\"><a href=\"https:\/\/www.ansermoz-photography.com\/wp-content\/gallery\/corticelli-quebec\/belding-corticelli-162.jpg\" class=\"fresco  vertical-photo vertical-photo-700 v\" data-fresco-caption=\"<span>Usine de la Belding Corticelli de Coaticook, Qu\u00e9bec<\/span><br\/>F13, 1\/0 sec, 12 mm, ISO100, Canon EOS 7D\" data-fresco-group=\"slider-90\" data-fresco-group-options=\"thumbnails: false\"><img decoding=\"async\" src=\"https:\/\/www.ansermoz-photography.com\/wp-content\/gallery\/corticelli-quebec\/belding-corticelli-162.jpg\" alt=\"Usine de la Belding Corticelli de Coaticook, Qu\u00e9bec\" \/><\/a><\/div><div class=\"col-12 col-md-6 col-lg-4 mb-4\"><a href=\"https:\/\/www.ansermoz-photography.com\/wp-content\/gallery\/corticelli-quebec\/belding-corticelli-168.jpg\" class=\"fresco  horizontal-photo-700 h\" data-fresco-caption=\"<span>Usine de la Belding Corticelli de Coaticook, Qu\u00e9bec<\/span><br\/>F4, 1\/250 sec, 10 mm, ISO800, Canon EOS 7D\" data-fresco-group=\"slider-90\" data-fresco-group-options=\"thumbnails: false\"><img decoding=\"async\" src=\"https:\/\/www.ansermoz-photography.com\/wp-content\/gallery\/corticelli-quebec\/belding-corticelli-168.jpg\" alt=\"Usine de la Belding Corticelli de Coaticook, Qu\u00e9bec\" \/><\/a><\/div><div class=\"col-12 col-md-6 col-lg-4 mb-4\"><a href=\"https:\/\/www.ansermoz-photography.com\/wp-content\/gallery\/corticelli-quebec\/belding-corticelli-218.jpg\" class=\"fresco  vertical-photo vertical-photo-700 v\" data-fresco-caption=\"<span>Usine de la Belding Corticelli de Coaticook, Qu\u00e9bec<\/span><br\/>F8, 1\/40 sec, 34 mm, ISO800, Canon EOS 7D\" data-fresco-group=\"slider-90\" data-fresco-group-options=\"thumbnails: false\"><img decoding=\"async\" src=\"https:\/\/www.ansermoz-photography.com\/wp-content\/gallery\/corticelli-quebec\/belding-corticelli-218.jpg\" alt=\"Usine de la Belding Corticelli de Coaticook, Qu\u00e9bec\" \/><\/a><\/div><div class=\"col-12 col-md-6 col-lg-4 mb-4\"><a href=\"https:\/\/www.ansermoz-photography.com\/wp-content\/gallery\/corticelli-quebec\/belding-corticelli-225.jpg\" class=\"fresco  horizontal-photo-700 h\" data-fresco-caption=\"<span>Usine de la Belding Corticelli de Coaticook, Qu\u00e9bec<\/span><br\/>F7.1, 1\/160 sec, 35 mm, ISO800, Canon EOS 7D\" data-fresco-group=\"slider-90\" data-fresco-group-options=\"thumbnails: false\"><img decoding=\"async\" src=\"https:\/\/www.ansermoz-photography.com\/wp-content\/gallery\/corticelli-quebec\/belding-corticelli-225.jpg\" alt=\"Usine de la Belding Corticelli de Coaticook, Qu\u00e9bec\" \/><\/a><\/div><div class=\"col-12 col-md-6 col-lg-4 mb-4\"><a href=\"https:\/\/www.ansermoz-photography.com\/wp-content\/gallery\/corticelli-quebec\/belding-corticelli-259.jpg\" class=\"fresco  vertical-photo vertical-photo-700 v\" data-fresco-caption=\"<span>Usine de la Belding Corticelli de Coaticook, Qu\u00e9bec<\/span><br\/>F9, 1\/0 sec, 41 mm, ISO800, Canon EOS 7D\" data-fresco-group=\"slider-90\" data-fresco-group-options=\"thumbnails: false\"><img decoding=\"async\" src=\"https:\/\/www.ansermoz-photography.com\/wp-content\/gallery\/corticelli-quebec\/belding-corticelli-259.jpg\" alt=\"Usine de la Belding Corticelli de Coaticook, Qu\u00e9bec\" \/><\/a><\/div><div class=\"col-12 col-md-6 col-lg-4 mb-4\"><a href=\"https:\/\/www.ansermoz-photography.com\/wp-content\/gallery\/corticelli-quebec\/belding-corticelli-262.jpg\" class=\"fresco  horizontal-photo-700 h\" data-fresco-caption=\"<span>Usine de la Belding Corticelli de Coaticook, Qu\u00e9bec<\/span><br\/>F6.3, 1\/10 sec, 33 mm, ISO800, Canon EOS 7D\" data-fresco-group=\"slider-90\" data-fresco-group-options=\"thumbnails: false\"><img decoding=\"async\" src=\"https:\/\/www.ansermoz-photography.com\/wp-content\/gallery\/corticelli-quebec\/belding-corticelli-262.jpg\" alt=\"Usine de la Belding Corticelli de Coaticook, Qu\u00e9bec\" \/><\/a><\/div><div class=\"col-12 col-md-6 col-lg-4 mb-4\"><a href=\"https:\/\/www.ansermoz-photography.com\/wp-content\/gallery\/corticelli-quebec\/belding-corticelli-287.jpg\" class=\"fresco  horizontal-photo-700 h\" data-fresco-caption=\"<span>Usine de la Belding Corticelli de Coaticook, Qu\u00e9bec<\/span><br\/>F13, 8 sec, 30 mm, ISO320, Canon EOS 7D\" data-fresco-group=\"slider-90\" data-fresco-group-options=\"thumbnails: false\"><img decoding=\"async\" src=\"https:\/\/www.ansermoz-photography.com\/wp-content\/gallery\/corticelli-quebec\/belding-corticelli-287.jpg\" alt=\"Usine de la Belding Corticelli de Coaticook, Qu\u00e9bec\" \/><\/a><\/div>\t\t\t\t<\/div>\n\t\t\t\t\t\t\t<\/div>\n\t\t<\/div>\n\t\t<\/div>\n<p>En 1946, l\u2019usine prend de l\u2019expansion. La Belding Corticelli Lt\u00e9e ach\u00e8te la b\u00e2tisse de la Canadian Duff-Norton Lt\u00e9e sur la rue Cutting \u00e0 Coaticook pour un montant de 30 000 $.<br \/>\nGr\u00e2ce \u00e0 cet investissement, une soixantaine de personnes auront du travail.<\/p>\n<p>Pour des raisons \u00e9conomiques, l\u2019usine Belding Corticelli Lt\u00e9e a ferm\u00e9 ses portes en 2004.<\/p>\n<div class=\"photo-gallery-display row\">\t\t<div class=\"col-12 col-lg-12 content_gallery align-items-start justify-content-start gallery-masonry naf-pc-element mt-4 mb-4\" data-animatecss=\"fadeIn\">\n\t\t\t<div>\n\t\t\t\t\t\t\t\t<div class=\"row d-flex justify-content-center\">\n\t\t\t\t\t<div class=\"col-12 col-md-6 col-lg-4 mb-4\"><a href=\"https:\/\/www.ansermoz-photography.com\/wp-content\/gallery\/belding-corticelli-qc\/belding-corticelli-1285.jpg\" class=\"fresco  vertical-photo vertical-photo-700 v\" data-fresco-caption=\"<span>Usine de la Belding Corticelli de Coaticook, Qu\u00e9bec<\/span><br\/>F7.1, 1\/200 sec, 55 mm, ISO320, Canon EOS 7D\" data-fresco-group=\"slider-91\" data-fresco-group-options=\"thumbnails: false\"><img decoding=\"async\" src=\"https:\/\/www.ansermoz-photography.com\/wp-content\/gallery\/belding-corticelli-qc\/belding-corticelli-1285.jpg\" alt=\"Usine de la Belding Corticelli de Coaticook, Qu\u00e9bec\" \/><\/a><\/div><div class=\"col-12 col-md-6 col-lg-4 mb-4\"><a href=\"https:\/\/www.ansermoz-photography.com\/wp-content\/gallery\/belding-corticelli-qc\/belding-corticelli-299.jpg\" class=\"fresco  vertical-photo vertical-photo-700 v\" data-fresco-caption=\"<span>Usine de la Belding Corticelli de Coaticook, Qu\u00e9bec<\/span><br\/>F4, 1\/20 sec, 10 mm, ISO1250, Canon EOS 7D\" data-fresco-group=\"slider-91\" data-fresco-group-options=\"thumbnails: false\"><img decoding=\"async\" src=\"https:\/\/www.ansermoz-photography.com\/wp-content\/gallery\/belding-corticelli-qc\/belding-corticelli-299.jpg\" alt=\"Usine de la Belding Corticelli de Coaticook, Qu\u00e9bec\" \/><\/a><\/div><div class=\"col-12 col-md-6 col-lg-4 mb-4\"><a href=\"https:\/\/www.ansermoz-photography.com\/wp-content\/gallery\/belding-corticelli-qc\/belding-corticelli-302.jpg\" class=\"fresco  vertical-photo vertical-photo-700 v\" data-fresco-caption=\"<span>Usine de la Belding Corticelli de Coaticook, Qu\u00e9bec<\/span><br\/>F4, 1\/0 sec, 10 mm, ISO1250, Canon EOS 7D\" data-fresco-group=\"slider-91\" data-fresco-group-options=\"thumbnails: false\"><img decoding=\"async\" src=\"https:\/\/www.ansermoz-photography.com\/wp-content\/gallery\/belding-corticelli-qc\/belding-corticelli-302.jpg\" alt=\"Usine de la Belding Corticelli de Coaticook, Qu\u00e9bec\" \/><\/a><\/div><div class=\"col-12 col-md-6 col-lg-4 mb-4\"><a href=\"https:\/\/www.ansermoz-photography.com\/wp-content\/gallery\/belding-corticelli-qc\/belding-corticelli-321.jpg\" class=\"fresco  horizontal-photo-700 h\" data-fresco-caption=\"<span>Usine de la Belding Corticelli de Coaticook, Qu\u00e9bec<\/span><br\/>F11, 1\/320 sec, 24 mm, ISO320, Canon EOS 7D\" data-fresco-group=\"slider-91\" data-fresco-group-options=\"thumbnails: false\"><img decoding=\"async\" src=\"https:\/\/www.ansermoz-photography.com\/wp-content\/gallery\/belding-corticelli-qc\/belding-corticelli-321.jpg\" alt=\"Usine de la Belding Corticelli de Coaticook, Qu\u00e9bec\" \/><\/a><\/div><div class=\"col-12 col-md-6 col-lg-4 mb-4\"><a href=\"https:\/\/www.ansermoz-photography.com\/wp-content\/gallery\/belding-corticelli-qc\/belding-corticelli-330.jpg\" class=\"fresco  horizontal-photo-700 h\" data-fresco-caption=\"<span>Usine de la Belding Corticelli de Coaticook, Qu\u00e9bec<\/span><br\/>F16, 1\/400 sec, 163 mm, ISO320, Canon EOS 7D\" data-fresco-group=\"slider-91\" data-fresco-group-options=\"thumbnails: false\"><img decoding=\"async\" src=\"https:\/\/www.ansermoz-photography.com\/wp-content\/gallery\/belding-corticelli-qc\/belding-corticelli-330.jpg\" alt=\"Usine de la Belding Corticelli de Coaticook, Qu\u00e9bec\" \/><\/a><\/div><div class=\"col-12 col-md-6 col-lg-4 mb-4\"><a href=\"https:\/\/www.ansermoz-photography.com\/wp-content\/gallery\/belding-corticelli-qc\/belding-corticelli-334.jpg\" class=\"fresco  horizontal-photo-700 h\" data-fresco-caption=\"<span>Usine de la Belding Corticelli de Coaticook, Qu\u00e9bec<\/span><br\/>F5, 1\/2500 sec, 33 mm, ISO320, Canon EOS 7D\" data-fresco-group=\"slider-91\" data-fresco-group-options=\"thumbnails: false\"><img decoding=\"async\" src=\"https:\/\/www.ansermoz-photography.com\/wp-content\/gallery\/belding-corticelli-qc\/belding-corticelli-334.jpg\" alt=\"Usine de la Belding Corticelli de Coaticook, Qu\u00e9bec\" \/><\/a><\/div>\t\t\t\t<\/div>\n\t\t\t\t\t\t\t<\/div>\n\t\t<\/div>\n\t\t<\/div>\n<p>Pr\u00e9sentement, la transformation de l&rsquo;ancienne usine Belding Corticelli en complexe h\u00f4telier est en cours. Le chantier a sorti l&rsquo;artillerie lourde pour d\u00e9truire une bonne partie de l&rsquo;\u00e9tablissement.<br \/>\nAu printemps 2015, le futur complexe h\u00f4telier de l&rsquo;ancienne usine, devrait ouvrir ses portes  gr\u00e2ce \u00e0 des investissements estim\u00e9s entre 7 et 8 M$.<\/p>\n<p>NOTE IMPORTANTE:<br \/>\nL\u2019exploration urbaine peut \u00eatre dangereuse et ill\u00e9gale, alors fa\u00eetes attention si vous visitez ces lieux abandonn\u00e9s. Nous ne vous encourageons pas \u00e0 les explorer, mais si vous le fa\u00eetes, veuillez s\u2019il vous plait respecter ces lieux anciens.<br \/>\nVous entrez \u00e0 vos risques et p\u00e9rils!<\/p>\n<\/div>","protected":false},"excerpt":{"rendered":"<p>L\u2019histoire de la Belding Corticelli de Coaticook, Qu\u00e9bec, d\u00e9bute en 1883 lorsque John Thornton et Edwin F. Tomkins ach\u00e8tent une machine \u00e0 tisser de la compagnie Coaticook Cotton. Ils d\u00e9marrent une petite entreprise qui s&rsquo;agrandit graduellement en acqu\u00e9rant de nouvelles machines et en s&rsquo;incorporant sous le nom de Cascade Narrow Fabric. En 1898, elle est achet\u00e9e par la Corticelli Silk Cie. Apr\u00e8s de nouveaux am\u00e9nagements, elle devient la Belding Corticelli Lt\u00e9e en 1911 et d\u00e8s 1925, poss\u00e8de 1500 machines et &hellip;<\/p>\n","protected":false},"author":1,"featured_media":367,"comment_status":"open","ping_status":"open","sticky":false,"template":"","format":"standard","meta":{"_acf_changed":false,"footnotes":""},"categories":[4],"tags":[147,276,274,138,137,173],"class_list":["post-360","post","type-post","status-publish","format-standard","has-post-thumbnail","hentry","category-what","tag-abandoned-places","tag-belding-corticelli","tag-quebec","tag-urban-exploration","tag-urban-photography","tag-urbex"],"acf":[],"_links":{"self":[{"href":"https:\/\/www.ansermoz-photography.com\/fr\/wp-json\/wp\/v2\/posts\/360","targetHints":{"allow":["GET"]}}],"collection":[{"href":"https:\/\/www.ansermoz-photography.com\/fr\/wp-json\/wp\/v2\/posts"}],"about":[{"href":"https:\/\/www.ansermoz-photography.com\/fr\/wp-json\/wp\/v2\/types\/post"}],"author":[{"embeddable":true,"href":"https:\/\/www.ansermoz-photography.com\/fr\/wp-json\/wp\/v2\/users\/1"}],"replies":[{"embeddable":true,"href":"https:\/\/www.ansermoz-photography.com\/fr\/wp-json\/wp\/v2\/comments?post=360"}],"version-history":[{"count":0,"href":"https:\/\/www.ansermoz-photography.com\/fr\/wp-json\/wp\/v2\/posts\/360\/revisions"}],"wp:featuredmedia":[{"embeddable":true,"href":"https:\/\/www.ansermoz-photography.com\/fr\/wp-json\/wp\/v2\/media\/367"}],"wp:attachment":[{"href":"https:\/\/www.ansermoz-photography.com\/fr\/wp-json\/wp\/v2\/media?parent=360"}],"wp:term":[{"taxonomy":"category","embeddable":true,"href":"https:\/\/www.ansermoz-photography.com\/fr\/wp-json\/wp\/v2\/categories?post=360"},{"taxonomy":"post_tag","embeddable":true,"href":"https:\/\/www.ansermoz-photography.com\/fr\/wp-json\/wp\/v2\/tags?post=360"}],"curies":[{"name":"wp","href":"https:\/\/api.w.org\/{rel}","templated":true}]}}