{"id":393,"date":"2014-07-11T13:33:55","date_gmt":"2014-07-11T17:33:55","guid":{"rendered":"https:\/\/ansermoz-photography.com\/?p=393"},"modified":"2014-12-09T09:00:24","modified_gmt":"2014-12-09T13:00:24","slug":"wildlife-in-switzerland-some-animals","status":"publish","type":"post","link":"https:\/\/www.ansermoz-photography.com\/fr\/quoi\/faune-suisse-quelques-animaux\/","title":{"rendered":"Faune Suisse &#8211; Quelques Animaux"},"content":{"rendered":"<div class=\"the-content\"><p>Bonjour les photographes et les amoureux de la faune,<\/p>\n<p>Voici quelques photos de la faune prises en Suisse.<br \/>\nElles ne sont pas exceptionnelles ou incroyables, mais c&rsquo;est simplement une fa\u00e7on de montrer, et de partager la faune suisse, que j&rsquo;ai \u00e9t\u00e9 en mesure de capturer avec mon appareil photo jusqu&rsquo;\u00e0 pr\u00e9sent.<br \/>\nEn esp\u00e9rant photographier des animaux qui sont rares \u00e0 observer, comme  le Lynx,  ou peut-\u00eatre, un ours isol\u00e9 dans le canton des Grisons.<br \/>\nLa plupart des animaux qui sont pr\u00e9sents sur les photos de la faune, ont \u00e9t\u00e9 photographi\u00e9s dans le canton de Fribourg, dans la r\u00e9gion de la Gruy\u00e8re.<\/p>\n<p>Il y a deux fa\u00e7ons pour moi de prendre des photos de la faune en Suisse comme ailleurs dans le monde.<br \/>\nLa premi\u00e8re est d&rsquo;explorer et de prendre des photos en m\u00eame temps. C&rsquo;est \u00e0 dire de randonner avec mon \u00e9quipement, et rep\u00e9rer les endroits qui peuvent \u00eatre bien pour un aff\u00fbt (la deuxi\u00e8me fa\u00e7on).<\/p>\n<div class=\"photo-gallery-display row\">\t\t<div class=\"col-12 col-lg-12 content_gallery align-items-start justify-content-start gallery-masonry naf-pc-element mt-4 mb-4\" data-animatecss=\"fadeIn\">\n\t\t\t<div>\n\t\t\t\t\t\t\t\t<div class=\"row d-flex justify-content-center\">\n\t\t\t\t\t<div class=\"col-12 col-md-6 col-lg-4 mb-4\"><a href=\"https:\/\/www.ansermoz-photography.com\/wp-content\/gallery\/wildlife-squirrel\/C7_Jmg_1335.jpg\" class=\"fresco  horizontal-photo-700 h\" data-fresco-caption=\"<span>C7 Jmg 1335<\/span><br\/>F4, 1\/640 sec, 159 mm, ISO800, Canon EOS 7D\" data-fresco-group=\"slider-123\" data-fresco-group-options=\"thumbnails: false\"><img decoding=\"async\" src=\"https:\/\/www.ansermoz-photography.com\/wp-content\/gallery\/wildlife-squirrel\/C7_Jmg_1335.jpg\" alt=\"C7 Jmg 1335\" \/><\/a><\/div><div class=\"col-12 col-md-6 col-lg-4 mb-4\"><a href=\"https:\/\/www.ansermoz-photography.com\/wp-content\/gallery\/wildlife-squirrel\/C7_Jmg_1347.jpg\" class=\"fresco  horizontal-photo-700 h\" data-fresco-caption=\"<span>C7 Jmg 1347<\/span><br\/>F4, 1\/640 sec, 200 mm, ISO800, Canon EOS 7D\" data-fresco-group=\"slider-123\" data-fresco-group-options=\"thumbnails: false\"><img decoding=\"async\" src=\"https:\/\/www.ansermoz-photography.com\/wp-content\/gallery\/wildlife-squirrel\/C7_Jmg_1347.jpg\" alt=\"C7 Jmg 1347\" \/><\/a><\/div>\t\t\t\t<\/div>\n\t\t\t\t\t\t\t<\/div>\n\t\t<\/div>\n\t\t<\/div>\n<p>Toujours camoufl\u00e9, marchez et grimpez lentement, parfois vous pouvez rencontrer ou d\u00e9couvrir un animal en train de manger ou dormir. Mais se cacher dans un endroit bien plac\u00e9, peut vous amener \u00e0 faire de meilleures photos. Malheureusement, vous devrez souvent attendre pendant des heures et ne rien voir se manifester.<br \/>\nMais ne renoncez pas, je suppose que la chance fait aussi partie du jeu.<\/p>\n<div class=\"photo-gallery-display row\">\t\t<div class=\"col-12 col-lg-12 content_gallery align-items-start justify-content-start gallery-masonry naf-pc-element mt-4 mb-4\" data-animatecss=\"fadeIn\">\n\t\t\t<div>\n\t\t\t\t\t\t\t\t<div class=\"row d-flex justify-content-center\">\n\t\t\t\t\t<div class=\"col-12 col-md-6 col-lg-4 mb-4\"><a href=\"https:\/\/www.ansermoz-photography.com\/wp-content\/gallery\/chamois\/chamois-fuite.jpg\" class=\"fresco  horizontal-photo-700 h\" data-fresco-caption=\"<span>Chamois fuite<\/span><br\/>F5.6, 1\/320 sec, 138 mm, ISO3200, Canon EOS 7D\" data-fresco-group=\"slider-117\" data-fresco-group-options=\"thumbnails: false\"><img decoding=\"async\" src=\"https:\/\/www.ansermoz-photography.com\/wp-content\/gallery\/chamois\/chamois-fuite.jpg\" alt=\"Chamois fuite\" \/><\/a><\/div><div class=\"col-12 col-md-6 col-lg-4 mb-4\"><a href=\"https:\/\/www.ansermoz-photography.com\/wp-content\/gallery\/chamois\/chamois-groupe.jpg\" class=\"fresco  horizontal-photo-700 h\" data-fresco-caption=\"<span>Chamois groupe<\/span><br\/>F6.3, 1\/400 sec, 287 mm, ISO1250, Canon EOS 7D\" data-fresco-group=\"slider-117\" data-fresco-group-options=\"thumbnails: false\"><img decoding=\"async\" src=\"https:\/\/www.ansermoz-photography.com\/wp-content\/gallery\/chamois\/chamois-groupe.jpg\" alt=\"Chamois groupe\" \/><\/a><\/div><div class=\"col-12 col-md-6 col-lg-4 mb-4\"><a href=\"https:\/\/www.ansermoz-photography.com\/wp-content\/gallery\/chamois\/chamois-mange.jpg\" class=\"fresco  horizontal-photo-700 h\" data-fresco-caption=\"<span>Chamois mange<\/span><br\/>F6.3, 1\/160 sec, 500 mm, ISO1600, Canon EOS 7D\" data-fresco-group=\"slider-117\" data-fresco-group-options=\"thumbnails: false\"><img decoding=\"async\" src=\"https:\/\/www.ansermoz-photography.com\/wp-content\/gallery\/chamois\/chamois-mange.jpg\" alt=\"Chamois mange\" \/><\/a><\/div><div class=\"col-12 col-md-6 col-lg-4 mb-4\"><a href=\"https:\/\/www.ansermoz-photography.com\/wp-content\/gallery\/chamois\/chamois-solitaire-neige.jpg\" class=\"fresco  horizontal-photo-700 h\" data-fresco-caption=\"<span>Chamois solitaire neige<\/span><br\/>F7.1, 1\/500 sec, 500 mm, ISO320, Canon EOS 7D\" data-fresco-group=\"slider-117\" data-fresco-group-options=\"thumbnails: false\"><img decoding=\"async\" src=\"https:\/\/www.ansermoz-photography.com\/wp-content\/gallery\/chamois\/chamois-solitaire-neige.jpg\" alt=\"Chamois solitaire neige\" \/><\/a><\/div><div class=\"col-12 col-md-6 col-lg-4 mb-4\"><a href=\"https:\/\/www.ansermoz-photography.com\/wp-content\/gallery\/chamois\/chamois.jpg\" class=\"fresco  horizontal-photo-770 h\" data-fresco-caption=\"<span>Chamois<\/span><br\/>F7.1, 1\/400 sec, 500 mm, ISO800, Canon EOS 7D\" data-fresco-group=\"slider-117\" data-fresco-group-options=\"thumbnails: false\"><img decoding=\"async\" src=\"https:\/\/www.ansermoz-photography.com\/wp-content\/gallery\/chamois\/chamois.jpg\" alt=\"Chamois\" \/><\/a><\/div><div class=\"col-12 col-md-6 col-lg-4 mb-4\"><a href=\"https:\/\/www.ansermoz-photography.com\/wp-content\/gallery\/chamois\/duo-chamois-hiver.jpg\" class=\"fresco  vertical-photo vertical-photo-700 v\" data-fresco-caption=\"<span>Duo chamois hiver<\/span><br\/>F10, 1\/500 sec, 500 mm, ISO1250, Canon EOS 7D\" data-fresco-group=\"slider-117\" data-fresco-group-options=\"thumbnails: false\"><img decoding=\"async\" src=\"https:\/\/www.ansermoz-photography.com\/wp-content\/gallery\/chamois\/duo-chamois-hiver.jpg\" alt=\"Duo chamois hiver\" \/><\/a><\/div>\t\t\t\t<\/div>\n\t\t\t\t\t\t\t<\/div>\n\t\t<\/div>\n\t\t<\/div>\n<p>V\u00e9rifiez  les traces d&rsquo;animaux, empreintes et autres signes de pr\u00e9sence de la faune. La plupart du temps, vous pouvez remarquer un chemin que les animaux utilisent beaucoup.<br \/>\nJe vais certainement \u00e9crire bient\u00f4t un article sur la photographie de la faune, et fournir de bons conseils et astuces.<br \/>\nPour le moment, je vous laisse appr\u00e9cier les photos.<br \/>\nLa premi\u00e8re s\u00e9rie est sur ??les \u00e9cureuils, puis les chamois. Ils ont \u00e9t\u00e9 observ\u00e9s, comme les autres animaux \u00e0 venir, dans les montagnes autour du lac de la Gruy\u00e8re (La dent de Broc, Le biff\u00e9, Estavanens, et pr\u00e8s des Vanils \u00e9galement)<\/p>\n<div class=\"photo-gallery-display row\">\t\t<div class=\"col-12 col-lg-12 content_gallery align-items-start justify-content-start gallery-masonry naf-pc-element mt-4 mb-4\" data-animatecss=\"fadeIn\">\n\t\t\t<div>\n\t\t\t\t\t\t\t\t<div class=\"row d-flex justify-content-center\">\n\t\t\t\t\t<div class=\"col-12 col-md-6 col-lg-4 mb-4\"><a href=\"https:\/\/www.ansermoz-photography.com\/wp-content\/gallery\/bouquetins-suisse\/bouquetins-et-chamois.jpg\" class=\"fresco  horizontal-photo-700 h\" data-fresco-caption=\"<span>Bouquetins et chamois<\/span><br\/>F6.3, 1\/400 sec, 500 mm, ISO1250, Canon EOS 7D\" data-fresco-group=\"slider-116\" data-fresco-group-options=\"thumbnails: false\"><img decoding=\"async\" src=\"https:\/\/www.ansermoz-photography.com\/wp-content\/gallery\/bouquetins-suisse\/bouquetins-et-chamois.jpg\" alt=\"Bouquetins et chamois\" \/><\/a><\/div><div class=\"col-12 col-md-6 col-lg-4 mb-4\"><a href=\"https:\/\/www.ansermoz-photography.com\/wp-content\/gallery\/bouquetins-suisse\/bouquietin-montagne.jpg\" class=\"fresco  horizontal-photo-700 h\" data-fresco-caption=\"<span>Bouquietin montagne<\/span><br\/>F6.3, 1\/640 sec, 500 mm, ISO500, Canon EOS 7D\" data-fresco-group=\"slider-116\" data-fresco-group-options=\"thumbnails: false\"><img decoding=\"async\" src=\"https:\/\/www.ansermoz-photography.com\/wp-content\/gallery\/bouquetins-suisse\/bouquietin-montagne.jpg\" alt=\"Bouquietin montagne\" \/><\/a><\/div><div class=\"col-12 col-md-6 col-lg-4 mb-4\"><a href=\"https:\/\/www.ansermoz-photography.com\/wp-content\/gallery\/bouquetins-suisse\/bouquetins-09.jpg\" class=\"fresco  vertical-photo vertical-photo-770 v\" data-fresco-caption=\"<span>Bouquetins 09<\/span><br\/>F4, 1\/250 sec, 78 mm, ISO400, Canon EOS 7D\" data-fresco-group=\"slider-116\" data-fresco-group-options=\"thumbnails: false\"><img decoding=\"async\" src=\"https:\/\/www.ansermoz-photography.com\/wp-content\/gallery\/bouquetins-suisse\/bouquetins-09.jpg\" alt=\"Bouquetins 09\" \/><\/a><\/div><div class=\"col-12 col-md-6 col-lg-4 mb-4\"><a href=\"https:\/\/www.ansermoz-photography.com\/wp-content\/gallery\/bouquetins-suisse\/bouquetins-16.jpg\" class=\"fresco  horizontal-photo-770 h\" data-fresco-caption=\"<span>Bouquetins 16<\/span><br\/>F5, 1\/1250 sec, 163 mm, ISO320, Canon EOS 7D\" data-fresco-group=\"slider-116\" data-fresco-group-options=\"thumbnails: false\"><img decoding=\"async\" src=\"https:\/\/www.ansermoz-photography.com\/wp-content\/gallery\/bouquetins-suisse\/bouquetins-16.jpg\" alt=\"Bouquetins 16\" \/><\/a><\/div><div class=\"col-12 col-md-6 col-lg-4 mb-4\"><a href=\"https:\/\/www.ansermoz-photography.com\/wp-content\/gallery\/bouquetins-suisse\/bouquetins-montagne-09.jpg\" class=\"fresco  horizontal-photo-770 h\" data-fresco-caption=\"<span>Bouquetins montagne 09<\/span><br\/>F4, 1\/640 sec, 200 mm, ISO400, Canon EOS 7D\" data-fresco-group=\"slider-116\" data-fresco-group-options=\"thumbnails: false\"><img decoding=\"async\" src=\"https:\/\/www.ansermoz-photography.com\/wp-content\/gallery\/bouquetins-suisse\/bouquetins-montagne-09.jpg\" alt=\"Bouquetins montagne 09\" \/><\/a><\/div><div class=\"col-12 col-md-6 col-lg-4 mb-4\"><a href=\"https:\/\/www.ansermoz-photography.com\/wp-content\/gallery\/bouquetins-suisse\/bouquetins-suisse-13.jpg\" class=\"fresco  horizontal-photo-770 h\" data-fresco-caption=\"<span>Bouquetins suisse 13<\/span><br\/>F5, 1\/1250 sec, 163 mm, ISO320, Canon EOS 7D\" data-fresco-group=\"slider-116\" data-fresco-group-options=\"thumbnails: false\"><img decoding=\"async\" src=\"https:\/\/www.ansermoz-photography.com\/wp-content\/gallery\/bouquetins-suisse\/bouquetins-suisse-13.jpg\" alt=\"Bouquetins suisse 13\" \/><\/a><\/div>\t\t\t\t<\/div>\n\t\t\t\t\t\t\t<\/div>\n\t\t<\/div>\n\t\t<\/div>\n<p>Les bouquetins \u00e9taient pr\u00e8s du fameux Vanil Noir (prochain sommet sur ma liste). C&rsquo;\u00e9tait assez dr\u00f4le de voir le chamois solitaire dans la neige au milieu des bouquetins. Trouvez l&rsquo;intrus!<\/p>\n<p>Animaux plus fr\u00e9quent de voir, les chevreuils. Ils sont un peu plus habitu\u00e9s \u00e0 des constructions humaines et \u00e9voluent \u00e0 une altitude inf\u00e9rieure \u00e0 celle des chamois et pour que les, bouquetins.<br \/>\nLes cerfs, d&rsquo;autre part, sont plus difficiles, mais j&rsquo;esp\u00e8re \u00eatre en mesure de prendre plus de clich\u00e9s.<\/p>\n<div class=\"photo-gallery-display row\">\t\t<div class=\"col-12 col-lg-12 content_gallery align-items-start justify-content-start gallery-masonry naf-pc-element mt-4 mb-4\" data-animatecss=\"fadeIn\">\n\t\t\t<div>\n\t\t\t\t\t\t\t\t<div class=\"row d-flex justify-content-center\">\n\t\t\t\t\t<div class=\"col-12 col-md-6 col-lg-4 mb-4\"><a href=\"https:\/\/www.ansermoz-photography.com\/wp-content\/gallery\/deers-red-deers\/cerfs-neige-montagne.jpg\" class=\"fresco  horizontal-photo-700 h\" data-fresco-caption=\"<span>Cerfs neige montagne<\/span><br\/>F10, 1\/320 sec, 500 mm, ISO800, Canon EOS 7D\" data-fresco-group=\"slider-118\" data-fresco-group-options=\"thumbnails: false\"><img decoding=\"async\" src=\"https:\/\/www.ansermoz-photography.com\/wp-content\/gallery\/deers-red-deers\/cerfs-neige-montagne.jpg\" alt=\"Cerfs neige montagne\" \/><\/a><\/div><div class=\"col-12 col-md-6 col-lg-4 mb-4\"><a href=\"https:\/\/www.ansermoz-photography.com\/wp-content\/gallery\/deers-red-deers\/chevreuil-herbe.jpg\" class=\"fresco  horizontal-photo-700 h\" data-fresco-caption=\"<span>Chevreuil herbe<\/span><br\/>F7.1, 1\/800 sec, 500 mm, ISO250, Canon EOS 7D\" data-fresco-group=\"slider-118\" data-fresco-group-options=\"thumbnails: false\"><img decoding=\"async\" src=\"https:\/\/www.ansermoz-photography.com\/wp-content\/gallery\/deers-red-deers\/chevreuil-herbe.jpg\" alt=\"Chevreuil herbe\" \/><\/a><\/div><div class=\"col-12 col-md-6 col-lg-4 mb-4\"><a href=\"https:\/\/www.ansermoz-photography.com\/wp-content\/gallery\/deers-red-deers\/chevreuil-neige-hiver.jpg\" class=\"fresco  horizontal-photo-770 h\" data-fresco-caption=\"<span>Chevreuil neige hiver<\/span><br\/>F8, 1\/500 sec, 500 mm, ISO1000, Canon EOS 7D\" data-fresco-group=\"slider-118\" data-fresco-group-options=\"thumbnails: false\"><img decoding=\"async\" src=\"https:\/\/www.ansermoz-photography.com\/wp-content\/gallery\/deers-red-deers\/chevreuil-neige-hiver.jpg\" alt=\"Chevreuil neige hiver\" \/><\/a><\/div>\t\t\t\t<\/div>\n\t\t\t\t\t\t\t<\/div>\n\t\t<\/div>\n\t\t<\/div>\n<p>Parfois, vous pouvez regarder en l&rsquo;air et profiter de la photographie d&rsquo;oiseaux avec votre appareil photo. Vous pouvez marcher ou vous cacher, ils peuvent voler \u00e0 proximit\u00e9.<br \/>\nQuelques oiseaux de proie, tels que le milan noir et le milan royal, \u00e9galement un faucon. Je vais devoir attendre un peu pour un aigle dans les montagnes.<br \/>\nLes petits oiseaux sont tout aussi agr\u00e9able \u00e0 photographier. Les gu\u00eapiers ont \u00e9t\u00e9 observ\u00e9s dans la zone prot\u00e9g\u00e9e \u00e0 proximit\u00e9 de Penthaz.<\/p>\n<div class=\"photo-gallery-display row\">\t\t<div class=\"col-12 col-lg-12 content_gallery align-items-start justify-content-start gallery-masonry naf-pc-element mt-4 mb-4\" data-animatecss=\"fadeIn\">\n\t\t\t<div>\n\t\t\t\t\t\t\t\t<div class=\"row d-flex justify-content-center\">\n\t\t\t\t\t<div class=\"col-12 col-md-6 col-lg-4 mb-4\"><a href=\"https:\/\/www.ansermoz-photography.com\/wp-content\/gallery\/switzerland-birds\/bee-eaters-couple.jpg\" class=\"fresco  horizontal-photo-700 h\" data-fresco-caption=\"<span>Bee eaters couple<\/span>\" data-fresco-group=\"slider-121\" data-fresco-group-options=\"thumbnails: false\"><img decoding=\"async\" src=\"https:\/\/www.ansermoz-photography.com\/wp-content\/gallery\/switzerland-birds\/bee-eaters-couple.jpg\" alt=\"Bee eaters couple\" \/><\/a><\/div><div class=\"col-12 col-md-6 col-lg-4 mb-4\"><a href=\"https:\/\/www.ansermoz-photography.com\/wp-content\/gallery\/switzerland-birds\/bird-in-branch.jpg\" class=\"fresco  horizontal-photo-770 h\" data-fresco-caption=\"<span>Bird in branch<\/span><br\/>F6.3, 1\/250 sec, 500 mm, ISO1250, Canon EOS 7D\" data-fresco-group=\"slider-121\" data-fresco-group-options=\"thumbnails: false\"><img decoding=\"async\" src=\"https:\/\/www.ansermoz-photography.com\/wp-content\/gallery\/switzerland-birds\/bird-in-branch.jpg\" alt=\"Bird in branch\" \/><\/a><\/div><div class=\"col-12 col-md-6 col-lg-4 mb-4\"><a href=\"https:\/\/www.ansermoz-photography.com\/wp-content\/gallery\/switzerland-birds\/chaucard-a-bec-jaune.jpg\" class=\"fresco  horizontal-photo-700 h\" data-fresco-caption=\"<span>Chaucard a bec jaune<\/span><br\/>F6.3, 1\/500 sec, 500 mm, ISO250, Canon EOS 7D\" data-fresco-group=\"slider-121\" data-fresco-group-options=\"thumbnails: false\"><img decoding=\"async\" src=\"https:\/\/www.ansermoz-photography.com\/wp-content\/gallery\/switzerland-birds\/chaucard-a-bec-jaune.jpg\" alt=\"Chaucard a bec jaune\" \/><\/a><\/div><div class=\"col-12 col-md-6 col-lg-4 mb-4\"><a href=\"https:\/\/www.ansermoz-photography.com\/wp-content\/gallery\/switzerland-birds\/falcon.jpg\" class=\"fresco  horizontal-photo-700 h\" data-fresco-caption=\"<span>Falcon<\/span>\" data-fresco-group=\"slider-121\" data-fresco-group-options=\"thumbnails: false\"><img decoding=\"async\" src=\"https:\/\/www.ansermoz-photography.com\/wp-content\/gallery\/switzerland-birds\/falcon.jpg\" alt=\"Falcon\" \/><\/a><\/div><div class=\"col-12 col-md-6 col-lg-4 mb-4\"><a href=\"https:\/\/www.ansermoz-photography.com\/wp-content\/gallery\/switzerland-birds\/foulque-macroule.jpg\" class=\"fresco  horizontal-photo-700 h\" data-fresco-caption=\"<span>Foulque macroule<\/span><br\/>F8, 1\/500 sec, 500 mm, ISO800, Canon EOS 7D\" data-fresco-group=\"slider-121\" data-fresco-group-options=\"thumbnails: false\"><img decoding=\"async\" src=\"https:\/\/www.ansermoz-photography.com\/wp-content\/gallery\/switzerland-birds\/foulque-macroule.jpg\" alt=\"Foulque macroule\" \/><\/a><\/div><div class=\"col-12 col-md-6 col-lg-4 mb-4\"><a href=\"https:\/\/www.ansermoz-photography.com\/wp-content\/gallery\/switzerland-birds\/milan-branche-serres.jpg\" class=\"fresco  horizontal-photo-700 h\" data-fresco-caption=\"<span>Milan branche serres<\/span>\" data-fresco-group=\"slider-121\" data-fresco-group-options=\"thumbnails: false\"><img decoding=\"async\" src=\"https:\/\/www.ansermoz-photography.com\/wp-content\/gallery\/switzerland-birds\/milan-branche-serres.jpg\" alt=\"Milan branche serres\" \/><\/a><\/div><div class=\"col-12 col-md-6 col-lg-4 mb-4\"><a href=\"https:\/\/www.ansermoz-photography.com\/wp-content\/gallery\/switzerland-birds\/milan-noir.jpg\" class=\"fresco  horizontal-photo-700 h\" data-fresco-caption=\"<span>Milan noir<\/span><br\/>F6.3, 1\/1000 sec, 500 mm, ISO800, Canon EOS 7D\" data-fresco-group=\"slider-121\" data-fresco-group-options=\"thumbnails: false\"><img decoding=\"async\" src=\"https:\/\/www.ansermoz-photography.com\/wp-content\/gallery\/switzerland-birds\/milan-noir.jpg\" alt=\"Milan noir\" \/><\/a><\/div><div class=\"col-12 col-md-6 col-lg-4 mb-4\"><a href=\"https:\/\/www.ansermoz-photography.com\/wp-content\/gallery\/switzerland-birds\/milan-royal-3.jpg\" class=\"fresco  vertical-photo vertical-photo-700 v\" data-fresco-caption=\"<span>Milan royal 3<\/span>\" data-fresco-group=\"slider-121\" data-fresco-group-options=\"thumbnails: false\"><img decoding=\"async\" src=\"https:\/\/www.ansermoz-photography.com\/wp-content\/gallery\/switzerland-birds\/milan-royal-3.jpg\" alt=\"Milan royal 3\" \/><\/a><\/div><div class=\"col-12 col-md-6 col-lg-4 mb-4\"><a href=\"https:\/\/www.ansermoz-photography.com\/wp-content\/gallery\/switzerland-birds\/milan-royal.jpg\" class=\"fresco  horizontal-photo-700 h\" data-fresco-caption=\"<span>Milan royal<\/span>\" data-fresco-group=\"slider-121\" data-fresco-group-options=\"thumbnails: false\"><img decoding=\"async\" src=\"https:\/\/www.ansermoz-photography.com\/wp-content\/gallery\/switzerland-birds\/milan-royal.jpg\" alt=\"Milan royal\" \/><\/a><\/div><div class=\"col-12 col-md-6 col-lg-4 mb-4\"><a href=\"https:\/\/www.ansermoz-photography.com\/wp-content\/gallery\/switzerland-birds\/red-kite-ansermoz.jpg\" class=\"fresco  vertical-photo vertical-photo-700 v\" data-fresco-caption=\"<span>Red kite ansermoz<\/span>\" data-fresco-group=\"slider-121\" data-fresco-group-options=\"thumbnails: false\"><img decoding=\"async\" src=\"https:\/\/www.ansermoz-photography.com\/wp-content\/gallery\/switzerland-birds\/red-kite-ansermoz.jpg\" alt=\"Red kite ansermoz\" \/><\/a><\/div><div class=\"col-12 col-md-6 col-lg-4 mb-4\"><a href=\"https:\/\/www.ansermoz-photography.com\/wp-content\/gallery\/switzerland-birds\/rouge-gorge.jpg\" class=\"fresco  horizontal-photo-700 h\" data-fresco-caption=\"<span>Rouge gorge<\/span><br\/>F6.3, 1\/800 sec, 500 mm, ISO500, Canon EOS 7D\" data-fresco-group=\"slider-121\" data-fresco-group-options=\"thumbnails: false\"><img decoding=\"async\" src=\"https:\/\/www.ansermoz-photography.com\/wp-content\/gallery\/switzerland-birds\/rouge-gorge.jpg\" alt=\"Rouge gorge\" \/><\/a><\/div><div class=\"col-12 col-md-6 col-lg-4 mb-4\"><a href=\"https:\/\/www.ansermoz-photography.com\/wp-content\/gallery\/switzerland-birds\/rouge-queue.jpg\" class=\"fresco  horizontal-photo-700 h\" data-fresco-caption=\"<span>Rouge queue<\/span><br\/>F6.3, 1\/320 sec, 500 mm, ISO1250, Canon EOS 7D\" data-fresco-group=\"slider-121\" data-fresco-group-options=\"thumbnails: false\"><img decoding=\"async\" src=\"https:\/\/www.ansermoz-photography.com\/wp-content\/gallery\/switzerland-birds\/rouge-queue.jpg\" alt=\"Rouge queue\" \/><\/a><\/div><div class=\"col-12 col-md-6 col-lg-4 mb-4\"><a href=\"https:\/\/www.ansermoz-photography.com\/wp-content\/gallery\/switzerland-birds\/swan-lake.jpg\" class=\"fresco  vertical-photo vertical-photo-700 v\" data-fresco-caption=\"<span>Swan lake<\/span><br\/>F14, 1\/200 sec, 18 mm, ISO200, Canon EOS 400D DIGITAL\" data-fresco-group=\"slider-121\" data-fresco-group-options=\"thumbnails: false\"><img decoding=\"async\" src=\"https:\/\/www.ansermoz-photography.com\/wp-content\/gallery\/switzerland-birds\/swan-lake.jpg\" alt=\"Swan lake\" \/><\/a><\/div><div class=\"col-12 col-md-6 col-lg-4 mb-4\"><a href=\"https:\/\/www.ansermoz-photography.com\/wp-content\/gallery\/switzerland-birds\/swan-river.jpg\" class=\"fresco  vertical-photo vertical-photo-700 v\" data-fresco-caption=\"<span>Swan river<\/span><br\/>F4, 1\/100 sec, 200 mm, ISO400, Canon EOS 7D\" data-fresco-group=\"slider-121\" data-fresco-group-options=\"thumbnails: false\"><img decoding=\"async\" src=\"https:\/\/www.ansermoz-photography.com\/wp-content\/gallery\/switzerland-birds\/swan-river.jpg\" alt=\"Swan river\" \/><\/a><\/div>\t\t\t\t<\/div>\n\t\t\t\t\t\t\t<\/div>\n\t\t<\/div>\n\t\t<\/div>\n<p>Les photos suivantes ne sont certainement pas les meilleures photos de marmottes du monde, mais je voulais photographier des images insolites, comme la marmotte en train de m\u00e2cher de l&rsquo;herbe, ou de crier. Je ferai mieux bient\u00f4t!<\/p>\n<div class=\"photo-gallery-display row\">\t\t<div class=\"col-12 col-lg-12 content_gallery align-items-start justify-content-start gallery-masonry naf-pc-element mt-4 mb-4\" data-animatecss=\"fadeIn\">\n\t\t\t<div>\n\t\t\t\t\t\t\t\t<div class=\"row d-flex justify-content-center\">\n\t\t\t\t\t<div class=\"col-12 col-md-6 col-lg-4 mb-4\"><a href=\"https:\/\/www.ansermoz-photography.com\/wp-content\/gallery\/marmots\/marmot-eating.jpg\" class=\"fresco  horizontal-photo-700 h\" data-fresco-caption=\"<span>Marmot eating<\/span><br\/>F6.3, 1\/200 sec, 500 mm, ISO3200, Canon EOS 7D\" data-fresco-group=\"slider-119\" data-fresco-group-options=\"thumbnails: false\"><img decoding=\"async\" src=\"https:\/\/www.ansermoz-photography.com\/wp-content\/gallery\/marmots\/marmot-eating.jpg\" alt=\"Marmot eating\" \/><\/a><\/div><div class=\"col-12 col-md-6 col-lg-4 mb-4\"><a href=\"https:\/\/www.ansermoz-photography.com\/wp-content\/gallery\/marmots\/marmotte-mange.jpg\" class=\"fresco  horizontal-photo-700 h\" data-fresco-caption=\"<span>Marmotte mange<\/span><br\/>F6.3, 1\/320 sec, 500 mm, ISO3200, Canon EOS 7D\" data-fresco-group=\"slider-119\" data-fresco-group-options=\"thumbnails: false\"><img decoding=\"async\" src=\"https:\/\/www.ansermoz-photography.com\/wp-content\/gallery\/marmots\/marmotte-mange.jpg\" alt=\"Marmotte mange\" \/><\/a><\/div>\t\t\t\t<\/div>\n\t\t\t\t\t\t\t<\/div>\n\t\t<\/div>\n\t\t<\/div>\n<p>Un gros frelon fait sa place pour dormir sur un rocher. C&rsquo;\u00e9tait un gros frelon qui a atterri tr\u00e8s pr\u00e8s de moi, et c&rsquo;\u00e9tait assez surprenant de le voir \u00e0 la recherche d&rsquo;une bonne position pour dormir, ou faire une pause, qui sait.<\/p>\n<div class=\"photo-gallery-display row\">\t\t<div class=\"col-12 col-lg-12 content_gallery align-items-start justify-content-start gallery-masonry naf-pc-element mt-4 mb-4\" data-animatecss=\"fadeIn\">\n\t\t\t<div>\n\t\t\t\t\t\t\t\t<div class=\"row d-flex justify-content-center\">\n\t\t\t\t\t<div class=\"col-12 col-md-6 col-lg-4 mb-4\"><a href=\"https:\/\/www.ansermoz-photography.com\/wp-content\/gallery\/swiss-wildlife-various\/C7_Apr_038.jpg\" class=\"fresco  horizontal-photo-700 h\" data-fresco-caption=\"<span>C7 Apr 038<\/span>\" data-fresco-group=\"slider-120\" data-fresco-group-options=\"thumbnails: false\"><img decoding=\"async\" src=\"https:\/\/www.ansermoz-photography.com\/wp-content\/gallery\/swiss-wildlife-various\/C7_Apr_038.jpg\" alt=\"C7 Apr 038\" \/><\/a><\/div><div class=\"col-12 col-md-6 col-lg-4 mb-4\"><a href=\"https:\/\/www.ansermoz-photography.com\/wp-content\/gallery\/swiss-wildlife-various\/C7_Jmg_2183.jpg\" class=\"fresco  horizontal-photo-700 h\" data-fresco-caption=\"<span>C7 Jmg 2183<\/span>\" data-fresco-group=\"slider-120\" data-fresco-group-options=\"thumbnails: false\"><img decoding=\"async\" src=\"https:\/\/www.ansermoz-photography.com\/wp-content\/gallery\/swiss-wildlife-various\/C7_Jmg_2183.jpg\" alt=\"C7 Jmg 2183\" \/><\/a><\/div><div class=\"col-12 col-md-6 col-lg-4 mb-4\"><a href=\"https:\/\/www.ansermoz-photography.com\/wp-content\/gallery\/swiss-wildlife-various\/vipere-aspic-noire.jpg\" class=\"fresco  horizontal-photo-700 h\" data-fresco-caption=\"<span>Vipere aspic noire<\/span><br\/>F4.5, 1\/320 sec, 100 mm, ISO1250, Canon EOS 7D\" data-fresco-group=\"slider-120\" data-fresco-group-options=\"thumbnails: false\"><img decoding=\"async\" src=\"https:\/\/www.ansermoz-photography.com\/wp-content\/gallery\/swiss-wildlife-various\/vipere-aspic-noire.jpg\" alt=\"Vipere aspic noire\" \/><\/a><\/div>\t\t\t\t<\/div>\n\t\t\t\t\t\t\t<\/div>\n\t\t<\/div>\n\t\t<\/div>\n<p>Un nouveau d\u00e9fi pour moi \u00e9tait de capturer (toujours avec mon appareil photo), quelques renardeaux. Je me rapproche, mais ce ne sont pas les r\u00e9sultats que j&rsquo;esp\u00e8re. Mais les progr\u00e8s sont en cours.<br \/>\nLe serpent est une vip\u00e8re aspic noire qui est en train de muer. Ses yeux deviennent bleus et la peau est s\u00e8che, j&rsquo;ai alors pens\u00e9 au d\u00e9but qu&rsquo;elle \u00e9tait morte.<\/p>\n<div class=\"photo-gallery-display row\">\t\t<div class=\"col-12 col-lg-12 content_gallery align-items-start justify-content-start gallery-masonry naf-pc-element mt-4 mb-4\" data-animatecss=\"fadeIn\">\n\t\t\t<div>\n\t\t\t\t\t\t\t\t<div class=\"row d-flex justify-content-center\">\n\t\t\t\t\t<div class=\"col-12 col-md-6 col-lg-4 mb-4\"><a href=\"https:\/\/www.ansermoz-photography.com\/wp-content\/gallery\/wildlife-fox\/adult-red-fox.jpg\" class=\"fresco  horizontal-photo-770 h\" data-fresco-caption=\"<span>Renard roux adulte<\/span><br\/>F8, 1\/400 sec, 373 mm, ISO500, Canon EOS 7D\" data-fresco-group=\"slider-122\" data-fresco-group-options=\"thumbnails: false\"><img decoding=\"async\" src=\"https:\/\/www.ansermoz-photography.com\/wp-content\/gallery\/wildlife-fox\/adult-red-fox.jpg\" alt=\"Renard roux adulte\" \/><\/a><\/div><div class=\"col-12 col-md-6 col-lg-4 mb-4\"><a href=\"https:\/\/www.ansermoz-photography.com\/wp-content\/gallery\/wildlife-fox\/cute-fox-cub-looking.jpg\" class=\"fresco  horizontal-photo-700 h\" data-fresco-caption=\"<span>Cute fox cub looking<\/span>\" data-fresco-group=\"slider-122\" data-fresco-group-options=\"thumbnails: false\"><img decoding=\"async\" src=\"https:\/\/www.ansermoz-photography.com\/wp-content\/gallery\/wildlife-fox\/cute-fox-cub-looking.jpg\" alt=\"Cute fox cub looking\" \/><\/a><\/div><div class=\"col-12 col-md-6 col-lg-4 mb-4\"><a href=\"https:\/\/www.ansermoz-photography.com\/wp-content\/gallery\/wildlife-fox\/fox-cubs-playing.jpg\" class=\"fresco  horizontal-photo-700 h\" data-fresco-caption=\"<span>Fox cubs playing<\/span>\" data-fresco-group=\"slider-122\" data-fresco-group-options=\"thumbnails: false\"><img decoding=\"async\" src=\"https:\/\/www.ansermoz-photography.com\/wp-content\/gallery\/wildlife-fox\/fox-cubs-playing.jpg\" alt=\"Fox cubs playing\" \/><\/a><\/div><div class=\"col-12 col-md-6 col-lg-4 mb-4\"><a href=\"https:\/\/www.ansermoz-photography.com\/wp-content\/gallery\/wildlife-fox\/fox-snow-winter.jpg\" class=\"fresco  horizontal-photo-700 h\" data-fresco-caption=\"<span>Fox snow winter<\/span>\" data-fresco-group=\"slider-122\" data-fresco-group-options=\"thumbnails: false\"><img decoding=\"async\" src=\"https:\/\/www.ansermoz-photography.com\/wp-content\/gallery\/wildlife-fox\/fox-snow-winter.jpg\" alt=\"Fox snow winter\" \/><\/a><\/div><div class=\"col-12 col-md-6 col-lg-4 mb-4\"><a href=\"https:\/\/www.ansermoz-photography.com\/wp-content\/gallery\/wildlife-fox\/renard-dort.jpg\" class=\"fresco  horizontal-photo-770 h\" data-fresco-caption=\"<span>Renard se reposant<\/span><br\/>F8, 1\/320 sec, 332 mm, ISO1600, Canon EOS 7D\" data-fresco-group=\"slider-122\" data-fresco-group-options=\"thumbnails: false\"><img decoding=\"async\" src=\"https:\/\/www.ansermoz-photography.com\/wp-content\/gallery\/wildlife-fox\/renard-dort.jpg\" alt=\"Renard se reposant\" \/><\/a><\/div>\t\t\t\t<\/div>\n\t\t\t\t\t\t\t<\/div>\n\t\t<\/div>\n\t\t<\/div>\n<p>J&rsquo;esp\u00e8re que vous appr\u00e9cierez ces photos de la faune en Suisse, prises au fil des quatre saisons.<br \/>\nPour prendre ces photos, j&rsquo;ai utilis\u00e9 mes appareils photo Canon, EOS 7D et EOS 400D, et diff\u00e9rents objectifs (Sigma 50-500mm, Canon 70-200mm F4, Canon 100mm F2.8 Macro, simplement parce que c&rsquo;est le seul F2.8 que j&rsquo;ai pour l&rsquo;instant).<\/p>\n<p>Profitez de la photographie de la faune, et respectez la nature :)<\/p>\n<\/div>","protected":false},"excerpt":{"rendered":"<p>Bonjour les photographes et les amoureux de la faune, Voici quelques photos de la faune prises en Suisse. Elles ne sont pas exceptionnelles ou incroyables, mais c&rsquo;est simplement une fa\u00e7on de montrer, et de partager la faune suisse, que j&rsquo;ai \u00e9t\u00e9 en mesure de capturer avec mon appareil photo jusqu&rsquo;\u00e0 pr\u00e9sent. En esp\u00e9rant photographier des animaux qui sont rares \u00e0 observer, comme le Lynx, ou peut-\u00eatre, un ours isol\u00e9 dans le canton des Grisons. La plupart des animaux qui sont &hellip;<\/p>\n","protected":false},"author":1,"featured_media":394,"comment_status":"open","ping_status":"open","sticky":false,"template":"","format":"standard","meta":{"_acf_changed":false,"footnotes":""},"categories":[4],"tags":[224,283,257,15,121],"class_list":["post-393","post","type-post","status-publish","format-standard","has-post-thumbnail","hentry","category-what","tag-birds-photography","tag-sigma-50-500mm","tag-switzerland","tag-wildlife","tag-wildlife-photography"],"acf":[],"_links":{"self":[{"href":"https:\/\/www.ansermoz-photography.com\/fr\/wp-json\/wp\/v2\/posts\/393","targetHints":{"allow":["GET"]}}],"collection":[{"href":"https:\/\/www.ansermoz-photography.com\/fr\/wp-json\/wp\/v2\/posts"}],"about":[{"href":"https:\/\/www.ansermoz-photography.com\/fr\/wp-json\/wp\/v2\/types\/post"}],"author":[{"embeddable":true,"href":"https:\/\/www.ansermoz-photography.com\/fr\/wp-json\/wp\/v2\/users\/1"}],"replies":[{"embeddable":true,"href":"https:\/\/www.ansermoz-photography.com\/fr\/wp-json\/wp\/v2\/comments?post=393"}],"version-history":[{"count":0,"href":"https:\/\/www.ansermoz-photography.com\/fr\/wp-json\/wp\/v2\/posts\/393\/revisions"}],"wp:featuredmedia":[{"embeddable":true,"href":"https:\/\/www.ansermoz-photography.com\/fr\/wp-json\/wp\/v2\/media\/394"}],"wp:attachment":[{"href":"https:\/\/www.ansermoz-photography.com\/fr\/wp-json\/wp\/v2\/media?parent=393"}],"wp:term":[{"taxonomy":"category","embeddable":true,"href":"https:\/\/www.ansermoz-photography.com\/fr\/wp-json\/wp\/v2\/categories?post=393"},{"taxonomy":"post_tag","embeddable":true,"href":"https:\/\/www.ansermoz-photography.com\/fr\/wp-json\/wp\/v2\/tags?post=393"}],"curies":[{"name":"wp","href":"https:\/\/api.w.org\/{rel}","templated":true}]}}