{"id":395,"date":"2014-07-17T18:06:40","date_gmt":"2014-07-17T22:06:40","guid":{"rendered":"https:\/\/ansermoz-photography.com\/?p=395"},"modified":"2014-07-26T06:50:01","modified_gmt":"2014-07-26T10:50:01","slug":"des-carrieres-incinerator-montreal-black-white","status":"publish","type":"post","link":"https:\/\/www.ansermoz-photography.com\/fr\/quoi\/incinerateur-des-carrieres-montreal-noir-blanc\/","title":{"rendered":"Incin\u00e9rateur Des Carri\u00e8res &#8211; Montr\u00e9al &#8211; Noir &#038; Blanc"},"content":{"rendered":"<div class=\"the-content\"><p>Salut photographes et explorateurs urbains,<\/p>\n<p>Un autre article sur l&rsquo;incin\u00e9rateur Des Carri\u00e8res de Montr\u00e9al, mais cette fois, avec des photos en noir et blanc.<br \/>\nJe voulais voir le r\u00e9sultat, car j&rsquo;ai retrouv\u00e9 les images de la premi\u00e8re exploration que j&rsquo;ai fait l\u00e0, avec mon ami Jarold.<br \/>\nNous n&rsquo;avons pu acc\u00e9der \u00e0 l&rsquo;int\u00e9rieur, mais c&rsquo;\u00e9tait quand m\u00eame impressionnant d&rsquo;explorer autour de l&rsquo;incin\u00e9rateur, en particulier les hautes chemin\u00e9es.<br \/>\nCertaines structures int\u00e9ressantes et une salle de contr\u00f4le abandonn\u00e9e \u00e0 l&rsquo;entr\u00e9e, font partie de l&rsquo;immense incin\u00e9rateur Des Carri\u00e8res de Montr\u00e9al.<\/p>\n<p>Voici donc quelques photos en noir et blanc de l&rsquo;incin\u00e9rateur.<br \/>\nJ&rsquo;esp\u00e8re que vous les aimerez.<\/p>\n<div class=\"photo-gallery-display row\">\t\t<div class=\"col-12 col-lg-12 content_gallery align-items-start justify-content-start gallery-masonry naf-pc-element mt-4 mb-4\" data-animatecss=\"fadeIn\">\n\t\t\t<div>\n\t\t\t\t\t\t\t\t<div class=\"row d-flex justify-content-center\">\n\t\t\t\t\t<div class=\"col-12 col-md-6 col-lg-4 mb-4\"><a href=\"https:\/\/www.ansermoz-photography.com\/wp-content\/gallery\/incinerateur-carrieres-montreal\/incinerateur_carrieres_montreal_bw_025.jpg\" class=\"fresco  horizontal-photo-700 h\" data-fresco-caption=\"<span>l\u2019incin\u00e9rateur Des Carri\u00e8res de Montr\u00e9al<\/span><br\/>F7.1, 1\/200 sec, 10 mm, ISO800, Canon EOS 7D\" data-fresco-group=\"slider-124\" data-fresco-group-options=\"thumbnails: false\"><img decoding=\"async\" src=\"https:\/\/www.ansermoz-photography.com\/wp-content\/gallery\/incinerateur-carrieres-montreal\/incinerateur_carrieres_montreal_bw_025.jpg\" alt=\"l\u2019incin\u00e9rateur Des Carri\u00e8res de Montr\u00e9al\" \/><\/a><\/div><div class=\"col-12 col-md-6 col-lg-4 mb-4\"><a href=\"https:\/\/www.ansermoz-photography.com\/wp-content\/gallery\/incinerateur-carrieres-montreal\/incinerateur_carrieres_montreal_bw_027.jpg\" class=\"fresco  vertical-photo vertical-photo-700 v\" data-fresco-caption=\"<span>l\u2019incin\u00e9rateur Des Carri\u00e8res de Montr\u00e9al<\/span><br\/>F7.1, 1\/200 sec, 10 mm, ISO800, Canon EOS 7D\" data-fresco-group=\"slider-124\" data-fresco-group-options=\"thumbnails: false\"><img decoding=\"async\" src=\"https:\/\/www.ansermoz-photography.com\/wp-content\/gallery\/incinerateur-carrieres-montreal\/incinerateur_carrieres_montreal_bw_027.jpg\" alt=\"l\u2019incin\u00e9rateur Des Carri\u00e8res de Montr\u00e9al\" \/><\/a><\/div><div class=\"col-12 col-md-6 col-lg-4 mb-4\"><a href=\"https:\/\/www.ansermoz-photography.com\/wp-content\/gallery\/incinerateur-carrieres-montreal\/incinerateur_carrieres_montreal_bw_028.jpg\" class=\"fresco  horizontal-photo-700 h\" data-fresco-caption=\"<span>l\u2019incin\u00e9rateur Des Carri\u00e8res de Montr\u00e9al<\/span><br\/>F16, 1\/200 sec, 10 mm, ISO320, Canon EOS 7D\" data-fresco-group=\"slider-124\" data-fresco-group-options=\"thumbnails: false\"><img decoding=\"async\" src=\"https:\/\/www.ansermoz-photography.com\/wp-content\/gallery\/incinerateur-carrieres-montreal\/incinerateur_carrieres_montreal_bw_028.jpg\" alt=\"l\u2019incin\u00e9rateur Des Carri\u00e8res de Montr\u00e9al\" \/><\/a><\/div><div class=\"col-12 col-md-6 col-lg-4 mb-4\"><a href=\"https:\/\/www.ansermoz-photography.com\/wp-content\/gallery\/incinerateur-carrieres-montreal\/incinerateur_carrieres_montreal_bw_030.jpg\" class=\"fresco  vertical-photo vertical-photo-700 v\" data-fresco-caption=\"<span>l\u2019incin\u00e9rateur Des Carri\u00e8res de Montr\u00e9al<\/span><br\/>F16, 1\/200 sec, 10 mm, ISO320, Canon EOS 7D\" data-fresco-group=\"slider-124\" data-fresco-group-options=\"thumbnails: false\"><img decoding=\"async\" src=\"https:\/\/www.ansermoz-photography.com\/wp-content\/gallery\/incinerateur-carrieres-montreal\/incinerateur_carrieres_montreal_bw_030.jpg\" alt=\"l\u2019incin\u00e9rateur Des Carri\u00e8res de Montr\u00e9al\" \/><\/a><\/div><div class=\"col-12 col-md-6 col-lg-4 mb-4\"><a href=\"https:\/\/www.ansermoz-photography.com\/wp-content\/gallery\/incinerateur-carrieres-montreal\/incinerateur_carrieres_montreal_bw_035.jpg\" class=\"fresco  vertical-photo vertical-photo-700 v\" data-fresco-caption=\"<span>l\u2019incin\u00e9rateur Des Carri\u00e8res de Montr\u00e9al<\/span><br\/>F16, 1\/80 sec, 10 mm, ISO320, Canon EOS 7D\" data-fresco-group=\"slider-124\" data-fresco-group-options=\"thumbnails: false\"><img decoding=\"async\" src=\"https:\/\/www.ansermoz-photography.com\/wp-content\/gallery\/incinerateur-carrieres-montreal\/incinerateur_carrieres_montreal_bw_035.jpg\" alt=\"l\u2019incin\u00e9rateur Des Carri\u00e8res de Montr\u00e9al\" \/><\/a><\/div><div class=\"col-12 col-md-6 col-lg-4 mb-4\"><a href=\"https:\/\/www.ansermoz-photography.com\/wp-content\/gallery\/incinerateur-carrieres-montreal\/incinerateur_carrieres_montreal_bw_036.jpg\" class=\"fresco  horizontal-photo-700 h\" data-fresco-caption=\"<span>l\u2019incin\u00e9rateur Des Carri\u00e8res de Montr\u00e9al<\/span><br\/>F5.6, 1\/160 sec, 20 mm, ISO200, Canon EOS 7D\" data-fresco-group=\"slider-124\" data-fresco-group-options=\"thumbnails: false\"><img decoding=\"async\" src=\"https:\/\/www.ansermoz-photography.com\/wp-content\/gallery\/incinerateur-carrieres-montreal\/incinerateur_carrieres_montreal_bw_036.jpg\" alt=\"l\u2019incin\u00e9rateur Des Carri\u00e8res de Montr\u00e9al\" \/><\/a><\/div><div class=\"col-12 col-md-6 col-lg-4 mb-4\"><a href=\"https:\/\/www.ansermoz-photography.com\/wp-content\/gallery\/incinerateur-carrieres-montreal\/incinerateur_carrieres_montreal_bw_043.jpg\" class=\"fresco  vertical-photo vertical-photo-700 v\" data-fresco-caption=\"<span>l\u2019incin\u00e9rateur Des Carri\u00e8res de Montr\u00e9al<\/span><br\/>F18, 1\/200 sec, 10 mm, ISO200, Canon EOS 7D\" data-fresco-group=\"slider-124\" data-fresco-group-options=\"thumbnails: false\"><img decoding=\"async\" src=\"https:\/\/www.ansermoz-photography.com\/wp-content\/gallery\/incinerateur-carrieres-montreal\/incinerateur_carrieres_montreal_bw_043.jpg\" alt=\"l\u2019incin\u00e9rateur Des Carri\u00e8res de Montr\u00e9al\" \/><\/a><\/div><div class=\"col-12 col-md-6 col-lg-4 mb-4\"><a href=\"https:\/\/www.ansermoz-photography.com\/wp-content\/gallery\/incinerateur-carrieres-montreal\/incinerateur_carrieres_montreal_bw_049.jpg\" class=\"fresco  horizontal-photo-700 h\" data-fresco-caption=\"<span>l\u2019incin\u00e9rateur Des Carri\u00e8res de Montr\u00e9al<\/span><br\/>F18, 1\/200 sec, 10 mm, ISO200, Canon EOS 7D\" data-fresco-group=\"slider-124\" data-fresco-group-options=\"thumbnails: false\"><img decoding=\"async\" src=\"https:\/\/www.ansermoz-photography.com\/wp-content\/gallery\/incinerateur-carrieres-montreal\/incinerateur_carrieres_montreal_bw_049.jpg\" alt=\"l\u2019incin\u00e9rateur Des Carri\u00e8res de Montr\u00e9al\" \/><\/a><\/div><div class=\"col-12 col-md-6 col-lg-4 mb-4\"><a href=\"https:\/\/www.ansermoz-photography.com\/wp-content\/gallery\/incinerateur-carrieres-montreal\/incinerateur_carrieres_montreal_bw_057.jpg\" class=\"fresco  horizontal-photo-700 h\" data-fresco-caption=\"<span>l\u2019incin\u00e9rateur Des Carri\u00e8res de Montr\u00e9al<\/span><br\/>F18, 1\/800 sec, 70 mm, ISO100, Canon EOS 7D\" data-fresco-group=\"slider-124\" data-fresco-group-options=\"thumbnails: false\"><img decoding=\"async\" src=\"https:\/\/www.ansermoz-photography.com\/wp-content\/gallery\/incinerateur-carrieres-montreal\/incinerateur_carrieres_montreal_bw_057.jpg\" alt=\"l\u2019incin\u00e9rateur Des Carri\u00e8res de Montr\u00e9al\" \/><\/a><\/div><div class=\"col-12 col-md-6 col-lg-4 mb-4\"><a href=\"https:\/\/www.ansermoz-photography.com\/wp-content\/gallery\/incinerateur-carrieres-montreal\/incinerateur_carrieres_montreal_bw_061.jpg\" class=\"fresco  horizontal-photo-700 h\" data-fresco-caption=\"<span>l\u2019incin\u00e9rateur Des Carri\u00e8res de Montr\u00e9al<\/span><br\/>F18, 1\/800 sec, 200 mm, ISO100, Canon EOS 7D\" data-fresco-group=\"slider-124\" data-fresco-group-options=\"thumbnails: false\"><img decoding=\"async\" src=\"https:\/\/www.ansermoz-photography.com\/wp-content\/gallery\/incinerateur-carrieres-montreal\/incinerateur_carrieres_montreal_bw_061.jpg\" alt=\"l\u2019incin\u00e9rateur Des Carri\u00e8res de Montr\u00e9al\" \/><\/a><\/div><div class=\"col-12 col-md-6 col-lg-4 mb-4\"><a href=\"https:\/\/www.ansermoz-photography.com\/wp-content\/gallery\/incinerateur-carrieres-montreal\/incinerateur_carrieres_montreal_bw_062.jpg\" class=\"fresco  horizontal-photo-700 h\" data-fresco-caption=\"<span>l\u2019incin\u00e9rateur Des Carri\u00e8res de Montr\u00e9al<\/span><br\/>F18, 1\/800 sec, 81 mm, ISO100, Canon EOS 7D\" data-fresco-group=\"slider-124\" data-fresco-group-options=\"thumbnails: false\"><img decoding=\"async\" src=\"https:\/\/www.ansermoz-photography.com\/wp-content\/gallery\/incinerateur-carrieres-montreal\/incinerateur_carrieres_montreal_bw_062.jpg\" alt=\"l\u2019incin\u00e9rateur Des Carri\u00e8res de Montr\u00e9al\" \/><\/a><\/div><div class=\"col-12 col-md-6 col-lg-4 mb-4\"><a href=\"https:\/\/www.ansermoz-photography.com\/wp-content\/gallery\/incinerateur-carrieres-montreal\/incinerateur_carrieres_montreal_bw_064.jpg\" class=\"fresco  horizontal-photo-700 h\" data-fresco-caption=\"<span>l\u2019incin\u00e9rateur Des Carri\u00e8res de Montr\u00e9al<\/span><br\/>F13, 1\/250 sec, 10 mm, ISO100, Canon EOS 7D\" data-fresco-group=\"slider-124\" data-fresco-group-options=\"thumbnails: false\"><img decoding=\"async\" src=\"https:\/\/www.ansermoz-photography.com\/wp-content\/gallery\/incinerateur-carrieres-montreal\/incinerateur_carrieres_montreal_bw_064.jpg\" alt=\"l\u2019incin\u00e9rateur Des Carri\u00e8res de Montr\u00e9al\" \/><\/a><\/div><div class=\"col-12 col-md-6 col-lg-4 mb-4\"><a href=\"https:\/\/www.ansermoz-photography.com\/wp-content\/gallery\/incinerateur-carrieres-montreal\/incinerateur_carrieres_montreal_bw_069.jpg\" class=\"fresco  vertical-photo vertical-photo-700 v\" data-fresco-caption=\"<span>l\u2019incin\u00e9rateur Des Carri\u00e8res de Montr\u00e9al<\/span><br\/>F13, 1\/400 sec, 70 mm, ISO100, Canon EOS 7D\" data-fresco-group=\"slider-124\" data-fresco-group-options=\"thumbnails: false\"><img decoding=\"async\" src=\"https:\/\/www.ansermoz-photography.com\/wp-content\/gallery\/incinerateur-carrieres-montreal\/incinerateur_carrieres_montreal_bw_069.jpg\" alt=\"l\u2019incin\u00e9rateur Des Carri\u00e8res de Montr\u00e9al\" \/><\/a><\/div><div class=\"col-12 col-md-6 col-lg-4 mb-4\"><a href=\"https:\/\/www.ansermoz-photography.com\/wp-content\/gallery\/incinerateur-carrieres-montreal\/incinerateur_carrieres_montreal_bw_078.jpg\" class=\"fresco  horizontal-photo-700 h\" data-fresco-caption=\"<span>l\u2019incin\u00e9rateur Des Carri\u00e8res de Montr\u00e9al<\/span><br\/>F20, 1\/800 sec, 163 mm, ISO250, Canon EOS 7D\" data-fresco-group=\"slider-124\" data-fresco-group-options=\"thumbnails: false\"><img decoding=\"async\" src=\"https:\/\/www.ansermoz-photography.com\/wp-content\/gallery\/incinerateur-carrieres-montreal\/incinerateur_carrieres_montreal_bw_078.jpg\" alt=\"l\u2019incin\u00e9rateur Des Carri\u00e8res de Montr\u00e9al\" \/><\/a><\/div><div class=\"col-12 col-md-6 col-lg-4 mb-4\"><a href=\"https:\/\/www.ansermoz-photography.com\/wp-content\/gallery\/incinerateur-carrieres-montreal\/incinerateur_carrieres_montreal_bw_082.jpg\" class=\"fresco  vertical-photo vertical-photo-700 v\" data-fresco-caption=\"<span>l\u2019incin\u00e9rateur Des Carri\u00e8res de Montr\u00e9al<\/span><br\/>F4, 1\/4000 sec, 109 mm, ISO250, Canon EOS 7D\" data-fresco-group=\"slider-124\" data-fresco-group-options=\"thumbnails: false\"><img decoding=\"async\" src=\"https:\/\/www.ansermoz-photography.com\/wp-content\/gallery\/incinerateur-carrieres-montreal\/incinerateur_carrieres_montreal_bw_082.jpg\" alt=\"l\u2019incin\u00e9rateur Des Carri\u00e8res de Montr\u00e9al\" \/><\/a><\/div><div class=\"col-12 col-md-6 col-lg-4 mb-4\"><a href=\"https:\/\/www.ansermoz-photography.com\/wp-content\/gallery\/incinerateur-carrieres-montreal\/incinerateur_carrieres_montreal_bw_088.jpg\" class=\"fresco  vertical-photo vertical-photo-700 v\" data-fresco-caption=\"<span>l\u2019incin\u00e9rateur Des Carri\u00e8res de Montr\u00e9al<\/span><br\/>F4, 1\/4000 sec, 81 mm, ISO250, Canon EOS 7D\" data-fresco-group=\"slider-124\" data-fresco-group-options=\"thumbnails: false\"><img decoding=\"async\" src=\"https:\/\/www.ansermoz-photography.com\/wp-content\/gallery\/incinerateur-carrieres-montreal\/incinerateur_carrieres_montreal_bw_088.jpg\" alt=\"l\u2019incin\u00e9rateur Des Carri\u00e8res de Montr\u00e9al\" \/><\/a><\/div>\t\t\t\t<\/div>\n\t\t\t\t\t\t\t<\/div>\n\t\t<\/div>\n\t\t<\/div>\n<p>En voir et savoir plus sur l&rsquo;incin\u00e9rateur des de Montr\u00e9al, via ces pages:<br \/>\n<a href=\"https:\/\/ansermoz-photography.com\/fr\/quoi\/incinerateur-abandonne-de-montreal\/\" title=\"L\u2019Incin\u00e9rateur Abandonn\u00e9 De Montr\u00e9al\" target=\"_blank\">L\u2019Incin\u00e9rateur Abandonn\u00e9 De Montr\u00e9al<\/a><\/p>\n<p><a href=\"https:\/\/ansermoz-photography.com\/fr\/quoi\/incinerateur-des-carrieres-incinerateur-3-abandonne\/\" title=\"L\u2019Incin\u00e9rateur Des Carri\u00e8res, Incin\u00e9rateur #3 Abandonn\u00e9\" target=\"_blank\">L\u2019Incin\u00e9rateur Des Carri\u00e8res, Incin\u00e9rateur #3 Abandonn\u00e9<\/a><\/p>\n<p>NOTE IMPORTANTE:<br \/>\nL\u2019exploration urbaine peut \u00eatre dangereuse et ill\u00e9gale, alors fa\u00eetes attention si vous visitez ces lieux abandonn\u00e9s. Nous ne vous encourageons pas \u00e0 les explorer, mais si vous le fa\u00eetes, veuillez s\u2019il vous plait respecter ces lieux anciens.<br \/>\nVous entrez \u00e0 vos risques et p\u00e9rils!<\/p>\n<\/div>","protected":false},"excerpt":{"rendered":"<p>Salut photographes et explorateurs urbains, Un autre article sur l&rsquo;incin\u00e9rateur Des Carri\u00e8res de Montr\u00e9al, mais cette fois, avec des photos en noir et blanc. Je voulais voir le r\u00e9sultat, car j&rsquo;ai retrouv\u00e9 les images de la premi\u00e8re exploration que j&rsquo;ai fait l\u00e0, avec mon ami Jarold. Nous n&rsquo;avons pu acc\u00e9der \u00e0 l&rsquo;int\u00e9rieur, mais c&rsquo;\u00e9tait quand m\u00eame impressionnant d&rsquo;explorer autour de l&rsquo;incin\u00e9rateur, en particulier les hautes chemin\u00e9es. Certaines structures int\u00e9ressantes et une salle de contr\u00f4le abandonn\u00e9e \u00e0 l&rsquo;entr\u00e9e, font partie de &hellip;<\/p>\n","protected":false},"author":1,"featured_media":396,"comment_status":"open","ping_status":"open","sticky":false,"template":"","format":"standard","meta":{"_acf_changed":false,"footnotes":""},"categories":[4],"tags":[147,221,222,31,138,137,173],"class_list":["post-395","post","type-post","status-publish","format-standard","has-post-thumbnail","hentry","category-what","tag-abandoned-places","tag-incinerator","tag-incinerator-des-carrieres","tag-montreal","tag-urban-exploration","tag-urban-photography","tag-urbex"],"acf":[],"_links":{"self":[{"href":"https:\/\/www.ansermoz-photography.com\/fr\/wp-json\/wp\/v2\/posts\/395","targetHints":{"allow":["GET"]}}],"collection":[{"href":"https:\/\/www.ansermoz-photography.com\/fr\/wp-json\/wp\/v2\/posts"}],"about":[{"href":"https:\/\/www.ansermoz-photography.com\/fr\/wp-json\/wp\/v2\/types\/post"}],"author":[{"embeddable":true,"href":"https:\/\/www.ansermoz-photography.com\/fr\/wp-json\/wp\/v2\/users\/1"}],"replies":[{"embeddable":true,"href":"https:\/\/www.ansermoz-photography.com\/fr\/wp-json\/wp\/v2\/comments?post=395"}],"version-history":[{"count":0,"href":"https:\/\/www.ansermoz-photography.com\/fr\/wp-json\/wp\/v2\/posts\/395\/revisions"}],"wp:featuredmedia":[{"embeddable":true,"href":"https:\/\/www.ansermoz-photography.com\/fr\/wp-json\/wp\/v2\/media\/396"}],"wp:attachment":[{"href":"https:\/\/www.ansermoz-photography.com\/fr\/wp-json\/wp\/v2\/media?parent=395"}],"wp:term":[{"taxonomy":"category","embeddable":true,"href":"https:\/\/www.ansermoz-photography.com\/fr\/wp-json\/wp\/v2\/categories?post=395"},{"taxonomy":"post_tag","embeddable":true,"href":"https:\/\/www.ansermoz-photography.com\/fr\/wp-json\/wp\/v2\/tags?post=395"}],"curies":[{"name":"wp","href":"https:\/\/api.w.org\/{rel}","templated":true}]}}