{"id":45,"date":"2011-11-04T17:54:27","date_gmt":"2011-11-04T21:54:27","guid":{"rendered":"https:\/\/ansermoz-photography.com\/?p=45"},"modified":"2014-12-08T18:20:57","modified_gmt":"2014-12-08T22:20:57","slug":"hiking-and-photography-part-1","status":"publish","type":"post","link":"https:\/\/www.ansermoz-photography.com\/fr\/quoi\/randonnee-et-photographie-partie-1\/","title":{"rendered":"Randonn\u00e9e Et Photographie &#8211; Partie 1"},"content":{"rendered":"<div class=\"the-content\"><p>Quand la randonn\u00e9e rencontre la photographie&#8230;<\/p>\n<p>Exploration et randonne dans la r\u00e9serve faunique de Matane et le parc national Du Bic (Canada &#8211; Qu\u00e9bec). Les deux font partie du r\u00e9seau S\u00e9paq.<br \/>\nFin juin 2011.<br \/>\nIl y avait beaucoup de moustiques au fin fond de la for\u00eat et pr\u00e8s de l&rsquo;eau, autrement dit&#8230; Partout!<br \/>\nMon filet moustiquaire f\u00fbt vraiment utile, et me permit de prendre mon temps lorsque je photographier en position statique.<\/p>\n<p>Un mat\u00e9riel assez lourd avec moi: Appareils photo, nourriture, boisson, v\u00eatements chauds (pour escalader le Mont Blanc) car il y avait encore de la neige tout en haut, et l&rsquo;\u00e9quipement de camping.<\/p>\n<p>Astuce: Comme je ne pouvais pas transporter mes deux sacs \u00e0 dos (devant et derri\u00e8re), j&rsquo;ai utilis\u00e9 l&rsquo;attache de devant (sangle) de mon sac de randonn\u00e9e pour y suspendre mon appareil photo le plus lourd, avec le t\u00e9l\u00e9objectif (Canon EOS 7D et Sigma 50-500mm).<br \/>\nJe f\u00fbt capable de grimper plus tranquillement et prendre des photos rapidement.<br \/>\nVoir photo 1 et 2.<\/p>\n<div class=\"photo-gallery-display row\">\t\t<div class=\"col-12 col-lg-12 content_gallery align-items-start justify-content-start gallery-masonry naf-pc-element mt-4 mb-4\" data-animatecss=\"fadeIn\">\n\t\t\t<div>\n\t\t\t\t\t\t\t\t<div class=\"row d-flex justify-content-center\">\n\t\t\t\t\t<div class=\"col-12 col-md-6 col-lg-4 mb-4\"><a href=\"https:\/\/www.ansermoz-photography.com\/wp-content\/gallery\/hiking-photography-001\/GOPR2086.jpg\" class=\"fresco  horizontal-photo-430 h\" data-fresco-caption=\"<span>Frederic Ansermoz, Hiking and Nature photography<\/span><br\/>F492, 1\/160 sec, 6.7 mm, ISO100, YHDC5170\" data-fresco-group=\"slider-1\" data-fresco-group-options=\"thumbnails: false\"><img decoding=\"async\" src=\"https:\/\/www.ansermoz-photography.com\/wp-content\/gallery\/hiking-photography-001\/GOPR2086.jpg\" alt=\"Frederic Ansermoz, Hiking and Nature photography\" \/><\/a><\/div><div class=\"col-12 col-md-6 col-lg-4 mb-4\"><a href=\"https:\/\/www.ansermoz-photography.com\/wp-content\/gallery\/hiking-photography-001\/GOPR2099.jpg\" class=\"fresco  horizontal-photo-430 h\" data-fresco-caption=\"<span>Frederic Ansermoz Photography, wearing flynet during hike<\/span><br\/>F492, 1\/60 sec, 6.7 mm, ISO350, YHDC5170\" data-fresco-group=\"slider-1\" data-fresco-group-options=\"thumbnails: false\"><img decoding=\"async\" src=\"https:\/\/www.ansermoz-photography.com\/wp-content\/gallery\/hiking-photography-001\/GOPR2099.jpg\" alt=\"Frederic Ansermoz Photography, wearing flynet during hike\" \/><\/a><\/div><div class=\"col-12 col-md-6 col-lg-4 mb-4\"><a href=\"https:\/\/www.ansermoz-photography.com\/wp-content\/gallery\/hiking-photography-001\/Img_008.jpg\" class=\"fresco  horizontal-photo-430 h\" data-fresco-caption=\"<span>Renard roux sur le sable au Parc du Bic au Quebec<\/span><br\/>F8, 1\/250 sec, 500 mm, ISO640, Canon EOS 7D\" data-fresco-group=\"slider-1\" data-fresco-group-options=\"thumbnails: false\"><img decoding=\"async\" src=\"https:\/\/www.ansermoz-photography.com\/wp-content\/gallery\/hiking-photography-001\/Img_008.jpg\" alt=\"Renard roux sur le sable au Parc du Bic au Quebec\" \/><\/a><\/div><div class=\"col-12 col-md-6 col-lg-4 mb-4\"><a href=\"https:\/\/www.ansermoz-photography.com\/wp-content\/gallery\/hiking-photography-001\/Img_021.jpg\" class=\"fresco  horizontal-photo-430 h\" data-fresco-caption=\"<span>Cerf<\/span><br\/>F8, 1\/250 sec, 500 mm, ISO640, Canon EOS 7D\" data-fresco-group=\"slider-1\" data-fresco-group-options=\"thumbnails: false\"><img decoding=\"async\" src=\"https:\/\/www.ansermoz-photography.com\/wp-content\/gallery\/hiking-photography-001\/Img_021.jpg\" alt=\"Cerf\" \/><\/a><\/div><div class=\"col-12 col-md-6 col-lg-4 mb-4\"><a href=\"https:\/\/www.ansermoz-photography.com\/wp-content\/gallery\/hiking-photography-001\/Img_033.jpg\" class=\"fresco  horizontal-photo-430 h\" data-fresco-caption=\"<span>St Laurent 1<\/span><br\/>F11, 1\/250 sec, 50 mm, ISO640, Canon EOS 7D\" data-fresco-group=\"slider-1\" data-fresco-group-options=\"thumbnails: false\"><img decoding=\"async\" src=\"https:\/\/www.ansermoz-photography.com\/wp-content\/gallery\/hiking-photography-001\/Img_033.jpg\" alt=\"St Laurent 1\" \/><\/a><\/div><div class=\"col-12 col-md-6 col-lg-4 mb-4\"><a href=\"https:\/\/www.ansermoz-photography.com\/wp-content\/gallery\/hiking-photography-001\/Img_075.jpg\" class=\"fresco  vertical-photo vertical-photo-430 v\" data-fresco-caption=\"<span>St Laurent 2<\/span><br\/>F14, 1\/160 sec, 18 mm, ISO5000, Canon EOS 7D\" data-fresco-group=\"slider-1\" data-fresco-group-options=\"thumbnails: false\"><img decoding=\"async\" src=\"https:\/\/www.ansermoz-photography.com\/wp-content\/gallery\/hiking-photography-001\/Img_075.jpg\" alt=\"St Laurent 2\" \/><\/a><\/div><div class=\"col-12 col-md-6 col-lg-4 mb-4\"><a href=\"https:\/\/www.ansermoz-photography.com\/wp-content\/gallery\/hiking-photography-001\/Img_111_1.jpg\" class=\"fresco  horizontal-photo-430 h\" data-fresco-caption=\"<span>Feuilles 1<\/span><br\/>F5.6, 1\/80 sec, 167 mm, ISO1600, Canon EOS 7D\" data-fresco-group=\"slider-1\" data-fresco-group-options=\"thumbnails: false\"><img decoding=\"async\" src=\"https:\/\/www.ansermoz-photography.com\/wp-content\/gallery\/hiking-photography-001\/Img_111_1.jpg\" alt=\"Feuilles 1\" \/><\/a><\/div><div class=\"col-12 col-md-6 col-lg-4 mb-4\"><a href=\"https:\/\/www.ansermoz-photography.com\/wp-content\/gallery\/hiking-photography-001\/Img_138.jpg\" class=\"fresco  horizontal-photo-430 h\" data-fresco-caption=\"<span>Bouche d'orignal<\/span><br\/>F6.3, 1\/200 sec, 500 mm, ISO400, Canon EOS 7D\" data-fresco-group=\"slider-1\" data-fresco-group-options=\"thumbnails: false\"><img decoding=\"async\" src=\"https:\/\/www.ansermoz-photography.com\/wp-content\/gallery\/hiking-photography-001\/Img_138.jpg\" alt=\"Bouche d'orignal\" \/><\/a><\/div><div class=\"col-12 col-md-6 col-lg-4 mb-4\"><a href=\"https:\/\/www.ansermoz-photography.com\/wp-content\/gallery\/hiking-photography-001\/Img_140.jpg\" class=\"fresco  horizontal-photo-430 h\" data-fresco-caption=\"<span>B\u00e9b\u00e9 orignal<\/span>\" data-fresco-group=\"slider-1\" data-fresco-group-options=\"thumbnails: false\"><img decoding=\"async\" src=\"https:\/\/www.ansermoz-photography.com\/wp-content\/gallery\/hiking-photography-001\/Img_140.jpg\" alt=\"B\u00e9b\u00e9 orignal\" \/><\/a><\/div><div class=\"col-12 col-md-6 col-lg-4 mb-4\"><a href=\"https:\/\/www.ansermoz-photography.com\/wp-content\/gallery\/hiking-photography-001\/Img_143_1.jpg\" class=\"fresco  horizontal-photo-430 h\" data-fresco-caption=\"<span>B\u00e9b\u00e9 orignal<\/span><br\/>F6.3, 1\/200 sec, 167 mm, ISO400, Canon EOS 7D\" data-fresco-group=\"slider-1\" data-fresco-group-options=\"thumbnails: false\"><img decoding=\"async\" src=\"https:\/\/www.ansermoz-photography.com\/wp-content\/gallery\/hiking-photography-001\/Img_143_1.jpg\" alt=\"B\u00e9b\u00e9 orignal\" \/><\/a><\/div><div class=\"col-12 col-md-6 col-lg-4 mb-4\"><a href=\"https:\/\/www.ansermoz-photography.com\/wp-content\/gallery\/hiking-photography-001\/Img_154.jpg\" class=\"fresco  horizontal-photo-430 h\" data-fresco-caption=\"<span>Feuilles 2<\/span><br\/>F6.3, 1\/200 sec, 500 mm, ISO400, Canon EOS 7D\" data-fresco-group=\"slider-1\" data-fresco-group-options=\"thumbnails: false\"><img decoding=\"async\" src=\"https:\/\/www.ansermoz-photography.com\/wp-content\/gallery\/hiking-photography-001\/Img_154.jpg\" alt=\"Feuilles 2\" \/><\/a><\/div><div class=\"col-12 col-md-6 col-lg-4 mb-4\"><a href=\"https:\/\/www.ansermoz-photography.com\/wp-content\/gallery\/hiking-photography-001\/Img_157.jpg\" class=\"fresco  horizontal-photo-430 h\" data-fresco-caption=\"<span>Sapin<\/span><br\/>F8, 1\/200 sec, 500 mm, ISO800, Canon EOS 7D\" data-fresco-group=\"slider-1\" data-fresco-group-options=\"thumbnails: false\"><img decoding=\"async\" src=\"https:\/\/www.ansermoz-photography.com\/wp-content\/gallery\/hiking-photography-001\/Img_157.jpg\" alt=\"Sapin\" \/><\/a><\/div><div class=\"col-12 col-md-6 col-lg-4 mb-4\"><a href=\"https:\/\/www.ansermoz-photography.com\/wp-content\/gallery\/hiking-photography-001\/Img_177.jpg\" class=\"fresco  vertical-photo vertical-photo-430 v\" data-fresco-caption=\"<span>Mont Blanc dans la r\u00e9serve faunique de Matane au Qu\u00e9bec<\/span><br\/>F22, 1\/130 sec, 18 mm, ISO2000, Canon EOS 7D\" data-fresco-group=\"slider-1\" data-fresco-group-options=\"thumbnails: false\"><img decoding=\"async\" src=\"https:\/\/www.ansermoz-photography.com\/wp-content\/gallery\/hiking-photography-001\/Img_177.jpg\" alt=\"Mont Blanc dans la r\u00e9serve faunique de Matane au Qu\u00e9bec\" \/><\/a><\/div><div class=\"col-12 col-md-6 col-lg-4 mb-4\"><a href=\"https:\/\/www.ansermoz-photography.com\/wp-content\/gallery\/hiking-photography-001\/Img_187.jpg\" class=\"fresco  horizontal-photo-430 h\" data-fresco-caption=\"<span>Femelle orignal et son petit dans la r\u00e9serve faunique de Matane<\/span><br\/>F8, 1\/400 sec, 50 mm, ISO6400, Canon EOS 7D\" data-fresco-group=\"slider-1\" data-fresco-group-options=\"thumbnails: false\"><img decoding=\"async\" src=\"https:\/\/www.ansermoz-photography.com\/wp-content\/gallery\/hiking-photography-001\/Img_187.jpg\" alt=\"Femelle orignal et son petit dans la r\u00e9serve faunique de Matane\" \/><\/a><\/div><div class=\"col-12 col-md-6 col-lg-4 mb-4\"><a href=\"https:\/\/www.ansermoz-photography.com\/wp-content\/gallery\/hiking-photography-001\/Img_189.jpg\" class=\"fresco  vertical-photo vertical-photo-430 v\" data-fresco-caption=\"<span>Moose cow and baby in forest in Quebec<\/span><br\/>F4.5, 1\/200 sec, 50 mm, ISO6400, Canon EOS 7D\" data-fresco-group=\"slider-1\" data-fresco-group-options=\"thumbnails: false\"><img decoding=\"async\" src=\"https:\/\/www.ansermoz-photography.com\/wp-content\/gallery\/hiking-photography-001\/Img_189.jpg\" alt=\"Moose cow and baby in forest in Quebec\" \/><\/a><\/div>\t\t\t\t<\/div>\n\t\t\t\t\t\t\t<\/div>\n\t\t<\/div>\n\t\t<\/div>\n<p>Mat\u00e9riel utilis\u00e9:<br \/>\n&#8211; Appareils photo Canon EOS 7D et Canon EOS 400D<br \/>\n&#8211; Objectifs Sigma 50-500mm, Canon 70-200mm, Canon 18-55mm<br \/>\n&#8211; Cam\u00e9ra vid\u00e9o GoPro HD Hero 1<\/p>\n<p><a href=\"https:\/\/www.sepaq.com\/pq\/bic\/index.dot?language_id=2\" title=\"Parc National Du Bic\" target=\"_blank\" rel=\"nofollow\">Parc National Du Bic<\/a><\/p>\n<p><a href=\"https:\/\/www.sepaq.com\/rf\/mat\/index.dot?language_id=2\" title=\"R\u00e9serve faunique de Matane\" target=\"_blank\" rel=\"nofollow\">R\u00e9serve faunique de Matane<\/a><\/p>\n<\/div>","protected":false},"excerpt":{"rendered":"<p>Quand la randonn\u00e9e rencontre la photographie&#8230; Exploration et randonne dans la r\u00e9serve faunique de Matane et le parc national Du Bic (Canada &#8211; Qu\u00e9bec). Les deux font partie du r\u00e9seau S\u00e9paq. Fin juin 2011. Il y avait beaucoup de moustiques au fin fond de la for\u00eat et pr\u00e8s de l&rsquo;eau, autrement dit&#8230; Partout! Mon filet moustiquaire f\u00fbt vraiment utile, et me permit de prendre mon temps lorsque je photographier en position statique. Un mat\u00e9riel assez lourd avec moi: Appareils photo, &hellip;<\/p>\n","protected":false},"author":1,"featured_media":173,"comment_status":"open","ping_status":"open","sticky":false,"template":"","format":"standard","meta":{"_acf_changed":false,"footnotes":""},"categories":[4],"tags":[26,21,24,23,20,25,27,19,10,22,212,15,28],"class_list":["post-45","post","type-post","status-publish","format-standard","has-post-thumbnail","hentry","category-what","tag-canon-eos-7d","tag-deer","tag-flynet","tag-forest","tag-fox","tag-gopro","tag-matane","tag-moose","tag-photography","tag-river","tag-sepaq","tag-wildlife","tag-wildlife-reserve"],"acf":[],"_links":{"self":[{"href":"https:\/\/www.ansermoz-photography.com\/fr\/wp-json\/wp\/v2\/posts\/45","targetHints":{"allow":["GET"]}}],"collection":[{"href":"https:\/\/www.ansermoz-photography.com\/fr\/wp-json\/wp\/v2\/posts"}],"about":[{"href":"https:\/\/www.ansermoz-photography.com\/fr\/wp-json\/wp\/v2\/types\/post"}],"author":[{"embeddable":true,"href":"https:\/\/www.ansermoz-photography.com\/fr\/wp-json\/wp\/v2\/users\/1"}],"replies":[{"embeddable":true,"href":"https:\/\/www.ansermoz-photography.com\/fr\/wp-json\/wp\/v2\/comments?post=45"}],"version-history":[{"count":0,"href":"https:\/\/www.ansermoz-photography.com\/fr\/wp-json\/wp\/v2\/posts\/45\/revisions"}],"wp:featuredmedia":[{"embeddable":true,"href":"https:\/\/www.ansermoz-photography.com\/fr\/wp-json\/wp\/v2\/media\/173"}],"wp:attachment":[{"href":"https:\/\/www.ansermoz-photography.com\/fr\/wp-json\/wp\/v2\/media?parent=45"}],"wp:term":[{"taxonomy":"category","embeddable":true,"href":"https:\/\/www.ansermoz-photography.com\/fr\/wp-json\/wp\/v2\/categories?post=45"},{"taxonomy":"post_tag","embeddable":true,"href":"https:\/\/www.ansermoz-photography.com\/fr\/wp-json\/wp\/v2\/tags?post=45"}],"curies":[{"name":"wp","href":"https:\/\/api.w.org\/{rel}","templated":true}]}}