{"id":478,"date":"2015-07-02T14:42:07","date_gmt":"2015-07-02T18:42:07","guid":{"rendered":"https:\/\/ansermoz-photography.com\/?p=478"},"modified":"2020-03-12T10:44:11","modified_gmt":"2020-03-12T10:44:11","slug":"annecy-noctibules-france","status":"publish","type":"post","link":"https:\/\/www.ansermoz-photography.com\/fr\/quoi\/noctibules-annecy-france\/","title":{"rendered":"Noctibules Annecy, France"},"content":{"rendered":"<div class=\"the-content\"><p><strong>Les Noctibules d&rsquo;Annecy (France)<\/strong> ont lieu chaque \u00e9t\u00e9, au mois de Juillet.<br \/>\nUne f\u00eate dont la programmation m\u00eale art et th\u00e9\u00e2tre de rue, spectacle a\u00e9rien, th\u00e9\u00e2tre forain, cirque et fanfare.<br \/>\nAu c&oelig;ur de la ville d&rsquo;Annecy, au bord du lac, ou encore le long des canaux, les artistes des Noctibules viennent animer les rues, sous le regard de milliers de visiteurs.<\/p>\n<div class=\"photo-gallery-display row\">\t\t<div class=\"col-12 col-lg-12 content_gallery align-items-start justify-content-start gallery-masonry naf-pc-element mt-4 mb-4\" data-animatecss=\"fadeIn\">\n\t\t\t<div>\n\t\t\t\t\t\t\t\t<div class=\"row d-flex justify-content-center\">\n\t\t\t\t\t<div class=\"col-12 col-md-6 col-lg-4 mb-4\"><a href=\"https:\/\/www.ansermoz-photography.com\/wp-content\/gallery\/fete-annecy\/noctibules-annecy-01.jpg\" class=\"fresco  horizontal-photo-770 h\" data-fresco-caption=\"<span>La fameuse prison d'Annecy, France<\/span><br\/>F11, 2.5 sec, 10 mm, ISO800, Canon EOS 7D\" data-fresco-group=\"slider-180\" data-fresco-group-options=\"thumbnails: false\"><img decoding=\"async\" src=\"https:\/\/www.ansermoz-photography.com\/wp-content\/gallery\/fete-annecy\/noctibules-annecy-01.jpg\" alt=\"La fameuse prison d'Annecy, France\" \/><\/a><\/div><div class=\"col-12 col-md-6 col-lg-4 mb-4\"><a href=\"https:\/\/www.ansermoz-photography.com\/wp-content\/gallery\/fete-annecy\/noctibules-annecy-03.jpg\" class=\"fresco  horizontal-photo-770 h\" data-fresco-caption=\"<span>F\u00eate des Noctibules \u00e0 Annecy, France<\/span><br\/>F5.6, 1\/60 sec, 20 mm, ISO6400, Canon EOS 7D\" data-fresco-group=\"slider-180\" data-fresco-group-options=\"thumbnails: false\"><img decoding=\"async\" src=\"https:\/\/www.ansermoz-photography.com\/wp-content\/gallery\/fete-annecy\/noctibules-annecy-03.jpg\" alt=\"F\u00eate des Noctibules \u00e0 Annecy, France\" \/><\/a><\/div><div class=\"col-12 col-md-6 col-lg-4 mb-4\"><a href=\"https:\/\/www.ansermoz-photography.com\/wp-content\/gallery\/fete-annecy\/noctibules-annecy-05.jpg\" class=\"fresco  horizontal-photo-770 h\" data-fresco-caption=\"<span>F\u00eate des Noctibules \u00e0 Annecy, France<\/span><br\/>F4, 1\/100 sec, 10 mm, ISO6400, Canon EOS 7D\" data-fresco-group=\"slider-180\" data-fresco-group-options=\"thumbnails: false\"><img decoding=\"async\" src=\"https:\/\/www.ansermoz-photography.com\/wp-content\/gallery\/fete-annecy\/noctibules-annecy-05.jpg\" alt=\"F\u00eate des Noctibules \u00e0 Annecy, France\" \/><\/a><\/div><div class=\"col-12 col-md-6 col-lg-4 mb-4\"><a href=\"https:\/\/www.ansermoz-photography.com\/wp-content\/gallery\/fete-annecy\/noctibules-annecy-07.jpg\" class=\"fresco  horizontal-photo-770 h\" data-fresco-caption=\"<span>F\u00eate des Noctibules \u00e0 Annecy, France<\/span><br\/>F5.6, 1\/50 sec, 18 mm, ISO6400, Canon EOS 7D\" data-fresco-group=\"slider-180\" data-fresco-group-options=\"thumbnails: false\"><img decoding=\"async\" src=\"https:\/\/www.ansermoz-photography.com\/wp-content\/gallery\/fete-annecy\/noctibules-annecy-07.jpg\" alt=\"F\u00eate des Noctibules \u00e0 Annecy, France\" \/><\/a><\/div><div class=\"col-12 col-md-6 col-lg-4 mb-4\"><a href=\"https:\/\/www.ansermoz-photography.com\/wp-content\/gallery\/fete-annecy\/noctibules-annecy-10.jpg\" class=\"fresco  vertical-photo vertical-photo-770 v\" data-fresco-caption=\"<span>F\u00eate des Noctibules \u00e0 Annecy, France<\/span><br\/>F4, 1\/60 sec, 70 mm, ISO6400, Canon EOS 7D\" data-fresco-group=\"slider-180\" data-fresco-group-options=\"thumbnails: false\"><img decoding=\"async\" src=\"https:\/\/www.ansermoz-photography.com\/wp-content\/gallery\/fete-annecy\/noctibules-annecy-10.jpg\" alt=\"F\u00eate des Noctibules \u00e0 Annecy, France\" \/><\/a><\/div><div class=\"col-12 col-md-6 col-lg-4 mb-4\"><a href=\"https:\/\/www.ansermoz-photography.com\/wp-content\/gallery\/fete-annecy\/noctibules-annecy-12.jpg\" class=\"fresco  vertical-photo vertical-photo-770 v\" data-fresco-caption=\"<span>F\u00eate des Noctibules \u00e0 Annecy, France<\/span><br\/>F4, 1\/100 sec, 140 mm, ISO6400, Canon EOS 7D\" data-fresco-group=\"slider-180\" data-fresco-group-options=\"thumbnails: false\"><img decoding=\"async\" src=\"https:\/\/www.ansermoz-photography.com\/wp-content\/gallery\/fete-annecy\/noctibules-annecy-12.jpg\" alt=\"F\u00eate des Noctibules \u00e0 Annecy, France\" \/><\/a><\/div><div class=\"col-12 col-md-6 col-lg-4 mb-4\"><a href=\"https:\/\/www.ansermoz-photography.com\/wp-content\/gallery\/fete-annecy\/noctibules-annecy-24.jpg\" class=\"fresco  vertical-photo vertical-photo-770 v\" data-fresco-caption=\"<span>F\u00eate des Noctibules \u00e0 Annecy, France<\/span><br\/>F4, 1\/250 sec, 140 mm, ISO6400, Canon EOS 7D\" data-fresco-group=\"slider-180\" data-fresco-group-options=\"thumbnails: false\"><img decoding=\"async\" src=\"https:\/\/www.ansermoz-photography.com\/wp-content\/gallery\/fete-annecy\/noctibules-annecy-24.jpg\" alt=\"F\u00eate des Noctibules \u00e0 Annecy, France\" \/><\/a><\/div>\t\t\t\t<\/div>\n\t\t\t\t\t\t\t<\/div>\n\t\t<\/div>\n\t\t<\/div>\n<p>Chaque ann\u00e9e, la f\u00eate des Noctibules voit son th\u00e8me et ses troupes d&rsquo;artistes changer.<br \/>\nDe la lumi\u00e8re, du son, de la fum\u00e9e, c&rsquo;est dans un spectacle f\u00e9\u00e9riques et d&rsquo;un autre monde, que les rues de la ville d&rsquo;Annecy prennent vie.<\/p>\n<div class=\"photo-gallery-display row\">\t\t<div class=\"col-12 col-lg-12 content_gallery align-items-start justify-content-start gallery-masonry naf-pc-element mt-4 mb-4\" data-animatecss=\"fadeIn\">\n\t\t\t<div>\n\t\t\t\t\t\t\t\t<div class=\"row d-flex justify-content-center\">\n\t\t\t\t\t<div class=\"col-12 col-md-6 col-lg-4 mb-4\"><a href=\"https:\/\/www.ansermoz-photography.com\/wp-content\/gallery\/noctibules-annecy\/noctibules-annecy-04.jpg\" class=\"fresco  horizontal-photo-770 h\" data-fresco-caption=\"<span>F\u00eate des Noctibules \u00e0 Annecy, France<\/span><br\/>F4, 1\/100 sec, 10 mm, ISO6400, Canon EOS 7D\" data-fresco-group=\"slider-181\" data-fresco-group-options=\"thumbnails: false\"><img decoding=\"async\" src=\"https:\/\/www.ansermoz-photography.com\/wp-content\/gallery\/noctibules-annecy\/noctibules-annecy-04.jpg\" alt=\"F\u00eate des Noctibules \u00e0 Annecy, France\" \/><\/a><\/div><div class=\"col-12 col-md-6 col-lg-4 mb-4\"><a href=\"https:\/\/www.ansermoz-photography.com\/wp-content\/gallery\/noctibules-annecy\/noctibules-annecy-08.jpg\" class=\"fresco  vertical-photo vertical-photo-770 v\" data-fresco-caption=\"<span>F\u00eate des Noctibules \u00e0 Annecy, France<\/span><br\/>F5.6, 1\/50 sec, 20 mm, ISO6400, Canon EOS 7D\" data-fresco-group=\"slider-181\" data-fresco-group-options=\"thumbnails: false\"><img decoding=\"async\" src=\"https:\/\/www.ansermoz-photography.com\/wp-content\/gallery\/noctibules-annecy\/noctibules-annecy-08.jpg\" alt=\"F\u00eate des Noctibules \u00e0 Annecy, France\" \/><\/a><\/div><div class=\"col-12 col-md-6 col-lg-4 mb-4\"><a href=\"https:\/\/www.ansermoz-photography.com\/wp-content\/gallery\/noctibules-annecy\/noctibules-annecy-13.jpg\" class=\"fresco  horizontal-photo-770 h\" data-fresco-caption=\"<span>F\u00eate des Noctibules \u00e0 Annecy, France<\/span><br\/>F4, 1\/100 sec, 131 mm, ISO6400, Canon EOS 7D\" data-fresco-group=\"slider-181\" data-fresco-group-options=\"thumbnails: false\"><img decoding=\"async\" src=\"https:\/\/www.ansermoz-photography.com\/wp-content\/gallery\/noctibules-annecy\/noctibules-annecy-13.jpg\" alt=\"F\u00eate des Noctibules \u00e0 Annecy, France\" \/><\/a><\/div><div class=\"col-12 col-md-6 col-lg-4 mb-4\"><a href=\"https:\/\/www.ansermoz-photography.com\/wp-content\/gallery\/noctibules-annecy\/noctibules-annecy-15.jpg\" class=\"fresco  vertical-photo vertical-photo-770 v\" data-fresco-caption=\"<span>F\u00eate des Noctibules \u00e0 Annecy, France<\/span><br\/>F4, 1\/320 sec, 200 mm, ISO6400, Canon EOS 7D\" data-fresco-group=\"slider-181\" data-fresco-group-options=\"thumbnails: false\"><img decoding=\"async\" src=\"https:\/\/www.ansermoz-photography.com\/wp-content\/gallery\/noctibules-annecy\/noctibules-annecy-15.jpg\" alt=\"F\u00eate des Noctibules \u00e0 Annecy, France\" \/><\/a><\/div><div class=\"col-12 col-md-6 col-lg-4 mb-4\"><a href=\"https:\/\/www.ansermoz-photography.com\/wp-content\/gallery\/noctibules-annecy\/noctibules-annecy-16.jpg\" class=\"fresco  vertical-photo vertical-photo-770 v\" data-fresco-caption=\"<span>F\u00eate des Noctibules \u00e0 Annecy, France<\/span><br\/>F4, 1\/640 sec, 200 mm, ISO6400, Canon EOS 7D\" data-fresco-group=\"slider-181\" data-fresco-group-options=\"thumbnails: false\"><img decoding=\"async\" src=\"https:\/\/www.ansermoz-photography.com\/wp-content\/gallery\/noctibules-annecy\/noctibules-annecy-16.jpg\" alt=\"F\u00eate des Noctibules \u00e0 Annecy, France\" \/><\/a><\/div><div class=\"col-12 col-md-6 col-lg-4 mb-4\"><a href=\"https:\/\/www.ansermoz-photography.com\/wp-content\/gallery\/noctibules-annecy\/noctibules-annecy-17.jpg\" class=\"fresco  vertical-photo vertical-photo-770 v\" data-fresco-caption=\"<span>F\u00eate des Noctibules \u00e0 Annecy, France<\/span><br\/>F4, 1\/800 sec, 200 mm, ISO6400, Canon EOS 7D\" data-fresco-group=\"slider-181\" data-fresco-group-options=\"thumbnails: false\"><img decoding=\"async\" src=\"https:\/\/www.ansermoz-photography.com\/wp-content\/gallery\/noctibules-annecy\/noctibules-annecy-17.jpg\" alt=\"F\u00eate des Noctibules \u00e0 Annecy, France\" \/><\/a><\/div><div class=\"col-12 col-md-6 col-lg-4 mb-4\"><a href=\"https:\/\/www.ansermoz-photography.com\/wp-content\/gallery\/noctibules-annecy\/noctibules-annecy-21.jpg\" class=\"fresco  horizontal-photo-770 h\" data-fresco-caption=\"<span>F\u00eate des Noctibules \u00e0 Annecy, France<\/span><br\/>F4, 1\/250 sec, 109 mm, ISO6400, Canon EOS 7D\" data-fresco-group=\"slider-181\" data-fresco-group-options=\"thumbnails: false\"><img decoding=\"async\" src=\"https:\/\/www.ansermoz-photography.com\/wp-content\/gallery\/noctibules-annecy\/noctibules-annecy-21.jpg\" alt=\"F\u00eate des Noctibules \u00e0 Annecy, France\" \/><\/a><\/div><div class=\"col-12 col-md-6 col-lg-4 mb-4\"><a href=\"https:\/\/www.ansermoz-photography.com\/wp-content\/gallery\/noctibules-annecy\/noctibules-annecy-22.jpg\" class=\"fresco  horizontal-photo-770 h\" data-fresco-caption=\"<span>F\u00eate des Noctibules \u00e0 Annecy, France<\/span><br\/>F4, 1\/250 sec, 140 mm, ISO6400, Canon EOS 7D\" data-fresco-group=\"slider-181\" data-fresco-group-options=\"thumbnails: false\"><img decoding=\"async\" src=\"https:\/\/www.ansermoz-photography.com\/wp-content\/gallery\/noctibules-annecy\/noctibules-annecy-22.jpg\" alt=\"F\u00eate des Noctibules \u00e0 Annecy, France\" \/><\/a><\/div><div class=\"col-12 col-md-6 col-lg-4 mb-4\"><a href=\"https:\/\/www.ansermoz-photography.com\/wp-content\/gallery\/noctibules-annecy\/noctibules-annecy-23.jpg\" class=\"fresco  vertical-photo vertical-photo-770 v\" data-fresco-caption=\"<span>F\u00eate des Noctibules \u00e0 Annecy, France<\/span><br\/>F4, 1\/250 sec, 75 mm, ISO6400, Canon EOS 7D\" data-fresco-group=\"slider-181\" data-fresco-group-options=\"thumbnails: false\"><img decoding=\"async\" src=\"https:\/\/www.ansermoz-photography.com\/wp-content\/gallery\/noctibules-annecy\/noctibules-annecy-23.jpg\" alt=\"F\u00eate des Noctibules \u00e0 Annecy, France\" \/><\/a><\/div><div class=\"col-12 col-md-6 col-lg-4 mb-4\"><a href=\"https:\/\/www.ansermoz-photography.com\/wp-content\/gallery\/noctibules-annecy\/noctibules-annecy-25.jpg\" class=\"fresco  vertical-photo vertical-photo-770 v\" data-fresco-caption=\"<span>F\u00eate des Noctibules \u00e0 Annecy, France<\/span><br\/>F4, 1\/250 sec, 200 mm, ISO6400, Canon EOS 7D\" data-fresco-group=\"slider-181\" data-fresco-group-options=\"thumbnails: false\"><img decoding=\"async\" src=\"https:\/\/www.ansermoz-photography.com\/wp-content\/gallery\/noctibules-annecy\/noctibules-annecy-25.jpg\" alt=\"F\u00eate des Noctibules \u00e0 Annecy, France\" \/><\/a><\/div>\t\t\t\t<\/div>\n\t\t\t\t\t\t\t<\/div>\n\t\t<\/div>\n\t\t<\/div>\n<p>Peut-\u00eatre que vous aurez l&rsquo;occasion de venir assister \u00e0 une repr\u00e9sentation des <strong>Noctibules d&rsquo;Annecy<\/strong>, vous ballader autour du lac, ou encore de d\u00e9couvrir cette ville de France.<\/p>\n<\/div>","protected":false},"excerpt":{"rendered":"<p>Les Noctibules d&rsquo;Annecy (France) ont lieu chaque \u00e9t\u00e9, au mois de Juillet. Une f\u00eate dont la programmation m\u00eale art et th\u00e9\u00e2tre de rue, spectacle a\u00e9rien, th\u00e9\u00e2tre forain, cirque et fanfare. Au c&oelig;ur de la ville d&rsquo;Annecy, au bord du lac, ou encore le long des canaux, les artistes des Noctibules viennent animer les rues, sous le regard de milliers de visiteurs. Chaque ann\u00e9e, la f\u00eate des Noctibules voit son th\u00e8me et ses troupes d&rsquo;artistes changer. De la lumi\u00e8re, du son, &hellip;<\/p>\n","protected":false},"author":1,"featured_media":479,"comment_status":"open","ping_status":"open","sticky":false,"template":"","format":"standard","meta":{"_acf_changed":false,"footnotes":""},"categories":[4],"tags":[139,84,59,153],"class_list":["post-478","post","type-post","status-publish","format-standard","has-post-thumbnail","hentry","category-what","tag-city","tag-event","tag-france","tag-travel-photography"],"acf":[],"_links":{"self":[{"href":"https:\/\/www.ansermoz-photography.com\/fr\/wp-json\/wp\/v2\/posts\/478","targetHints":{"allow":["GET"]}}],"collection":[{"href":"https:\/\/www.ansermoz-photography.com\/fr\/wp-json\/wp\/v2\/posts"}],"about":[{"href":"https:\/\/www.ansermoz-photography.com\/fr\/wp-json\/wp\/v2\/types\/post"}],"author":[{"embeddable":true,"href":"https:\/\/www.ansermoz-photography.com\/fr\/wp-json\/wp\/v2\/users\/1"}],"replies":[{"embeddable":true,"href":"https:\/\/www.ansermoz-photography.com\/fr\/wp-json\/wp\/v2\/comments?post=478"}],"version-history":[{"count":0,"href":"https:\/\/www.ansermoz-photography.com\/fr\/wp-json\/wp\/v2\/posts\/478\/revisions"}],"wp:featuredmedia":[{"embeddable":true,"href":"https:\/\/www.ansermoz-photography.com\/fr\/wp-json\/wp\/v2\/media\/479"}],"wp:attachment":[{"href":"https:\/\/www.ansermoz-photography.com\/fr\/wp-json\/wp\/v2\/media?parent=478"}],"wp:term":[{"taxonomy":"category","embeddable":true,"href":"https:\/\/www.ansermoz-photography.com\/fr\/wp-json\/wp\/v2\/categories?post=478"},{"taxonomy":"post_tag","embeddable":true,"href":"https:\/\/www.ansermoz-photography.com\/fr\/wp-json\/wp\/v2\/tags?post=478"}],"curies":[{"name":"wp","href":"https:\/\/api.w.org\/{rel}","templated":true}]}}