{"id":488,"date":"2015-01-09T05:08:07","date_gmt":"2015-01-09T09:08:07","guid":{"rendered":"https:\/\/ansermoz-photography.com\/?p=488"},"modified":"2015-03-28T13:59:03","modified_gmt":"2015-03-28T17:59:03","slug":"alpine-ibex-switzerland","status":"publish","type":"post","link":"https:\/\/www.ansermoz-photography.com\/fr\/quoi\/bouquetins-alpes-suisse\/","title":{"rendered":"Bouquetins Alpes, Suisse"},"content":{"rendered":"<div class=\"the-content\"><p>Voici mes photos de bouquetins des Alpes, prises en Suisse au cours de randonn\u00e9es et diff\u00e9rentes sessions de photographie animali\u00e8re.<\/p>\n<p>Le bouquetin des Alpes (Capra ibex), ou simplement bouquetin, est une esp\u00e8ce de mammif\u00e8res de la famille des Bovid\u00e9s. Il existe d&rsquo;autres esp\u00e8ces de bouquetins dans d&rsquo;autres massifs montagneux.<\/p>\n<p>Le bouquetin vivait dans toutes les r\u00e9gions de montagnes rocheuses d&rsquo;Europe centrale, il y a 100 000 ans. Le bouquetin est facile \u00e0 chasser, et le d\u00e9veloppement des armes \u00e0 feu, \u00e0 partir du milieu du XVe si\u00e8cle, conduit presque \u00e0 son extinction.<\/p>\n<p>C&rsquo;est gr\u00e2ce aux action de certains monarques de Savoie au d\u00e9but du  XIXe si\u00e8cle, que le bouquetin a pu survivre.<br \/>\nInterdisant sa chasse dans le Massif de la Vanoise, puis du Grand Paradis, qui deviendront plusieurs ann\u00e9es suivantes, des parcs nationaux (France et Italie).<\/p>\n<div class=\"photo-gallery-display row\">\t\t<div class=\"col-12 col-lg-12 content_gallery align-items-start justify-content-start gallery-masonry naf-pc-element mt-4 mb-4\" data-animatecss=\"fadeIn\">\n\t\t\t<div>\n\t\t\t\t\t\t\t\t<div class=\"row d-flex justify-content-center\">\n\t\t\t\t\t<div class=\"col-12 col-md-6 col-lg-4 mb-4\"><a href=\"https:\/\/www.ansermoz-photography.com\/wp-content\/gallery\/bouquetins-suisse-brouillard\/bouquetins-alpes-01.jpg\" class=\"fresco  horizontal-photo-770 h\" data-fresco-caption=\"<span>Bouquetins<\/span><br\/>F4, 1\/500 sec, 131 mm, ISO250, Canon EOS 7D\" data-fresco-group=\"slider-188\" data-fresco-group-options=\"thumbnails: false\"><img decoding=\"async\" src=\"https:\/\/www.ansermoz-photography.com\/wp-content\/gallery\/bouquetins-suisse-brouillard\/bouquetins-alpes-01.jpg\" alt=\"Bouquetins\" \/><\/a><\/div><div class=\"col-12 col-md-6 col-lg-4 mb-4\"><a href=\"https:\/\/www.ansermoz-photography.com\/wp-content\/gallery\/bouquetins-suisse-brouillard\/bouquetins-alpes-03.jpg\" class=\"fresco  vertical-photo vertical-photo-770 v\" data-fresco-caption=\"<span>Bouquetins<\/span><br\/>F5.6, 1\/800 sec, 131 mm, ISO250, Canon EOS 7D\" data-fresco-group=\"slider-188\" data-fresco-group-options=\"thumbnails: false\"><img decoding=\"async\" src=\"https:\/\/www.ansermoz-photography.com\/wp-content\/gallery\/bouquetins-suisse-brouillard\/bouquetins-alpes-03.jpg\" alt=\"Bouquetins\" \/><\/a><\/div><div class=\"col-12 col-md-6 col-lg-4 mb-4\"><a href=\"https:\/\/www.ansermoz-photography.com\/wp-content\/gallery\/bouquetins-suisse-brouillard\/bouquetins-alpes-04.jpg\" class=\"fresco  horizontal-photo-770 h\" data-fresco-caption=\"<span>Bouquetins<\/span><br\/>F5.6, 1\/640 sec, 87 mm, ISO250, Canon EOS 7D\" data-fresco-group=\"slider-188\" data-fresco-group-options=\"thumbnails: false\"><img decoding=\"async\" src=\"https:\/\/www.ansermoz-photography.com\/wp-content\/gallery\/bouquetins-suisse-brouillard\/bouquetins-alpes-04.jpg\" alt=\"Bouquetins\" \/><\/a><\/div><div class=\"col-12 col-md-6 col-lg-4 mb-4\"><a href=\"https:\/\/www.ansermoz-photography.com\/wp-content\/gallery\/bouquetins-suisse-brouillard\/bouquetins-alpes-06.jpg\" class=\"fresco  horizontal-photo-770 h\" data-fresco-caption=\"<span>Bouquetins<\/span><br\/>F5.6, 1\/640 sec, 200 mm, ISO250, Canon EOS 7D\" data-fresco-group=\"slider-188\" data-fresco-group-options=\"thumbnails: false\"><img decoding=\"async\" src=\"https:\/\/www.ansermoz-photography.com\/wp-content\/gallery\/bouquetins-suisse-brouillard\/bouquetins-alpes-06.jpg\" alt=\"Bouquetins\" \/><\/a><\/div><div class=\"col-12 col-md-6 col-lg-4 mb-4\"><a href=\"https:\/\/www.ansermoz-photography.com\/wp-content\/gallery\/bouquetins-suisse-brouillard\/bouquetins-alpes-08.jpg\" class=\"fresco  horizontal-photo-770 h\" data-fresco-caption=\"<span>Bouquetins<\/span><br\/>F5.6, 1\/640 sec, 200 mm, ISO250, Canon EOS 7D\" data-fresco-group=\"slider-188\" data-fresco-group-options=\"thumbnails: false\"><img decoding=\"async\" src=\"https:\/\/www.ansermoz-photography.com\/wp-content\/gallery\/bouquetins-suisse-brouillard\/bouquetins-alpes-08.jpg\" alt=\"Bouquetins\" \/><\/a><\/div><div class=\"col-12 col-md-6 col-lg-4 mb-4\"><a href=\"https:\/\/www.ansermoz-photography.com\/wp-content\/gallery\/bouquetins-suisse-brouillard\/bouquetins-alpes-13.jpg\" class=\"fresco  horizontal-photo-770 h\" data-fresco-caption=\"<span>Bouquetins<\/span><br\/>F5.6, 1\/400 sec, 149 mm, ISO250, Canon EOS 7D\" data-fresco-group=\"slider-188\" data-fresco-group-options=\"thumbnails: false\"><img decoding=\"async\" src=\"https:\/\/www.ansermoz-photography.com\/wp-content\/gallery\/bouquetins-suisse-brouillard\/bouquetins-alpes-13.jpg\" alt=\"Bouquetins\" \/><\/a><\/div><div class=\"col-12 col-md-6 col-lg-4 mb-4\"><a href=\"https:\/\/www.ansermoz-photography.com\/wp-content\/gallery\/bouquetins-suisse-brouillard\/bouquetins-alpes-14.jpg\" class=\"fresco  horizontal-photo-770 h\" data-fresco-caption=\"<span>Bouquetins<\/span><br\/>F4, 1\/8000 sec, 200 mm, ISO320, Canon EOS 7D\" data-fresco-group=\"slider-188\" data-fresco-group-options=\"thumbnails: false\"><img decoding=\"async\" src=\"https:\/\/www.ansermoz-photography.com\/wp-content\/gallery\/bouquetins-suisse-brouillard\/bouquetins-alpes-14.jpg\" alt=\"Bouquetins\" \/><\/a><\/div><div class=\"col-12 col-md-6 col-lg-4 mb-4\"><a href=\"https:\/\/www.ansermoz-photography.com\/wp-content\/gallery\/bouquetins-suisse-brouillard\/bouquetins-alpes-16.jpg\" class=\"fresco  horizontal-photo-770 h\" data-fresco-caption=\"<span>Bouquetins<\/span><br\/>F4, 1\/4000 sec, 78 mm, ISO320, Canon EOS 7D\" data-fresco-group=\"slider-188\" data-fresco-group-options=\"thumbnails: false\"><img decoding=\"async\" src=\"https:\/\/www.ansermoz-photography.com\/wp-content\/gallery\/bouquetins-suisse-brouillard\/bouquetins-alpes-16.jpg\" alt=\"Bouquetins\" \/><\/a><\/div><div class=\"col-12 col-md-6 col-lg-4 mb-4\"><a href=\"https:\/\/www.ansermoz-photography.com\/wp-content\/gallery\/bouquetins-suisse-brouillard\/bouquetins-alpes-17.jpg\" class=\"fresco  horizontal-photo-770 h\" data-fresco-caption=\"<span>Bouquetins<\/span><br\/>F4, 1\/4000 sec, 200 mm, ISO320, Canon EOS 7D\" data-fresco-group=\"slider-188\" data-fresco-group-options=\"thumbnails: false\"><img decoding=\"async\" src=\"https:\/\/www.ansermoz-photography.com\/wp-content\/gallery\/bouquetins-suisse-brouillard\/bouquetins-alpes-17.jpg\" alt=\"Bouquetins\" \/><\/a><\/div><div class=\"col-12 col-md-6 col-lg-4 mb-4\"><a href=\"https:\/\/www.ansermoz-photography.com\/wp-content\/gallery\/bouquetins-suisse-brouillard\/bouquetins-alpes-18.jpg\" class=\"fresco  horizontal-photo-770 h\" data-fresco-caption=\"<span>Bouquetins<\/span><br\/>F4.5, 1\/8000 sec, 113 mm, ISO320, Canon EOS 7D\" data-fresco-group=\"slider-188\" data-fresco-group-options=\"thumbnails: false\"><img decoding=\"async\" src=\"https:\/\/www.ansermoz-photography.com\/wp-content\/gallery\/bouquetins-suisse-brouillard\/bouquetins-alpes-18.jpg\" alt=\"Bouquetins\" \/><\/a><\/div>\t\t\t\t<\/div>\n\t\t\t\t\t\t\t<\/div>\n\t\t<\/div>\n\t\t<\/div>\n<p>Les bouquetins se trouvent \u00e0 nouveau de nos jours dans la quasi-totalit\u00e9 des Alpes, mais de fa\u00e7on tr\u00e8s discontinue, en petits habitats dispers\u00e9s.<br \/>\nC&rsquo;est en 1906, que le bouquetin est r\u00e9introduit en fraude en Suisse. Joseph B\u00e9rard, descendant d\u2019une famille de braconniers de la Vall\u00e9e d\u2019Aoste, capture ill\u00e9galement un m\u00e2le et deux jeunes femelles, dans une des r\u00e9serves royales italienne \u00e0 la demande des autorit\u00e9s helv\u00e9tiques. Le roi d&rsquo;Italie avait pr\u00e9alablement refus\u00e9 de c\u00e9der un de ses bouquetins \u00e0 la Suisse.<\/p>\n<div class=\"photo-gallery-display row\">\t\t<div class=\"col-12 col-lg-12 content_gallery align-items-start justify-content-start gallery-masonry naf-pc-element mt-4 mb-4\" data-animatecss=\"fadeIn\">\n\t\t\t<div>\n\t\t\t\t\t\t\t\t<div class=\"row d-flex justify-content-center\">\n\t\t\t\t\t<div class=\"col-12 col-md-6 col-lg-4 mb-4\"><a href=\"https:\/\/www.ansermoz-photography.com\/wp-content\/gallery\/bouquetins-alpes-suisse\/bouquetins-02.jpg\" class=\"fresco  horizontal-photo-770 h\" data-fresco-caption=\"<span>Bouquetins 02<\/span><br\/>F4, 1\/400 sec, 140 mm, ISO400, Canon EOS 7D\" data-fresco-group=\"slider-189\" data-fresco-group-options=\"thumbnails: false\"><img decoding=\"async\" src=\"https:\/\/www.ansermoz-photography.com\/wp-content\/gallery\/bouquetins-alpes-suisse\/bouquetins-02.jpg\" alt=\"Bouquetins 02\" \/><\/a><\/div><div class=\"col-12 col-md-6 col-lg-4 mb-4\"><a href=\"https:\/\/www.ansermoz-photography.com\/wp-content\/gallery\/bouquetins-alpes-suisse\/bouquetins-04.jpg\" class=\"fresco  horizontal-photo-770 h\" data-fresco-caption=\"<span>Bouquetins 04<\/span><br\/>F4, 1\/320 sec, 200 mm, ISO400, Canon EOS 7D\" data-fresco-group=\"slider-189\" data-fresco-group-options=\"thumbnails: false\"><img decoding=\"async\" src=\"https:\/\/www.ansermoz-photography.com\/wp-content\/gallery\/bouquetins-alpes-suisse\/bouquetins-04.jpg\" alt=\"Bouquetins 04\" \/><\/a><\/div><div class=\"col-12 col-md-6 col-lg-4 mb-4\"><a href=\"https:\/\/www.ansermoz-photography.com\/wp-content\/gallery\/bouquetins-alpes-suisse\/bouquetins-05.jpg\" class=\"fresco  horizontal-photo-770 h\" data-fresco-caption=\"<span>Bouquetins 05<\/span><br\/>F4, 1\/200 sec, 200 mm, ISO400, Canon EOS 7D\" data-fresco-group=\"slider-189\" data-fresco-group-options=\"thumbnails: false\"><img decoding=\"async\" src=\"https:\/\/www.ansermoz-photography.com\/wp-content\/gallery\/bouquetins-alpes-suisse\/bouquetins-05.jpg\" alt=\"Bouquetins 05\" \/><\/a><\/div><div class=\"col-12 col-md-6 col-lg-4 mb-4\"><a href=\"https:\/\/www.ansermoz-photography.com\/wp-content\/gallery\/bouquetins-alpes-suisse\/bouquetins-09.jpg\" class=\"fresco  vertical-photo vertical-photo-770 v\" data-fresco-caption=\"<span>Bouquetins 09<\/span><br\/>F4, 1\/250 sec, 78 mm, ISO400, Canon EOS 7D\" data-fresco-group=\"slider-189\" data-fresco-group-options=\"thumbnails: false\"><img decoding=\"async\" src=\"https:\/\/www.ansermoz-photography.com\/wp-content\/gallery\/bouquetins-alpes-suisse\/bouquetins-09.jpg\" alt=\"Bouquetins 09\" \/><\/a><\/div><div class=\"col-12 col-md-6 col-lg-4 mb-4\"><a href=\"https:\/\/www.ansermoz-photography.com\/wp-content\/gallery\/bouquetins-alpes-suisse\/bouquetins-13.jpg\" class=\"fresco  horizontal-photo-770 h\" data-fresco-caption=\"<span>Bouquetins 13<\/span><br\/>F4, 1\/1000 sec, 200 mm, ISO320, Canon EOS 7D\" data-fresco-group=\"slider-189\" data-fresco-group-options=\"thumbnails: false\"><img decoding=\"async\" src=\"https:\/\/www.ansermoz-photography.com\/wp-content\/gallery\/bouquetins-alpes-suisse\/bouquetins-13.jpg\" alt=\"Bouquetins 13\" \/><\/a><\/div><div class=\"col-12 col-md-6 col-lg-4 mb-4\"><a href=\"https:\/\/www.ansermoz-photography.com\/wp-content\/gallery\/bouquetins-alpes-suisse\/bouquetins-15.jpg\" class=\"fresco  horizontal-photo-770 h\" data-fresco-caption=\"<span>Bouquetins 15<\/span><br\/>F5, 1\/1250 sec, 159 mm, ISO320, Canon EOS 7D\" data-fresco-group=\"slider-189\" data-fresco-group-options=\"thumbnails: false\"><img decoding=\"async\" src=\"https:\/\/www.ansermoz-photography.com\/wp-content\/gallery\/bouquetins-alpes-suisse\/bouquetins-15.jpg\" alt=\"Bouquetins 15\" \/><\/a><\/div><div class=\"col-12 col-md-6 col-lg-4 mb-4\"><a href=\"https:\/\/www.ansermoz-photography.com\/wp-content\/gallery\/bouquetins-alpes-suisse\/bouquetins-16.jpg\" class=\"fresco  horizontal-photo-770 h\" data-fresco-caption=\"<span>Bouquetins 16<\/span><br\/>F5, 1\/1250 sec, 163 mm, ISO320, Canon EOS 7D\" data-fresco-group=\"slider-189\" data-fresco-group-options=\"thumbnails: false\"><img decoding=\"async\" src=\"https:\/\/www.ansermoz-photography.com\/wp-content\/gallery\/bouquetins-alpes-suisse\/bouquetins-16.jpg\" alt=\"Bouquetins 16\" \/><\/a><\/div>\t\t\t\t<\/div>\n\t\t\t\t\t\t\t<\/div>\n\t\t<\/div>\n\t\t<\/div>\n<p>Le bouquetin m\u00e2le, aussi appel\u00e9 bouc, mesure entre 75 et 90cm au garrot, pour une longueur comprise entre 1,40 et 1,60m. Son poids varie entre 65 et 100kg, en fonction des saisons.<br \/>\nTrapu et court sur pattes, le bouquetin m\u00e2le poss\u00e8de d\u2019impressionnantes cornes. Celles-ci grandissent tout au long de sa vie et se parent de nodosit\u00e9s \u00e9galement appel\u00e9es bourrelets de parure. \u00c0 l&rsquo;\u00e2ge adulte, les cornes du bouquetin atteignent 70 \u00e0 100 cm et peuvent peser jusqu&rsquo;\u00e0 6 kg la paire.<\/p>\n<p>La femelle bouquetin \u00e9galement appel\u00e9e \u00ab\u00a0\u00e9tagne\u00a0\u00bb est plus petite et plus fine que le m\u00e2le. Elle mesure entre 70 et 78 cm de hauteur au garrot pour une longueur comprise entre 1,05 et 1,45m. Son poids varie entre 35 et 50kg. Ses cornes sont beaucoup plus courtes, entre 20 et 30cm, pour un poids de 100 \u00e0 300g la paire.<\/p>\n<p>Les cornes sont l&rsquo;\u00e9l\u00e9ment principal dans la d\u00e9termination des sexes, mais aussi de l&rsquo;\u00e2ge des bouquetins.<br \/>\nChez les petits bouquetins (cabris), on  ne peux distinguer les sexes avant l&rsquo;\u00e2ge de 1 an.<\/p>\n<div class=\"photo-gallery-display row\">\t\t<div class=\"col-12 col-lg-12 content_gallery align-items-start justify-content-start gallery-masonry naf-pc-element mt-4 mb-4\" data-animatecss=\"fadeIn\">\n\t\t\t<div>\n\t\t\t\t\t\t\t\t<div class=\"row d-flex justify-content-center\">\n\t\t\t\t\t<div class=\"col-12 col-md-6 col-lg-4 mb-4\"><a href=\"https:\/\/www.ansermoz-photography.com\/wp-content\/gallery\/bouquetin-capra-ibex\/bouquetins-suisse-02.jpg\" class=\"fresco  horizontal-photo-770 h\" data-fresco-caption=\"<span>Bouquetins<\/span><br\/>F4, 1\/800 sec, 140 mm, ISO200, Canon EOS 7D\" data-fresco-group=\"slider-190\" data-fresco-group-options=\"thumbnails: false\"><img decoding=\"async\" src=\"https:\/\/www.ansermoz-photography.com\/wp-content\/gallery\/bouquetin-capra-ibex\/bouquetins-suisse-02.jpg\" alt=\"Bouquetins\" \/><\/a><\/div><div class=\"col-12 col-md-6 col-lg-4 mb-4\"><a href=\"https:\/\/www.ansermoz-photography.com\/wp-content\/gallery\/bouquetin-capra-ibex\/bouquetins-suisse-05.jpg\" class=\"fresco  horizontal-photo-770 h\" data-fresco-caption=\"<span>Bouquetins<\/span><br\/>F4, 1\/800 sec, 70 mm, ISO200, Canon EOS 7D\" data-fresco-group=\"slider-190\" data-fresco-group-options=\"thumbnails: false\"><img decoding=\"async\" src=\"https:\/\/www.ansermoz-photography.com\/wp-content\/gallery\/bouquetin-capra-ibex\/bouquetins-suisse-05.jpg\" alt=\"Bouquetins\" \/><\/a><\/div><div class=\"col-12 col-md-6 col-lg-4 mb-4\"><a href=\"https:\/\/www.ansermoz-photography.com\/wp-content\/gallery\/bouquetin-capra-ibex\/bouquetins-suisse-07.jpg\" class=\"fresco  horizontal-photo-770 h\" data-fresco-caption=\"<span>Bouquetins<\/span><br\/>F4, 1\/800 sec, 200 mm, ISO200, Canon EOS 7D\" data-fresco-group=\"slider-190\" data-fresco-group-options=\"thumbnails: false\"><img decoding=\"async\" src=\"https:\/\/www.ansermoz-photography.com\/wp-content\/gallery\/bouquetin-capra-ibex\/bouquetins-suisse-07.jpg\" alt=\"Bouquetins\" \/><\/a><\/div><div class=\"col-12 col-md-6 col-lg-4 mb-4\"><a href=\"https:\/\/www.ansermoz-photography.com\/wp-content\/gallery\/bouquetin-capra-ibex\/bouquetins-suisse-12.jpg\" class=\"fresco  vertical-photo vertical-photo-770 v\" data-fresco-caption=\"<span>Bouquetins<\/span><br\/>F5, 1\/1250 sec, 70 mm, ISO320, Canon EOS 7D\" data-fresco-group=\"slider-190\" data-fresco-group-options=\"thumbnails: false\"><img decoding=\"async\" src=\"https:\/\/www.ansermoz-photography.com\/wp-content\/gallery\/bouquetin-capra-ibex\/bouquetins-suisse-12.jpg\" alt=\"Bouquetins\" \/><\/a><\/div><div class=\"col-12 col-md-6 col-lg-4 mb-4\"><a href=\"https:\/\/www.ansermoz-photography.com\/wp-content\/gallery\/bouquetin-capra-ibex\/bouquetins-suisse-13.jpg\" class=\"fresco  horizontal-photo-770 h\" data-fresco-caption=\"<span>Bouquetins<\/span><br\/>F5, 1\/1250 sec, 163 mm, ISO320, Canon EOS 7D\" data-fresco-group=\"slider-190\" data-fresco-group-options=\"thumbnails: false\"><img decoding=\"async\" src=\"https:\/\/www.ansermoz-photography.com\/wp-content\/gallery\/bouquetin-capra-ibex\/bouquetins-suisse-13.jpg\" alt=\"Bouquetins\" \/><\/a><\/div><div class=\"col-12 col-md-6 col-lg-4 mb-4\"><a href=\"https:\/\/www.ansermoz-photography.com\/wp-content\/gallery\/bouquetin-capra-ibex\/bouquetins-suisse-14.jpg\" class=\"fresco  vertical-photo vertical-photo-770 v\" data-fresco-caption=\"<span>Bouquetins<\/span><br\/>F4, 1\/1250 sec, 154 mm, ISO320, Canon EOS 7D\" data-fresco-group=\"slider-190\" data-fresco-group-options=\"thumbnails: false\"><img decoding=\"async\" src=\"https:\/\/www.ansermoz-photography.com\/wp-content\/gallery\/bouquetin-capra-ibex\/bouquetins-suisse-14.jpg\" alt=\"Bouquetins\" \/><\/a><\/div><div class=\"col-12 col-md-6 col-lg-4 mb-4\"><a href=\"https:\/\/www.ansermoz-photography.com\/wp-content\/gallery\/bouquetin-capra-ibex\/bouquetins-suisse-16.jpg\" class=\"fresco  horizontal-photo-770 h\" data-fresco-caption=\"<span>Bouquetins<\/span><br\/>F4, 1\/1600 sec, 184 mm, ISO320, Canon EOS 7D\" data-fresco-group=\"slider-190\" data-fresco-group-options=\"thumbnails: false\"><img decoding=\"async\" src=\"https:\/\/www.ansermoz-photography.com\/wp-content\/gallery\/bouquetin-capra-ibex\/bouquetins-suisse-16.jpg\" alt=\"Bouquetins\" \/><\/a><\/div><div class=\"col-12 col-md-6 col-lg-4 mb-4\"><a href=\"https:\/\/www.ansermoz-photography.com\/wp-content\/gallery\/bouquetin-capra-ibex\/bouquetins-suisse-20.jpg\" class=\"fresco  horizontal-photo-770 h\" data-fresco-caption=\"<span>Bouquetins<\/span><br\/>F4, 1\/3200 sec, 135 mm, ISO320, Canon EOS 7D\" data-fresco-group=\"slider-190\" data-fresco-group-options=\"thumbnails: false\"><img decoding=\"async\" src=\"https:\/\/www.ansermoz-photography.com\/wp-content\/gallery\/bouquetin-capra-ibex\/bouquetins-suisse-20.jpg\" alt=\"Bouquetins\" \/><\/a><\/div>\t\t\t\t<\/div>\n\t\t\t\t\t\t\t<\/div>\n\t\t<\/div>\n\t\t<\/div>\n<p>La p\u00e9riode de rut commence d\u00e9but d\u00e9cembre pour se terminer mi-janvier. Les bouquetins m\u00e2les et femelles se regroupent.<br \/>\nUne hi\u00e9rarchie se cr\u00e9e au sein du troupeau, avec g\u00e9n\u00e9ralement un m\u00e2le dominant qui s&rsquo;impose apr\u00e8s un combat de cornes.<br \/>\nApr\u00e8s l&rsquo;accouplement hivernal, la femelle bouquetin met bas dans un endroit inaccessible, g\u00e9n\u00e9ralement vers la mi-juin, apr\u00e8s 170 jours de gestation.<\/p>\n<div class=\"photo-gallery-display row\">\t\t<div class=\"col-12 col-lg-12 content_gallery align-items-start justify-content-start gallery-masonry naf-pc-element mt-4 mb-4\" data-animatecss=\"fadeIn\">\n\t\t\t<div>\n\t\t\t\t\t\t\t\t<div class=\"row d-flex justify-content-center\">\n\t\t\t\t\t<div class=\"col-12 col-md-6 col-lg-4 mb-4\"><a href=\"https:\/\/www.ansermoz-photography.com\/wp-content\/gallery\/bouquetins-ibexes-alpes\/bouquetins-montagne-02.jpg\" class=\"fresco  horizontal-photo-770 h\" data-fresco-caption=\"<span>Portrait de femelle bouquetin, \u00e9tagne<\/span><br\/>F4, 1\/640 sec, 126 mm, ISO200, Canon EOS 7D\" data-fresco-group=\"slider-191\" data-fresco-group-options=\"thumbnails: false\"><img decoding=\"async\" src=\"https:\/\/www.ansermoz-photography.com\/wp-content\/gallery\/bouquetins-ibexes-alpes\/bouquetins-montagne-02.jpg\" alt=\"Portrait de femelle bouquetin, \u00e9tagne\" \/><\/a><\/div><div class=\"col-12 col-md-6 col-lg-4 mb-4\"><a href=\"https:\/\/www.ansermoz-photography.com\/wp-content\/gallery\/bouquetins-ibexes-alpes\/bouquetins-montagne-04.jpg\" class=\"fresco  horizontal-photo-770 h\" data-fresco-caption=\"<span>Bouquetins<\/span><br\/>F4, 1\/400 sec, 200 mm, ISO400, Canon EOS 7D\" data-fresco-group=\"slider-191\" data-fresco-group-options=\"thumbnails: false\"><img decoding=\"async\" src=\"https:\/\/www.ansermoz-photography.com\/wp-content\/gallery\/bouquetins-ibexes-alpes\/bouquetins-montagne-04.jpg\" alt=\"Bouquetins\" \/><\/a><\/div><div class=\"col-12 col-md-6 col-lg-4 mb-4\"><a href=\"https:\/\/www.ansermoz-photography.com\/wp-content\/gallery\/bouquetins-ibexes-alpes\/bouquetins-montagne-05.jpg\" class=\"fresco  horizontal-photo-770 h\" data-fresco-caption=\"<span>Bouquetins<\/span><br\/>F4, 1\/800 sec, 163 mm, ISO400, Canon EOS 7D\" data-fresco-group=\"slider-191\" data-fresco-group-options=\"thumbnails: false\"><img decoding=\"async\" src=\"https:\/\/www.ansermoz-photography.com\/wp-content\/gallery\/bouquetins-ibexes-alpes\/bouquetins-montagne-05.jpg\" alt=\"Bouquetins\" \/><\/a><\/div><div class=\"col-12 col-md-6 col-lg-4 mb-4\"><a href=\"https:\/\/www.ansermoz-photography.com\/wp-content\/gallery\/bouquetins-ibexes-alpes\/bouquetins-montagne-06.jpg\" class=\"fresco  horizontal-photo-770 h\" data-fresco-caption=\"<span>Jeune bouquetin, cabris en plein jeu<\/span><br\/>F4, 1\/800 sec, 118 mm, ISO400, Canon EOS 7D\" data-fresco-group=\"slider-191\" data-fresco-group-options=\"thumbnails: false\"><img decoding=\"async\" src=\"https:\/\/www.ansermoz-photography.com\/wp-content\/gallery\/bouquetins-ibexes-alpes\/bouquetins-montagne-06.jpg\" alt=\"Jeune bouquetin, cabris en plein jeu\" \/><\/a><\/div><div class=\"col-12 col-md-6 col-lg-4 mb-4\"><a href=\"https:\/\/www.ansermoz-photography.com\/wp-content\/gallery\/bouquetins-ibexes-alpes\/bouquetins-montagne-07.jpg\" class=\"fresco  horizontal-photo-770 h\" data-fresco-caption=\"<span>Bouquetins<\/span><br\/>F4, 1\/1000 sec, 159 mm, ISO400, Canon EOS 7D\" data-fresco-group=\"slider-191\" data-fresco-group-options=\"thumbnails: false\"><img decoding=\"async\" src=\"https:\/\/www.ansermoz-photography.com\/wp-content\/gallery\/bouquetins-ibexes-alpes\/bouquetins-montagne-07.jpg\" alt=\"Bouquetins\" \/><\/a><\/div><div class=\"col-12 col-md-6 col-lg-4 mb-4\"><a href=\"https:\/\/www.ansermoz-photography.com\/wp-content\/gallery\/bouquetins-ibexes-alpes\/bouquetins-montagne-08.jpg\" class=\"fresco  horizontal-photo-770 h\" data-fresco-caption=\"<span>Bouquetins<\/span><br\/>F4, 1\/320 sec, 188 mm, ISO400, Canon EOS 7D\" data-fresco-group=\"slider-191\" data-fresco-group-options=\"thumbnails: false\"><img decoding=\"async\" src=\"https:\/\/www.ansermoz-photography.com\/wp-content\/gallery\/bouquetins-ibexes-alpes\/bouquetins-montagne-08.jpg\" alt=\"Bouquetins\" \/><\/a><\/div><div class=\"col-12 col-md-6 col-lg-4 mb-4\"><a href=\"https:\/\/www.ansermoz-photography.com\/wp-content\/gallery\/bouquetins-ibexes-alpes\/bouquetins-montagne-09.jpg\" class=\"fresco  horizontal-photo-770 h\" data-fresco-caption=\"<span>Bouquetins<\/span><br\/>F4, 1\/640 sec, 200 mm, ISO400, Canon EOS 7D\" data-fresco-group=\"slider-191\" data-fresco-group-options=\"thumbnails: false\"><img decoding=\"async\" src=\"https:\/\/www.ansermoz-photography.com\/wp-content\/gallery\/bouquetins-ibexes-alpes\/bouquetins-montagne-09.jpg\" alt=\"Bouquetins\" \/><\/a><\/div><div class=\"col-12 col-md-6 col-lg-4 mb-4\"><a href=\"https:\/\/www.ansermoz-photography.com\/wp-content\/gallery\/bouquetins-ibexes-alpes\/bouquetins-montagne-11.jpg\" class=\"fresco  horizontal-photo-770 h\" data-fresco-caption=\"<span>Bouquetins<\/span><br\/>F4, 1\/640 sec, 180 mm, ISO320, Canon EOS 7D\" data-fresco-group=\"slider-191\" data-fresco-group-options=\"thumbnails: false\"><img decoding=\"async\" src=\"https:\/\/www.ansermoz-photography.com\/wp-content\/gallery\/bouquetins-ibexes-alpes\/bouquetins-montagne-11.jpg\" alt=\"Bouquetins\" \/><\/a><\/div><div class=\"col-12 col-md-6 col-lg-4 mb-4\"><a href=\"https:\/\/www.ansermoz-photography.com\/wp-content\/gallery\/bouquetins-ibexes-alpes\/bouquetins-montagne-13.jpg\" class=\"fresco  horizontal-photo-770 h\" data-fresco-caption=\"<span>Bouquetins<\/span><br\/>F5, 1\/1250 sec, 109 mm, ISO320, Canon EOS 7D\" data-fresco-group=\"slider-191\" data-fresco-group-options=\"thumbnails: false\"><img decoding=\"async\" src=\"https:\/\/www.ansermoz-photography.com\/wp-content\/gallery\/bouquetins-ibexes-alpes\/bouquetins-montagne-13.jpg\" alt=\"Bouquetins\" \/><\/a><\/div><div class=\"col-12 col-md-6 col-lg-4 mb-4\"><a href=\"https:\/\/www.ansermoz-photography.com\/wp-content\/gallery\/bouquetins-ibexes-alpes\/bouquetins-montagne-14.jpg\" class=\"fresco  horizontal-photo-770 h\" data-fresco-caption=\"<span>Bouquetins<\/span><br\/>F5, 1\/1250 sec, 188 mm, ISO320, Canon EOS 7D\" data-fresco-group=\"slider-191\" data-fresco-group-options=\"thumbnails: false\"><img decoding=\"async\" src=\"https:\/\/www.ansermoz-photography.com\/wp-content\/gallery\/bouquetins-ibexes-alpes\/bouquetins-montagne-14.jpg\" alt=\"Bouquetins\" \/><\/a><\/div><div class=\"col-12 col-md-6 col-lg-4 mb-4\"><a href=\"https:\/\/www.ansermoz-photography.com\/wp-content\/gallery\/bouquetins-ibexes-alpes\/bouquetins-montagne-16.jpg\" class=\"fresco  horizontal-photo-770 h\" data-fresco-caption=\"<span>Bouquetins<\/span><br\/>F4, 1\/1600 sec, 200 mm, ISO320, Canon EOS 7D\" data-fresco-group=\"slider-191\" data-fresco-group-options=\"thumbnails: false\"><img decoding=\"async\" src=\"https:\/\/www.ansermoz-photography.com\/wp-content\/gallery\/bouquetins-ibexes-alpes\/bouquetins-montagne-16.jpg\" alt=\"Bouquetins\" \/><\/a><\/div><div class=\"col-12 col-md-6 col-lg-4 mb-4\"><a href=\"https:\/\/www.ansermoz-photography.com\/wp-content\/gallery\/bouquetins-ibexes-alpes\/bouquetins-montagne-19.jpg\" class=\"fresco  horizontal-photo-770 h\" data-fresco-caption=\"<span>Silhouette de bouquetin<\/span><br\/>F4, 1\/3200 sec, 135 mm, ISO320, Canon EOS 7D\" data-fresco-group=\"slider-191\" data-fresco-group-options=\"thumbnails: false\"><img decoding=\"async\" src=\"https:\/\/www.ansermoz-photography.com\/wp-content\/gallery\/bouquetins-ibexes-alpes\/bouquetins-montagne-19.jpg\" alt=\"Silhouette de bouquetin\" \/><\/a><\/div><div class=\"col-12 col-md-6 col-lg-4 mb-4\"><a href=\"https:\/\/www.ansermoz-photography.com\/wp-content\/gallery\/bouquetins-ibexes-alpes\/bouquetins-montagne-20.jpg\" class=\"fresco  vertical-photo vertical-photo-770 v\" data-fresco-caption=\"<span>Bouquetins<\/span><br\/>F4, 1\/500 sec, 168 mm, ISO320, Canon EOS 7D\" data-fresco-group=\"slider-191\" data-fresco-group-options=\"thumbnails: false\"><img decoding=\"async\" src=\"https:\/\/www.ansermoz-photography.com\/wp-content\/gallery\/bouquetins-ibexes-alpes\/bouquetins-montagne-20.jpg\" alt=\"Bouquetins\" \/><\/a><\/div>\t\t\t\t<\/div>\n\t\t\t\t\t\t\t<\/div>\n\t\t<\/div>\n\t\t<\/div>\n<p>J&rsquo;esp\u00e8re que vous avez appr\u00e9ci\u00e9 mes photos des bouquetins des Alpes en Suisse.<br \/>\nCe fut une belle exp\u00e9rience de m&rsquo;assoir parmi eux, leur laissant le temps de s&rsquo;habituer \u00e0 ma pr\u00e9sence&#8230; sans bruit, sans mouvement brusque, afin de les respecter et ne pas les d\u00e9ranger.<\/p>\n<\/div>","protected":false},"excerpt":{"rendered":"<p>Voici mes photos de bouquetins des Alpes, prises en Suisse au cours de randonn\u00e9es et diff\u00e9rentes sessions de photographie animali\u00e8re. Le bouquetin des Alpes (Capra ibex), ou simplement bouquetin, est une esp\u00e8ce de mammif\u00e8res de la famille des Bovid\u00e9s. Il existe d&rsquo;autres esp\u00e8ces de bouquetins dans d&rsquo;autres massifs montagneux. Le bouquetin vivait dans toutes les r\u00e9gions de montagnes rocheuses d&rsquo;Europe centrale, il y a 100 000 ans. Le bouquetin est facile \u00e0 chasser, et le d\u00e9veloppement des armes \u00e0 feu, &hellip;<\/p>\n","protected":false},"author":1,"featured_media":489,"comment_status":"open","ping_status":"open","sticky":false,"template":"","format":"standard","meta":{"_acf_changed":false,"footnotes":""},"categories":[4],"tags":[257,15,121],"class_list":["post-488","post","type-post","status-publish","format-standard","has-post-thumbnail","hentry","category-what","tag-switzerland","tag-wildlife","tag-wildlife-photography"],"acf":[],"_links":{"self":[{"href":"https:\/\/www.ansermoz-photography.com\/fr\/wp-json\/wp\/v2\/posts\/488","targetHints":{"allow":["GET"]}}],"collection":[{"href":"https:\/\/www.ansermoz-photography.com\/fr\/wp-json\/wp\/v2\/posts"}],"about":[{"href":"https:\/\/www.ansermoz-photography.com\/fr\/wp-json\/wp\/v2\/types\/post"}],"author":[{"embeddable":true,"href":"https:\/\/www.ansermoz-photography.com\/fr\/wp-json\/wp\/v2\/users\/1"}],"replies":[{"embeddable":true,"href":"https:\/\/www.ansermoz-photography.com\/fr\/wp-json\/wp\/v2\/comments?post=488"}],"version-history":[{"count":0,"href":"https:\/\/www.ansermoz-photography.com\/fr\/wp-json\/wp\/v2\/posts\/488\/revisions"}],"wp:featuredmedia":[{"embeddable":true,"href":"https:\/\/www.ansermoz-photography.com\/fr\/wp-json\/wp\/v2\/media\/489"}],"wp:attachment":[{"href":"https:\/\/www.ansermoz-photography.com\/fr\/wp-json\/wp\/v2\/media?parent=488"}],"wp:term":[{"taxonomy":"category","embeddable":true,"href":"https:\/\/www.ansermoz-photography.com\/fr\/wp-json\/wp\/v2\/categories?post=488"},{"taxonomy":"post_tag","embeddable":true,"href":"https:\/\/www.ansermoz-photography.com\/fr\/wp-json\/wp\/v2\/tags?post=488"}],"curies":[{"name":"wp","href":"https:\/\/api.w.org\/{rel}","templated":true}]}}