{"id":499,"date":"2015-03-17T06:32:53","date_gmt":"2015-03-17T10:32:53","guid":{"rendered":"https:\/\/ansermoz-photography.com\/?p=499"},"modified":"2015-04-16T08:38:33","modified_gmt":"2015-04-16T12:38:33","slug":"sigma-17-70mm-f2-8-4-dc-macro-os-hsm","status":"publish","type":"post","link":"https:\/\/www.ansermoz-photography.com\/fr\/avec\/sigma-17-70mm-f2-8-4-dc-macro-os-hsm-c\/","title":{"rendered":"Sigma 17-70mm F\/2.8-4 DC Macro OS HSM C, Objectif"},"content":{"rendered":"<div class=\"the-content\"><p>Il n&rsquo;y a pas si longtemps, j&rsquo;ai pu acheter un objectif Sigma 17-70mm F\/2.8-4 DC Macro OS HSM C, afin de remplacer mon vieil objectif Canon 18-55mm qui ne fonctionnait plus correctement (au bout de 7 ans).<br \/>\nGr\u00e2ce \u00e0 cet article, vous d\u00e9couvrirez les caract\u00e9ristiques et les sp\u00e9cifications techniques de cet objectif Sigma 17-70mm F\/2.8-4 DC Macro OS HSM C, une revue et des tests, surtout avec les vid\u00e9os (en anglais).<\/p>\n<p>Caract\u00e9ristiques techniques<br \/>\n&#8211; Ouverture maximale: F2.8<br \/>\n&#8211; Ouverture minimale: F22<br \/>\n&#8211; Distance minimale de mise au point: 22cm<br \/>\n&#8211; Rapport de reproduction maximal: 1:2.9<br \/>\n&#8211; Diaphragme Circulaire: 7 Lamelles<br \/>\n&#8211; Diam\u00e8tre de filtre: 72mm<br \/>\n&#8211; Dimensions (Diam\u00e8tre x Longueur) : 79mm x 82mm<br \/>\n&#8211; Poids: 465g<br \/>\n&#8211; Accessoires fournis: Pare-soleil (LH780-03)<\/p>\n<p>Quelques pr\u00e9cisions sur les abr\u00e9viations de l&rsquo;objectif Sigma 17-70mm F\/2.8-4 DC Macro OS HSM C.<br \/>\n&#8211; OS: Stabilisation optique interne.<br \/>\n&#8211; HSM: Objectif dont l&rsquo;autofocus est activ\u00e9 par un moteur \u00e0 ultra-sons int\u00e9gr\u00e9, assurant une mise au point rapide et silencieuse.<br \/>\n&#8211; DC: Objectif pour Reflex num\u00e9rique APS-C.<br \/>\n&#8211; C: Disposant des derni\u00e8res technologies Sigma, alliant compacit\u00e9 et haute performance optique.<br \/>\nLes objectifs de la ligne Contemporary conviendront pour la photographie de paysage, de voyage, le reportage, la photographie familiale, et pour une utilisation g\u00e9n\u00e9rale.<\/p>\n<div class=\"photo-gallery-display row\">\t\t<div class=\"col-12 col-lg-12 content_gallery align-items-start justify-content-start gallery-masonry naf-pc-element mt-4 mb-4\" data-animatecss=\"fadeIn\">\n\t\t\t<div>\n\t\t\t\t\t\t\t\t<div class=\"row d-flex justify-content-center\">\n\t\t\t\t\t<div class=\"col-12 col-md-6 col-lg-4 mb-4\"><a href=\"https:\/\/www.ansermoz-photography.com\/wp-content\/gallery\/sigma-17-70-f28-4\/creux-du-van-01.jpg\" class=\"fresco  horizontal-photo-770 h\" data-fresco-caption=\"<span>Creux du van 01<\/span><br\/>F4, 1\/800 sec, 70 mm, ISO400, Canon EOS 400D DIGITAL\" data-fresco-group=\"slider-211\" data-fresco-group-options=\"thumbnails: false\"><img decoding=\"async\" src=\"https:\/\/www.ansermoz-photography.com\/wp-content\/gallery\/sigma-17-70-f28-4\/creux-du-van-01.jpg\" alt=\"Creux du van 01\" \/><\/a><\/div><div class=\"col-12 col-md-6 col-lg-4 mb-4\"><a href=\"https:\/\/www.ansermoz-photography.com\/wp-content\/gallery\/sigma-17-70-f28-4\/creux-du-van-02.jpg\" class=\"fresco  horizontal-photo-770 h\" data-fresco-caption=\"<span>Creux du van 02<\/span><br\/>F5, 1\/500 sec, 10 mm, ISO400, Canon EOS 400D DIGITAL\" data-fresco-group=\"slider-211\" data-fresco-group-options=\"thumbnails: false\"><img decoding=\"async\" src=\"https:\/\/www.ansermoz-photography.com\/wp-content\/gallery\/sigma-17-70-f28-4\/creux-du-van-02.jpg\" alt=\"Creux du van 02\" \/><\/a><\/div><div class=\"col-12 col-md-6 col-lg-4 mb-4\"><a href=\"https:\/\/www.ansermoz-photography.com\/wp-content\/gallery\/sigma-17-70-f28-4\/creux-du-van-03.jpg\" class=\"fresco  vertical-photo vertical-photo-770 v\" data-fresco-caption=\"<span>Creux du van 03<\/span><br\/>F5, 1\/500 sec, 10 mm, ISO400, Canon EOS 400D DIGITAL\" data-fresco-group=\"slider-211\" data-fresco-group-options=\"thumbnails: false\"><img decoding=\"async\" src=\"https:\/\/www.ansermoz-photography.com\/wp-content\/gallery\/sigma-17-70-f28-4\/creux-du-van-03.jpg\" alt=\"Creux du van 03\" \/><\/a><\/div><div class=\"col-12 col-md-6 col-lg-4 mb-4\"><a href=\"https:\/\/www.ansermoz-photography.com\/wp-content\/gallery\/sigma-17-70-f28-4\/creux-du-van-04.jpg\" class=\"fresco  horizontal-photo-770 h\" data-fresco-caption=\"<span>Creux du van 04<\/span><br\/>F5.6, 1\/500 sec, 20 mm, ISO400, Canon EOS 400D DIGITAL\" data-fresco-group=\"slider-211\" data-fresco-group-options=\"thumbnails: false\"><img decoding=\"async\" src=\"https:\/\/www.ansermoz-photography.com\/wp-content\/gallery\/sigma-17-70-f28-4\/creux-du-van-04.jpg\" alt=\"Creux du van 04\" \/><\/a><\/div><div class=\"col-12 col-md-6 col-lg-4 mb-4\"><a href=\"https:\/\/www.ansermoz-photography.com\/wp-content\/gallery\/sigma-17-70-f28-4\/creux-du-van-05.jpg\" class=\"fresco  horizontal-photo-770 h\" data-fresco-caption=\"<span>Creux du van 05<\/span><br\/>F9, 1\/320 sec, 70 mm, ISO100, Canon EOS 400D DIGITAL\" data-fresco-group=\"slider-211\" data-fresco-group-options=\"thumbnails: false\"><img decoding=\"async\" src=\"https:\/\/www.ansermoz-photography.com\/wp-content\/gallery\/sigma-17-70-f28-4\/creux-du-van-05.jpg\" alt=\"Creux du van 05\" \/><\/a><\/div><div class=\"col-12 col-md-6 col-lg-4 mb-4\"><a href=\"https:\/\/www.ansermoz-photography.com\/wp-content\/gallery\/sigma-17-70-f28-4\/creux-du-van-06.jpg\" class=\"fresco  vertical-photo vertical-photo-770 v\" data-fresco-caption=\"<span>Creux du van 06<\/span><br\/>F9, 1\/320 sec, 70 mm, ISO100, Canon EOS 400D DIGITAL\" data-fresco-group=\"slider-211\" data-fresco-group-options=\"thumbnails: false\"><img decoding=\"async\" src=\"https:\/\/www.ansermoz-photography.com\/wp-content\/gallery\/sigma-17-70-f28-4\/creux-du-van-06.jpg\" alt=\"Creux du van 06\" \/><\/a><\/div><div class=\"col-12 col-md-6 col-lg-4 mb-4\"><a href=\"https:\/\/www.ansermoz-photography.com\/wp-content\/gallery\/sigma-17-70-f28-4\/creux-du-van-07.jpg\" class=\"fresco  horizontal-photo-770 h\" data-fresco-caption=\"<span>Creux du van 07<\/span><br\/>F9, 1\/130 sec, 31 mm, ISO100, Canon EOS 400D DIGITAL\" data-fresco-group=\"slider-211\" data-fresco-group-options=\"thumbnails: false\"><img decoding=\"async\" src=\"https:\/\/www.ansermoz-photography.com\/wp-content\/gallery\/sigma-17-70-f28-4\/creux-du-van-07.jpg\" alt=\"Creux du van 07\" \/><\/a><\/div><div class=\"col-12 col-md-6 col-lg-4 mb-4\"><a href=\"https:\/\/www.ansermoz-photography.com\/wp-content\/gallery\/sigma-17-70-f28-4\/creux-du-van-08.jpg\" class=\"fresco  vertical-photo vertical-photo-770 v\" data-fresco-caption=\"<span>Creux du van 08<\/span><br\/>F6.3, 1\/100 sec, 17 mm, ISO400, Canon EOS 400D DIGITAL\" data-fresco-group=\"slider-211\" data-fresco-group-options=\"thumbnails: false\"><img decoding=\"async\" src=\"https:\/\/www.ansermoz-photography.com\/wp-content\/gallery\/sigma-17-70-f28-4\/creux-du-van-08.jpg\" alt=\"Creux du van 08\" \/><\/a><\/div><div class=\"col-12 col-md-6 col-lg-4 mb-4\"><a href=\"https:\/\/www.ansermoz-photography.com\/wp-content\/gallery\/sigma-17-70-f28-4\/creux-du-van-09.jpg\" class=\"fresco  vertical-photo vertical-photo-770 v\" data-fresco-caption=\"<span>Creux du van 09<\/span><br\/>F6.3, 1\/320 sec, 23 mm, ISO400, Canon EOS 400D DIGITAL\" data-fresco-group=\"slider-211\" data-fresco-group-options=\"thumbnails: false\"><img decoding=\"async\" src=\"https:\/\/www.ansermoz-photography.com\/wp-content\/gallery\/sigma-17-70-f28-4\/creux-du-van-09.jpg\" alt=\"Creux du van 09\" \/><\/a><\/div><div class=\"col-12 col-md-6 col-lg-4 mb-4\"><a href=\"https:\/\/www.ansermoz-photography.com\/wp-content\/gallery\/sigma-17-70-f28-4\/creux-du-van-10.jpg\" class=\"fresco  horizontal-photo-770 h\" data-fresco-caption=\"<span>Creux du van 10<\/span><br\/>F6.3, 1\/3200 sec, 17 mm, ISO400, Canon EOS 400D DIGITAL\" data-fresco-group=\"slider-211\" data-fresco-group-options=\"thumbnails: false\"><img decoding=\"async\" src=\"https:\/\/www.ansermoz-photography.com\/wp-content\/gallery\/sigma-17-70-f28-4\/creux-du-van-10.jpg\" alt=\"Creux du van 10\" \/><\/a><\/div><div class=\"col-12 col-md-6 col-lg-4 mb-4\"><a href=\"https:\/\/www.ansermoz-photography.com\/wp-content\/gallery\/sigma-17-70-f28-4\/creux-du-van-11.jpg\" class=\"fresco  horizontal-photo-770 h\" data-fresco-caption=\"<span>Creux du van 11<\/span><br\/>F6.3, 1\/3200 sec, 70 mm, ISO400, Canon EOS 400D DIGITAL\" data-fresco-group=\"slider-211\" data-fresco-group-options=\"thumbnails: false\"><img decoding=\"async\" src=\"https:\/\/www.ansermoz-photography.com\/wp-content\/gallery\/sigma-17-70-f28-4\/creux-du-van-11.jpg\" alt=\"Creux du van 11\" \/><\/a><\/div><div class=\"col-12 col-md-6 col-lg-4 mb-4\"><a href=\"https:\/\/www.ansermoz-photography.com\/wp-content\/gallery\/sigma-17-70-f28-4\/creux-du-van-12.jpg\" class=\"fresco  horizontal-photo-770 h\" data-fresco-caption=\"<span>Creux du van 12<\/span><br\/>F6.3, 1\/3200 sec, 45 mm, ISO400, Canon EOS 400D DIGITAL\" data-fresco-group=\"slider-211\" data-fresco-group-options=\"thumbnails: false\"><img decoding=\"async\" src=\"https:\/\/www.ansermoz-photography.com\/wp-content\/gallery\/sigma-17-70-f28-4\/creux-du-van-12.jpg\" alt=\"Creux du van 12\" \/><\/a><\/div><div class=\"col-12 col-md-6 col-lg-4 mb-4\"><a href=\"https:\/\/www.ansermoz-photography.com\/wp-content\/gallery\/sigma-17-70-f28-4\/creux-du-van-13.jpg\" class=\"fresco  horizontal-photo-770 h\" data-fresco-caption=\"<span>Creux du van 13<\/span><br\/>F5, 1\/1250 sec, 25 mm, ISO320, Canon EOS 7D\" data-fresco-group=\"slider-211\" data-fresco-group-options=\"thumbnails: false\"><img decoding=\"async\" src=\"https:\/\/www.ansermoz-photography.com\/wp-content\/gallery\/sigma-17-70-f28-4\/creux-du-van-13.jpg\" alt=\"Creux du van 13\" \/><\/a><\/div><div class=\"col-12 col-md-6 col-lg-4 mb-4\"><a href=\"https:\/\/www.ansermoz-photography.com\/wp-content\/gallery\/sigma-17-70-f28-4\/creux-du-van-14.jpg\" class=\"fresco  horizontal-photo-770 h\" data-fresco-caption=\"<span>Creux du van 14<\/span><br\/>F6.3, 1\/2000 sec, 17 mm, ISO400, Canon EOS 400D DIGITAL\" data-fresco-group=\"slider-211\" data-fresco-group-options=\"thumbnails: false\"><img decoding=\"async\" src=\"https:\/\/www.ansermoz-photography.com\/wp-content\/gallery\/sigma-17-70-f28-4\/creux-du-van-14.jpg\" alt=\"Creux du van 14\" \/><\/a><\/div><div class=\"col-12 col-md-6 col-lg-4 mb-4\"><a href=\"https:\/\/www.ansermoz-photography.com\/wp-content\/gallery\/sigma-17-70-f28-4\/creux-du-van-15.jpg\" class=\"fresco  horizontal-photo-770 h\" data-fresco-caption=\"<span>Creux du van 15<\/span><br\/>F6.3, 1\/640 sec, 25 mm, ISO400, Canon EOS 400D DIGITAL\" data-fresco-group=\"slider-211\" data-fresco-group-options=\"thumbnails: false\"><img decoding=\"async\" src=\"https:\/\/www.ansermoz-photography.com\/wp-content\/gallery\/sigma-17-70-f28-4\/creux-du-van-15.jpg\" alt=\"Creux du van 15\" \/><\/a><\/div><div class=\"col-12 col-md-6 col-lg-4 mb-4\"><a href=\"https:\/\/www.ansermoz-photography.com\/wp-content\/gallery\/sigma-17-70-f28-4\/creux-du-van-16.jpg\" class=\"fresco  horizontal-photo-770 h\" data-fresco-caption=\"<span>Creux du van 16<\/span><br\/>F6.3, 1\/320 sec, 70 mm, ISO400, Canon EOS 400D DIGITAL\" data-fresco-group=\"slider-211\" data-fresco-group-options=\"thumbnails: false\"><img decoding=\"async\" src=\"https:\/\/www.ansermoz-photography.com\/wp-content\/gallery\/sigma-17-70-f28-4\/creux-du-van-16.jpg\" alt=\"Creux du van 16\" \/><\/a><\/div><div class=\"col-12 col-md-6 col-lg-4 mb-4\"><a href=\"https:\/\/www.ansermoz-photography.com\/wp-content\/gallery\/sigma-17-70-f28-4\/creux-du-van-17.jpg\" class=\"fresco  horizontal-photo-770 h\" data-fresco-caption=\"<span>Creux du van 17<\/span><br\/>F6.3, 1\/500 sec, 45 mm, ISO400, Canon EOS 400D DIGITAL\" data-fresco-group=\"slider-211\" data-fresco-group-options=\"thumbnails: false\"><img decoding=\"async\" src=\"https:\/\/www.ansermoz-photography.com\/wp-content\/gallery\/sigma-17-70-f28-4\/creux-du-van-17.jpg\" alt=\"Creux du van 17\" \/><\/a><\/div><div class=\"col-12 col-md-6 col-lg-4 mb-4\"><a href=\"https:\/\/www.ansermoz-photography.com\/wp-content\/gallery\/sigma-17-70-f28-4\/creux-du-van-18.jpg\" class=\"fresco  horizontal-photo-770 h\" data-fresco-caption=\"<span>Creux du van 18<\/span><br\/>F6.3, 1\/160 sec, 15 mm, ISO400, Canon EOS 400D DIGITAL\" data-fresco-group=\"slider-211\" data-fresco-group-options=\"thumbnails: false\"><img decoding=\"async\" src=\"https:\/\/www.ansermoz-photography.com\/wp-content\/gallery\/sigma-17-70-f28-4\/creux-du-van-18.jpg\" alt=\"Creux du van 18\" \/><\/a><\/div>\t\t\t\t<\/div>\n\t\t\t\t\t\t\t<\/div>\n\t\t<\/div>\n\t\t<\/div>\n<p>L&rsquo;objectif Sigma 17-70mm F\/2.8-4 DC Macro OS HSM C, est un zoom standard stabilis\u00e9 (pour les montures Sigma, Canon et Nikon) et enti\u00e8rement personnalisable pour les bo\u00eetiers r\u00e9flex num\u00e9riques (Optimis\u00e9 pour les capteurs APS-C).<br \/>\nPersonnalisable via la nouvelle station d&rsquo;accueil SIGMA USB DOCK.<\/p>\n<p>Ce zoom standard Sigma 17-70mm F\/2.8-4 DC Macro OS HSM C, couvre les focales les plus courantes et convient donc pour le paysage, le reportage, le portrait et une utilisation courante. Sa mise au point minimale de 22cm lui permet de faire de la macrophotographie, avec un rapport de grossissement de 1:2.9.<br \/>\nLe cadrage peut \u00eatre ajust\u00e9 gr\u00e2ce \u00e0 la bague de zoom, ce qui peut s&rsquo;av\u00e9rer parfois plus pratique en macrophotographie, qu&rsquo;avec une focale fixe. Tout est question d&rsquo;habitude.<br \/>\nJe ne m&rsquo;en suis pas encore servi en macro, car j&rsquo;ai un objectif pour cela. Mais cela vaut la peine d&rsquo;\u00eatre test\u00e9.<\/p>\n<p>Tr\u00e8s lumineux gr\u00e2ce, \u00e0 une une ouverture maximale de F2,8, l&rsquo;objectif Sigma 17-70mm F\/2.8-4 DC Macro OS HSM C reste tr\u00e8s compact  Un peu trop peut-\u00eatre, car parfois je trouve que la bague de mise au point est tr\u00e8s proche, et si vous avez de grandes mains, vous risquez de la prendre pour celle du zoom.<\/p>\n<p>Sigma 17-70mm f\/2.8-4 OS Macro &lsquo;C&rsquo; lens review (with samples) , Christopher Frost Photography:<br \/>\n<object width=\"100%\" height=\"390\"><param name=\"movie\" value=\"https:\/\/www.youtube.com\/v\/27ogei_LWJ0?fs=1&amp;hl=en_US&amp;rel=0\"><\/param><param name=\"allowFullScreen\" value=\"true\"><\/param><param name=\"allowscriptaccess\" value=\"always\"><\/param><embed src=\"https:\/\/www.youtube.com\/v\/27ogei_LWJ0?fs=1&amp;hl=en_US&amp;rel=0\" type=\"application\/x-shockwave-flash\" allowscriptaccess=\"always\" allowfullscreen=\"true\" width=\"100%\" height=\"390\"><\/embed><\/object><\/p>\n<p>LensVid Exclusive: Sigma 17-70mm F2.8-4 DC MACRO OS HSM Hands on and Review , LensVid:<br \/>\n<object width=\"100%\" height=\"390\"><param name=\"movie\" value=\"https:\/\/www.youtube.com\/v\/spceHqCr0F8?fs=1&amp;hl=en_US&amp;rel=0\"><\/param><param name=\"allowFullScreen\" value=\"true\"><\/param><param name=\"allowscriptaccess\" value=\"always\"><\/param><embed src=\"https:\/\/www.youtube.com\/v\/spceHqCr0F8?fs=1&amp;hl=en_US&amp;rel=0\" type=\"application\/x-shockwave-flash\" allowscriptaccess=\"always\" allowfullscreen=\"true\" width=\"100%\" height=\"390\"><\/embed><\/object><\/p>\n<p>Sigma 17-70 2.8-4 DC Macro OS HSM C The newest version, PhotoRec Toby:<br \/>\n<object width=\"100%\" height=\"390\"><param name=\"movie\" value=\"https:\/\/www.youtube.com\/v\/Eq08Am4JYSk?fs=1&amp;hl=en_US&amp;rel=0\"><\/param><param name=\"allowFullScreen\" value=\"true\"><\/param><param name=\"allowscriptaccess\" value=\"always\"><\/param><embed src=\"https:\/\/www.youtube.com\/v\/Eq08Am4JYSk?fs=1&amp;hl=en_US&amp;rel=0\" type=\"application\/x-shockwave-flash\" allowscriptaccess=\"always\" allowfullscreen=\"true\" width=\"100%\" height=\"390\"><\/embed><\/object><\/p>\n<p>Les nouveaux mat\u00e9riaux utilis\u00e9s pour \u00e9laborer l&rsquo;objectif Sigma 17-70mm F\/2.8-4 DC Macro OS HSM C, permettent sa robustesse (corps de l\u2019objectif en  TSC (Thermally Stable Composite))  et ses performances optiques (2 lentilles FLD (\u201cF\u201d Low Dispersion) et une lentille SLD (Special Low Dispersion)).<br \/>\nUn traitement \u201cSuper Multi-Layer Coating\u201d qui r\u00e9duit aussi le \u201cflare\u201d, une ba\u00efonnette en laiton chrom\u00e9, une construction solide, le tout pour un bon rapport qualit\u00e9 \/ prix.<\/p>\n<\/div>","protected":false},"excerpt":{"rendered":"<p>Il n&rsquo;y a pas si longtemps, j&rsquo;ai pu acheter un objectif Sigma 17-70mm F\/2.8-4 DC Macro OS HSM C, afin de remplacer mon vieil objectif Canon 18-55mm qui ne fonctionnait plus correctement (au bout de 7 ans). Gr\u00e2ce \u00e0 cet article, vous d\u00e9couvrirez les caract\u00e9ristiques et les sp\u00e9cifications techniques de cet objectif Sigma 17-70mm F\/2.8-4 DC Macro OS HSM C, une revue et des tests, surtout avec les vid\u00e9os (en anglais). Caract\u00e9ristiques techniques &#8211; Ouverture maximale: F2.8 &#8211; Ouverture minimale: &hellip;<\/p>\n","protected":false},"author":1,"featured_media":508,"comment_status":"open","ping_status":"open","sticky":false,"template":"","format":"standard","meta":{"_acf_changed":false,"footnotes":""},"categories":[6],"tags":[134,203,326],"class_list":["post-499","post","type-post","status-publish","format-standard","has-post-thumbnail","hentry","category-with","tag-lens","tag-review","tag-sigma-17-70mm"],"acf":[],"_links":{"self":[{"href":"https:\/\/www.ansermoz-photography.com\/fr\/wp-json\/wp\/v2\/posts\/499","targetHints":{"allow":["GET"]}}],"collection":[{"href":"https:\/\/www.ansermoz-photography.com\/fr\/wp-json\/wp\/v2\/posts"}],"about":[{"href":"https:\/\/www.ansermoz-photography.com\/fr\/wp-json\/wp\/v2\/types\/post"}],"author":[{"embeddable":true,"href":"https:\/\/www.ansermoz-photography.com\/fr\/wp-json\/wp\/v2\/users\/1"}],"replies":[{"embeddable":true,"href":"https:\/\/www.ansermoz-photography.com\/fr\/wp-json\/wp\/v2\/comments?post=499"}],"version-history":[{"count":0,"href":"https:\/\/www.ansermoz-photography.com\/fr\/wp-json\/wp\/v2\/posts\/499\/revisions"}],"wp:featuredmedia":[{"embeddable":true,"href":"https:\/\/www.ansermoz-photography.com\/fr\/wp-json\/wp\/v2\/media\/508"}],"wp:attachment":[{"href":"https:\/\/www.ansermoz-photography.com\/fr\/wp-json\/wp\/v2\/media?parent=499"}],"wp:term":[{"taxonomy":"category","embeddable":true,"href":"https:\/\/www.ansermoz-photography.com\/fr\/wp-json\/wp\/v2\/categories?post=499"},{"taxonomy":"post_tag","embeddable":true,"href":"https:\/\/www.ansermoz-photography.com\/fr\/wp-json\/wp\/v2\/tags?post=499"}],"curies":[{"name":"wp","href":"https:\/\/api.w.org\/{rel}","templated":true}]}}