{"id":529,"date":"2015-08-09T18:14:14","date_gmt":"2015-08-09T22:14:14","guid":{"rendered":"https:\/\/ansermoz-photography.com\/?p=529"},"modified":"2017-01-08T05:19:55","modified_gmt":"2017-01-08T09:19:55","slug":"zermatt-matterhorn-switzerland","status":"publish","type":"post","link":"https:\/\/www.ansermoz-photography.com\/fr\/ou\/zermatt-cervin-suisse\/","title":{"rendered":"Zermatt, Cervin, Suisse"},"content":{"rendered":"<div class=\"the-content\"><p>Le Cervin, pr\u00e8s de la ville de Zermatt en Suisse, est \u00e9galement connu comme le Matterhorn (en suisse-allemand, et anglais), et le Monte Cervino (en italien).<br \/>\nC&rsquo;est l&rsquo;un des plus hauts sommets des Alpes, avec une altitude de 4,478m (14 690 pi). Il marque la fronti\u00e8re entre la Suisse et l&rsquo;Italie, et de ce fait, le poss\u00e8de deux sommets (un suisse avec une hauteur de 4,477.5 m, et un italien avec 4,476.4m).<br \/>\nLe sommet pyramidal, est compos\u00e9e de parois abruptes, s\u00e9par\u00e9es par quatre cr\u00eates: le H\u00f6rnli, Furggen, Leone et Zmutt.<br \/>\nLe col de Saint-Th\u00e9odule, situ\u00e9 \u00e0 3295 m\u00e8tres, entre le Cervin et le Breithorn, est le passage le plus facile entre les vall\u00e9es de Zermatt (CH) et Valtournenche (IT).<br \/>\nLe Cervin a \u00e9t\u00e9 form\u00e9 il y a des millions d&rsquo;ann\u00e9es, par le passage de la plaque tectonique europ\u00e9enne sous celle africaine. Fa\u00e7onn\u00e9 par l&rsquo;\u00e9rosion, le haut du sommet provient de la plaque africaine.<\/p>\n<div class=\"photo-gallery-display row\">\t\t<div class=\"col-12 col-lg-12 content_gallery align-items-start justify-content-start gallery-masonry naf-pc-element mt-4 mb-4\" data-animatecss=\"fadeIn\">\n\t\t\t<div>\n\t\t\t\t\t\t\t\t<div class=\"row d-flex justify-content-center\">\n\t\t\t\t\t<div class=\"col-12 col-md-6 col-lg-4 mb-4\"><a href=\"https:\/\/www.ansermoz-photography.com\/wp-content\/gallery\/zermatt-matterhorn\/matterhorn-switzerland-01.jpg\" class=\"fresco  horizontal-photo-770 h\" data-fresco-caption=\"<span>Matterhorn switzerland 01<\/span><br\/>F13, 1\/250 sec, 28 mm, ISO320, Canon EOS 7D Mark II\" data-fresco-group=\"slider-237\" data-fresco-group-options=\"thumbnails: false\"><img decoding=\"async\" src=\"https:\/\/www.ansermoz-photography.com\/wp-content\/gallery\/zermatt-matterhorn\/matterhorn-switzerland-01.jpg\" alt=\"Matterhorn switzerland 01\" \/><\/a><\/div><div class=\"col-12 col-md-6 col-lg-4 mb-4\"><a href=\"https:\/\/www.ansermoz-photography.com\/wp-content\/gallery\/zermatt-matterhorn\/matterhorn-switzerland-06.jpg\" class=\"fresco  vertical-photo vertical-photo-770 v\" data-fresco-caption=\"<span>Matterhorn switzerland 06<\/span><br\/>F13, 1\/80 sec, 70 mm, ISO320, Canon EOS 7D Mark II\" data-fresco-group=\"slider-237\" data-fresco-group-options=\"thumbnails: false\"><img decoding=\"async\" src=\"https:\/\/www.ansermoz-photography.com\/wp-content\/gallery\/zermatt-matterhorn\/matterhorn-switzerland-06.jpg\" alt=\"Matterhorn switzerland 06\" \/><\/a><\/div><div class=\"col-12 col-md-6 col-lg-4 mb-4\"><a href=\"https:\/\/www.ansermoz-photography.com\/wp-content\/gallery\/zermatt-matterhorn\/matterhorn-switzerland-07.jpg\" class=\"fresco  horizontal-photo-770 h\" data-fresco-caption=\"<span>Matterhorn switzerland 07<\/span><br\/>F11, 1\/250 sec, 500 mm, ISO320, Canon EOS 7D Mark II\" data-fresco-group=\"slider-237\" data-fresco-group-options=\"thumbnails: false\"><img decoding=\"async\" src=\"https:\/\/www.ansermoz-photography.com\/wp-content\/gallery\/zermatt-matterhorn\/matterhorn-switzerland-07.jpg\" alt=\"Matterhorn switzerland 07\" \/><\/a><\/div><div class=\"col-12 col-md-6 col-lg-4 mb-4\"><a href=\"https:\/\/www.ansermoz-photography.com\/wp-content\/gallery\/zermatt-matterhorn\/matterhorn-switzerland-09.jpg\" class=\"fresco  vertical-photo vertical-photo-770 v\" data-fresco-caption=\"<span>Matterhorn switzerland 09<\/span><br\/>F8, 1\/160 sec, 28 mm, ISO100, Canon EOS 7D Mark II\" data-fresco-group=\"slider-237\" data-fresco-group-options=\"thumbnails: false\"><img decoding=\"async\" src=\"https:\/\/www.ansermoz-photography.com\/wp-content\/gallery\/zermatt-matterhorn\/matterhorn-switzerland-09.jpg\" alt=\"Matterhorn switzerland 09\" \/><\/a><\/div><div class=\"col-12 col-md-6 col-lg-4 mb-4\"><a href=\"https:\/\/www.ansermoz-photography.com\/wp-content\/gallery\/zermatt-matterhorn\/matterhorn-switzerland-10.jpg\" class=\"fresco  horizontal-photo-770 h\" data-fresco-caption=\"<span>Matterhorn switzerland 10<\/span><br\/>F16, 1\/40 sec, 23 mm, ISO100, Canon EOS 7D Mark II\" data-fresco-group=\"slider-237\" data-fresco-group-options=\"thumbnails: false\"><img decoding=\"async\" src=\"https:\/\/www.ansermoz-photography.com\/wp-content\/gallery\/zermatt-matterhorn\/matterhorn-switzerland-10.jpg\" alt=\"Matterhorn switzerland 10\" \/><\/a><\/div><div class=\"col-12 col-md-6 col-lg-4 mb-4\"><a href=\"https:\/\/www.ansermoz-photography.com\/wp-content\/gallery\/zermatt-matterhorn\/matterhorn-switzerland-11.jpg\" class=\"fresco  horizontal-photo-770 h\" data-fresco-caption=\"<span>Matterhorn switzerland 11<\/span><br\/>F8, 1\/800 sec, 113 mm, ISO320, Canon EOS 7D Mark II\" data-fresco-group=\"slider-237\" data-fresco-group-options=\"thumbnails: false\"><img decoding=\"async\" src=\"https:\/\/www.ansermoz-photography.com\/wp-content\/gallery\/zermatt-matterhorn\/matterhorn-switzerland-11.jpg\" alt=\"Matterhorn switzerland 11\" \/><\/a><\/div><div class=\"col-12 col-md-6 col-lg-4 mb-4\"><a href=\"https:\/\/www.ansermoz-photography.com\/wp-content\/gallery\/zermatt-matterhorn\/matterhorn-switzerland-12.jpg\" class=\"fresco  horizontal-photo-770 h\" data-fresco-caption=\"<span>Matterhorn switzerland 12<\/span><br\/>F8, 1\/500 sec, 413 mm, ISO320, Canon EOS 7D Mark II\" data-fresco-group=\"slider-237\" data-fresco-group-options=\"thumbnails: false\"><img decoding=\"async\" src=\"https:\/\/www.ansermoz-photography.com\/wp-content\/gallery\/zermatt-matterhorn\/matterhorn-switzerland-12.jpg\" alt=\"Matterhorn switzerland 12\" \/><\/a><\/div><div class=\"col-12 col-md-6 col-lg-4 mb-4\"><a href=\"https:\/\/www.ansermoz-photography.com\/wp-content\/gallery\/zermatt-matterhorn\/matterhorn-switzerland-13.jpg\" class=\"fresco  horizontal-photo-770 h\" data-fresco-caption=\"<span>Matterhorn switzerland 13<\/span><br\/>F8, 1\/320 sec, 244 mm, ISO100, Canon EOS 7D Mark II\" data-fresco-group=\"slider-237\" data-fresco-group-options=\"thumbnails: false\"><img decoding=\"async\" src=\"https:\/\/www.ansermoz-photography.com\/wp-content\/gallery\/zermatt-matterhorn\/matterhorn-switzerland-13.jpg\" alt=\"Matterhorn switzerland 13\" \/><\/a><\/div><div class=\"col-12 col-md-6 col-lg-4 mb-4\"><a href=\"https:\/\/www.ansermoz-photography.com\/wp-content\/gallery\/zermatt-matterhorn\/matterhorn-switzerland-14.jpg\" class=\"fresco  horizontal-photo-770 h\" data-fresco-caption=\"<span>Matterhorn switzerland 14<\/span><br\/>F11, 1\/60 sec, 21 mm, ISO100, Canon EOS 7D Mark II\" data-fresco-group=\"slider-237\" data-fresco-group-options=\"thumbnails: false\"><img decoding=\"async\" src=\"https:\/\/www.ansermoz-photography.com\/wp-content\/gallery\/zermatt-matterhorn\/matterhorn-switzerland-14.jpg\" alt=\"Matterhorn switzerland 14\" \/><\/a><\/div><div class=\"col-12 col-md-6 col-lg-4 mb-4\"><a href=\"https:\/\/www.ansermoz-photography.com\/wp-content\/gallery\/zermatt-matterhorn\/matterhorn-switzerland-15.jpg\" class=\"fresco  vertical-photo vertical-photo-770 v\" data-fresco-caption=\"<span>Matterhorn switzerland 15<\/span><br\/>F13, 1\/50 sec, 28 mm, ISO100, Canon EOS 7D Mark II\" data-fresco-group=\"slider-237\" data-fresco-group-options=\"thumbnails: false\"><img decoding=\"async\" src=\"https:\/\/www.ansermoz-photography.com\/wp-content\/gallery\/zermatt-matterhorn\/matterhorn-switzerland-15.jpg\" alt=\"Matterhorn switzerland 15\" \/><\/a><\/div><div class=\"col-12 col-md-6 col-lg-4 mb-4\"><a href=\"https:\/\/www.ansermoz-photography.com\/wp-content\/gallery\/zermatt-matterhorn\/matterhorn-switzerland-17.jpg\" class=\"fresco  horizontal-photo-770 h\" data-fresco-caption=\"<span>Matterhorn switzerland 17<\/span><br\/>F8, 1\/320 sec, 413 mm, ISO250, Canon EOS 7D Mark II\" data-fresco-group=\"slider-237\" data-fresco-group-options=\"thumbnails: false\"><img decoding=\"async\" src=\"https:\/\/www.ansermoz-photography.com\/wp-content\/gallery\/zermatt-matterhorn\/matterhorn-switzerland-17.jpg\" alt=\"Matterhorn switzerland 17\" \/><\/a><\/div><div class=\"col-12 col-md-6 col-lg-4 mb-4\"><a href=\"https:\/\/www.ansermoz-photography.com\/wp-content\/gallery\/zermatt-matterhorn\/matterhorn-switzerland-18.jpg\" class=\"fresco  horizontal-photo-770 h\" data-fresco-caption=\"<span>Matterhorn switzerland 18<\/span><br\/>F8, 1\/500 sec, 500 mm, ISO320, Canon EOS 7D Mark II\" data-fresco-group=\"slider-237\" data-fresco-group-options=\"thumbnails: false\"><img decoding=\"async\" src=\"https:\/\/www.ansermoz-photography.com\/wp-content\/gallery\/zermatt-matterhorn\/matterhorn-switzerland-18.jpg\" alt=\"Matterhorn switzerland 18\" \/><\/a><\/div><div class=\"col-12 col-md-6 col-lg-4 mb-4\"><a href=\"https:\/\/www.ansermoz-photography.com\/wp-content\/gallery\/zermatt-matterhorn\/matterhorn-switzerland-19.jpg\" class=\"fresco  vertical-photo vertical-photo-770 v\" data-fresco-caption=\"<span>Matterhorn switzerland 19<\/span><br\/>F11, 1\/200 sec, 31 mm, ISO250, Canon EOS 7D Mark II\" data-fresco-group=\"slider-237\" data-fresco-group-options=\"thumbnails: false\"><img decoding=\"async\" src=\"https:\/\/www.ansermoz-photography.com\/wp-content\/gallery\/zermatt-matterhorn\/matterhorn-switzerland-19.jpg\" alt=\"Matterhorn switzerland 19\" \/><\/a><\/div><div class=\"col-12 col-md-6 col-lg-4 mb-4\"><a href=\"https:\/\/www.ansermoz-photography.com\/wp-content\/gallery\/zermatt-matterhorn\/matterhorn-switzerland-20.jpg\" class=\"fresco  vertical-photo vertical-photo-770 v\" data-fresco-caption=\"<span>Matterhorn switzerland 20<\/span><br\/>F4, 1\/2500 sec, 53 mm, ISO250, Canon EOS 7D Mark II\" data-fresco-group=\"slider-237\" data-fresco-group-options=\"thumbnails: false\"><img decoding=\"async\" src=\"https:\/\/www.ansermoz-photography.com\/wp-content\/gallery\/zermatt-matterhorn\/matterhorn-switzerland-20.jpg\" alt=\"Matterhorn switzerland 20\" \/><\/a><\/div>\t\t\t\t<\/div>\n\t\t\t\t\t\t\t<\/div>\n\t\t<\/div>\n\t\t<\/div>\n<p>Non seulement en raison de sa difficult\u00e9 technique, mais aussi \u00e0 cause de la peur qu&rsquo;il inspire dans les premiers alpinistes, le Cervin fut l&rsquo;un des derniers sommets des principales montagnes des Alpes, \u00e0 \u00eatre gravi. Les premi\u00e8res tentatives s\u00e9rieuses ont toutes \u00e9t\u00e9 faites depuis le c\u00f4t\u00e9 italien.<br \/>\nApr\u00e8s plusieurs essais, la premi\u00e8re ascension fut r\u00e9alis\u00e9e, le 14 Juillet, 1865.<br \/>\nGuid\u00e9s par l&rsquo;alpiniste fran\u00e7ais Michel Croz, les guides Suisse Peter Taugwalder Sr. et Jr. (p\u00e8re et fils), Edward Whymper accompagn\u00e9 de Charles Hudson, Lord Francis Douglas et Douglas Robert Hadow, atteignirent le sommet, par une ascension de l&rsquo;ar\u00eate du H\u00f6rnli en Suisse.<br \/>\nMais cet exploit incroyable se termina par un d\u00e9sastre, lorsque quatre d&rsquo;entre eux trouv\u00e8rent la mort au cours la descente, marquant la fin de l&rsquo;\u00e2ge d&rsquo;or de l&rsquo;alpinisme.<\/p>\n<p>Environ un peu plus de 500 alpinistes sont morts sur le Cervin depuis la premi\u00e8re ascension, ce qui en fait l&rsquo;un des sommets les plus meurtriers des Alpes.<br \/>\nLa face nord ne fut gravie qu&rsquo;en 1931. et la face ouest (la plus \u00e9lev\u00e9e des quatre), fut compl\u00e8tement gravie en 1962.<\/p>\n<div class=\"photo-gallery-display row\">\t\t<div class=\"col-12 col-lg-12 content_gallery align-items-start justify-content-start gallery-masonry naf-pc-element mt-4 mb-4\" data-animatecss=\"fadeIn\">\n\t\t\t<div>\n\t\t\t\t\t\t\t\t<div class=\"row d-flex justify-content-center\">\n\t\t\t\t\t<div class=\"col-12 col-md-6 col-lg-4 mb-4\"><a href=\"https:\/\/www.ansermoz-photography.com\/wp-content\/gallery\/zermatt-cervin\/zermatt-switzerland-01.jpg\" class=\"fresco  horizontal-photo-770 h\" data-fresco-caption=\"<span>Zermatt switzerland 01<\/span><br\/>F13, 1\/200 sec, 17 mm, ISO250, Canon EOS 7D Mark II\" data-fresco-group=\"slider-238\" data-fresco-group-options=\"thumbnails: false\"><img decoding=\"async\" src=\"https:\/\/www.ansermoz-photography.com\/wp-content\/gallery\/zermatt-cervin\/zermatt-switzerland-01.jpg\" alt=\"Zermatt switzerland 01\" \/><\/a><\/div><div class=\"col-12 col-md-6 col-lg-4 mb-4\"><a href=\"https:\/\/www.ansermoz-photography.com\/wp-content\/gallery\/zermatt-cervin\/zermatt-switzerland-02.jpg\" class=\"fresco  horizontal-photo-770 h\" data-fresco-caption=\"<span>Zermatt switzerland 02<\/span><br\/>F13, 1\/160 sec, 70 mm, ISO250, Canon EOS 7D Mark II\" data-fresco-group=\"slider-238\" data-fresco-group-options=\"thumbnails: false\"><img decoding=\"async\" src=\"https:\/\/www.ansermoz-photography.com\/wp-content\/gallery\/zermatt-cervin\/zermatt-switzerland-02.jpg\" alt=\"Zermatt switzerland 02\" \/><\/a><\/div><div class=\"col-12 col-md-6 col-lg-4 mb-4\"><a href=\"https:\/\/www.ansermoz-photography.com\/wp-content\/gallery\/zermatt-cervin\/zermatt-switzerland-03.jpg\" class=\"fresco  horizontal-photo-770 h\" data-fresco-caption=\"<span>Zermatt switzerland 03<\/span><br\/>F13, 1\/130 sec, 28 mm, ISO100, Canon EOS 7D Mark II\" data-fresco-group=\"slider-238\" data-fresco-group-options=\"thumbnails: false\"><img decoding=\"async\" src=\"https:\/\/www.ansermoz-photography.com\/wp-content\/gallery\/zermatt-cervin\/zermatt-switzerland-03.jpg\" alt=\"Zermatt switzerland 03\" \/><\/a><\/div><div class=\"col-12 col-md-6 col-lg-4 mb-4\"><a href=\"https:\/\/www.ansermoz-photography.com\/wp-content\/gallery\/zermatt-cervin\/zermatt-switzerland-04.jpg\" class=\"fresco  vertical-photo vertical-photo-770 v\" data-fresco-caption=\"<span>Zermatt switzerland 04<\/span><br\/>F9, 1\/800 sec, 75 mm, ISO250, Canon EOS 7D Mark II\" data-fresco-group=\"slider-238\" data-fresco-group-options=\"thumbnails: false\"><img decoding=\"async\" src=\"https:\/\/www.ansermoz-photography.com\/wp-content\/gallery\/zermatt-cervin\/zermatt-switzerland-04.jpg\" alt=\"Zermatt switzerland 04\" \/><\/a><\/div><div class=\"col-12 col-md-6 col-lg-4 mb-4\"><a href=\"https:\/\/www.ansermoz-photography.com\/wp-content\/gallery\/zermatt-cervin\/zermatt-switzerland-05.jpg\" class=\"fresco  vertical-photo vertical-photo-770 v\" data-fresco-caption=\"<span>Zermatt switzerland 05<\/span><br\/>F5, 1\/400 sec, 63 mm, ISO250, Canon EOS 7D Mark II\" data-fresco-group=\"slider-238\" data-fresco-group-options=\"thumbnails: false\"><img decoding=\"async\" src=\"https:\/\/www.ansermoz-photography.com\/wp-content\/gallery\/zermatt-cervin\/zermatt-switzerland-05.jpg\" alt=\"Zermatt switzerland 05\" \/><\/a><\/div><div class=\"col-12 col-md-6 col-lg-4 mb-4\"><a href=\"https:\/\/www.ansermoz-photography.com\/wp-content\/gallery\/zermatt-cervin\/zermatt-switzerland-06.jpg\" class=\"fresco  horizontal-photo-770 h\" data-fresco-caption=\"<span>Zermatt switzerland 06<\/span><br\/>F8, 1\/250 sec, 17 mm, ISO250, Canon EOS 7D Mark II\" data-fresco-group=\"slider-238\" data-fresco-group-options=\"thumbnails: false\"><img decoding=\"async\" src=\"https:\/\/www.ansermoz-photography.com\/wp-content\/gallery\/zermatt-cervin\/zermatt-switzerland-06.jpg\" alt=\"Zermatt switzerland 06\" \/><\/a><\/div><div class=\"col-12 col-md-6 col-lg-4 mb-4\"><a href=\"https:\/\/www.ansermoz-photography.com\/wp-content\/gallery\/zermatt-cervin\/zermatt-switzerland-07.jpg\" class=\"fresco  horizontal-photo-770 h\" data-fresco-caption=\"<span>Zermatt switzerland 07<\/span><br\/>F8, 1\/1000 sec, 203 mm, ISO250, Canon EOS 7D Mark II\" data-fresco-group=\"slider-238\" data-fresco-group-options=\"thumbnails: false\"><img decoding=\"async\" src=\"https:\/\/www.ansermoz-photography.com\/wp-content\/gallery\/zermatt-cervin\/zermatt-switzerland-07.jpg\" alt=\"Zermatt switzerland 07\" \/><\/a><\/div><div class=\"col-12 col-md-6 col-lg-4 mb-4\"><a href=\"https:\/\/www.ansermoz-photography.com\/wp-content\/gallery\/zermatt-cervin\/zermatt-switzerland-08.jpg\" class=\"fresco  horizontal-photo-770 h\" data-fresco-caption=\"<span>Zermatt switzerland 08<\/span><br\/>F8, 1\/1000 sec, 203 mm, ISO250, Canon EOS 7D Mark II\" data-fresco-group=\"slider-238\" data-fresco-group-options=\"thumbnails: false\"><img decoding=\"async\" src=\"https:\/\/www.ansermoz-photography.com\/wp-content\/gallery\/zermatt-cervin\/zermatt-switzerland-08.jpg\" alt=\"Zermatt switzerland 08\" \/><\/a><\/div><div class=\"col-12 col-md-6 col-lg-4 mb-4\"><a href=\"https:\/\/www.ansermoz-photography.com\/wp-content\/gallery\/zermatt-cervin\/zermatt-switzerland-09.jpg\" class=\"fresco  vertical-photo vertical-photo-770 v\" data-fresco-caption=\"<span>Zermatt switzerland 09<\/span><br\/>F11, 1\/800 sec, 10 mm, ISO250, Canon EOS 7D Mark II\" data-fresco-group=\"slider-238\" data-fresco-group-options=\"thumbnails: false\"><img decoding=\"async\" src=\"https:\/\/www.ansermoz-photography.com\/wp-content\/gallery\/zermatt-cervin\/zermatt-switzerland-09.jpg\" alt=\"Zermatt switzerland 09\" \/><\/a><\/div><div class=\"col-12 col-md-6 col-lg-4 mb-4\"><a href=\"https:\/\/www.ansermoz-photography.com\/wp-content\/gallery\/zermatt-cervin\/zermatt-switzerland-10.jpg\" class=\"fresco  vertical-photo vertical-photo-770 v\" data-fresco-caption=\"<span>Zermatt switzerland 10<\/span><br\/>F11, 1\/500 sec, 10 mm, ISO320, Canon EOS 7D Mark II\" data-fresco-group=\"slider-238\" data-fresco-group-options=\"thumbnails: false\"><img decoding=\"async\" src=\"https:\/\/www.ansermoz-photography.com\/wp-content\/gallery\/zermatt-cervin\/zermatt-switzerland-10.jpg\" alt=\"Zermatt switzerland 10\" \/><\/a><\/div><div class=\"col-12 col-md-6 col-lg-4 mb-4\"><a href=\"https:\/\/www.ansermoz-photography.com\/wp-content\/gallery\/zermatt-cervin\/zermatt-switzerland-11.jpg\" class=\"fresco  horizontal-photo-770 h\" data-fresco-caption=\"<span>Zermatt switzerland 11<\/span><br\/>F11, 1\/160 sec, 11 mm, ISO320, Canon EOS 7D Mark II\" data-fresco-group=\"slider-238\" data-fresco-group-options=\"thumbnails: false\"><img decoding=\"async\" src=\"https:\/\/www.ansermoz-photography.com\/wp-content\/gallery\/zermatt-cervin\/zermatt-switzerland-11.jpg\" alt=\"Zermatt switzerland 11\" \/><\/a><\/div><div class=\"col-12 col-md-6 col-lg-4 mb-4\"><a href=\"https:\/\/www.ansermoz-photography.com\/wp-content\/gallery\/zermatt-cervin\/zermatt-switzerland-12.jpg\" class=\"fresco  vertical-photo vertical-photo-770 v\" data-fresco-caption=\"<span>Zermatt switzerland 12<\/span><br\/>F4, 1\/2500 sec, 53 mm, ISO250, Canon EOS 7D Mark II\" data-fresco-group=\"slider-238\" data-fresco-group-options=\"thumbnails: false\"><img decoding=\"async\" src=\"https:\/\/www.ansermoz-photography.com\/wp-content\/gallery\/zermatt-cervin\/zermatt-switzerland-12.jpg\" alt=\"Zermatt switzerland 12\" \/><\/a><\/div><div class=\"col-12 col-md-6 col-lg-4 mb-4\"><a href=\"https:\/\/www.ansermoz-photography.com\/wp-content\/gallery\/zermatt-cervin\/zermatt-switzerland-13.jpg\" class=\"fresco  vertical-photo vertical-photo-770 v\" data-fresco-caption=\"<span>Zermatt switzerland 13<\/span><br\/>F10, 1\/500 sec, 18 mm, ISO320, Canon EOS 7D Mark II\" data-fresco-group=\"slider-238\" data-fresco-group-options=\"thumbnails: false\"><img decoding=\"async\" src=\"https:\/\/www.ansermoz-photography.com\/wp-content\/gallery\/zermatt-cervin\/zermatt-switzerland-13.jpg\" alt=\"Zermatt switzerland 13\" \/><\/a><\/div><div class=\"col-12 col-md-6 col-lg-4 mb-4\"><a href=\"https:\/\/www.ansermoz-photography.com\/wp-content\/gallery\/zermatt-cervin\/zermatt-switzerland-14.jpg\" class=\"fresco  vertical-photo vertical-photo-770 v\" data-fresco-caption=\"<span>Zermatt switzerland 14<\/span><br\/>F10, 1\/400 sec, 20 mm, ISO320, Canon EOS 7D Mark II\" data-fresco-group=\"slider-238\" data-fresco-group-options=\"thumbnails: false\"><img decoding=\"async\" src=\"https:\/\/www.ansermoz-photography.com\/wp-content\/gallery\/zermatt-cervin\/zermatt-switzerland-14.jpg\" alt=\"Zermatt switzerland 14\" \/><\/a><\/div><div class=\"col-12 col-md-6 col-lg-4 mb-4\"><a href=\"https:\/\/www.ansermoz-photography.com\/wp-content\/gallery\/zermatt-cervin\/zermatt-switzerland-15.jpg\" class=\"fresco  horizontal-photo-770 h\" data-fresco-caption=\"<span>Zermatt switzerland 15<\/span><br\/>F11, 1\/60 sec, 10 mm, ISO250, Canon EOS 7D Mark II\" data-fresco-group=\"slider-238\" data-fresco-group-options=\"thumbnails: false\"><img decoding=\"async\" src=\"https:\/\/www.ansermoz-photography.com\/wp-content\/gallery\/zermatt-cervin\/zermatt-switzerland-15.jpg\" alt=\"Zermatt switzerland 15\" \/><\/a><\/div><div class=\"col-12 col-md-6 col-lg-4 mb-4\"><a href=\"https:\/\/www.ansermoz-photography.com\/wp-content\/gallery\/zermatt-cervin\/zermatt-switzerland-16.jpg\" class=\"fresco  horizontal-photo-770 h\" data-fresco-caption=\"<span>Zermatt switzerland 16<\/span><br\/>F11, 1\/250 sec, 28 mm, ISO250, Canon EOS 7D Mark II\" data-fresco-group=\"slider-238\" data-fresco-group-options=\"thumbnails: false\"><img decoding=\"async\" src=\"https:\/\/www.ansermoz-photography.com\/wp-content\/gallery\/zermatt-cervin\/zermatt-switzerland-16.jpg\" alt=\"Zermatt switzerland 16\" \/><\/a><\/div><div class=\"col-12 col-md-6 col-lg-4 mb-4\"><a href=\"https:\/\/www.ansermoz-photography.com\/wp-content\/gallery\/zermatt-cervin\/zermatt-switzerland-17.jpg\" class=\"fresco  horizontal-photo-770 h\" data-fresco-caption=\"<span>Zermatt switzerland 17<\/span><br\/>F10, 1\/1250 sec, 10 mm, ISO800, Canon EOS 7D Mark II\" data-fresco-group=\"slider-238\" data-fresco-group-options=\"thumbnails: false\"><img decoding=\"async\" src=\"https:\/\/www.ansermoz-photography.com\/wp-content\/gallery\/zermatt-cervin\/zermatt-switzerland-17.jpg\" alt=\"Zermatt switzerland 17\" \/><\/a><\/div><div class=\"col-12 col-md-6 col-lg-4 mb-4\"><a href=\"https:\/\/www.ansermoz-photography.com\/wp-content\/gallery\/zermatt-cervin\/zermatt-switzerland-18.jpg\" class=\"fresco  vertical-photo vertical-photo-770 v\" data-fresco-caption=\"<span>Zermatt switzerland 18<\/span><br\/>F10, 1\/1250 sec, 10 mm, ISO320, Canon EOS 7D Mark II\" data-fresco-group=\"slider-238\" data-fresco-group-options=\"thumbnails: false\"><img decoding=\"async\" src=\"https:\/\/www.ansermoz-photography.com\/wp-content\/gallery\/zermatt-cervin\/zermatt-switzerland-18.jpg\" alt=\"Zermatt switzerland 18\" \/><\/a><\/div><div class=\"col-12 col-md-6 col-lg-4 mb-4\"><a href=\"https:\/\/www.ansermoz-photography.com\/wp-content\/gallery\/zermatt-cervin\/zermatt-switzerland-19.jpg\" class=\"fresco  horizontal-photo-770 h\" data-fresco-caption=\"<span>Zermatt switzerland 19<\/span><br\/>F10, 1\/400 sec, 10 mm, ISO320, Canon EOS 7D Mark II\" data-fresco-group=\"slider-238\" data-fresco-group-options=\"thumbnails: false\"><img decoding=\"async\" src=\"https:\/\/www.ansermoz-photography.com\/wp-content\/gallery\/zermatt-cervin\/zermatt-switzerland-19.jpg\" alt=\"Zermatt switzerland 19\" \/><\/a><\/div><div class=\"col-12 col-md-6 col-lg-4 mb-4\"><a href=\"https:\/\/www.ansermoz-photography.com\/wp-content\/gallery\/zermatt-cervin\/zermatt-switzerland-20.jpg\" class=\"fresco  vertical-photo vertical-photo-770 v\" data-fresco-caption=\"<span>Zermatt switzerland 20<\/span><br\/>F10, 1\/1250 sec, 14 mm, ISO320, Canon EOS 7D Mark II\" data-fresco-group=\"slider-238\" data-fresco-group-options=\"thumbnails: false\"><img decoding=\"async\" src=\"https:\/\/www.ansermoz-photography.com\/wp-content\/gallery\/zermatt-cervin\/zermatt-switzerland-20.jpg\" alt=\"Zermatt switzerland 20\" \/><\/a><\/div>\t\t\t\t<\/div>\n\t\t\t\t\t\t\t<\/div>\n\t\t<\/div>\n\t\t<\/div>\n<p>En 1792, le g\u00e9ologue et explorateur genevois, Horace-B\u00e9n\u00e9dict de Saussure, fut le premier \u00e0 \u00e9tudier le Cervin, et fut suivi par beaucoup d&rsquo;autres.<br \/>\nLe Matterhorn surplombe la ville italienne de Breuil-Cervinia, dans la vall\u00e9e d&rsquo;Aoste, et la ville suisse de Zermatt, dans le canton du Valais.<\/p>\n<p>La ville toute enti\u00e8re de Zermatt est une zone sans voiture \u00e0 moteur, et elle ne peut \u00eatre atteinte que par train, afin d&rsquo;\u00e9viter la pollution de l&rsquo;air.<br \/>\nZermatt est un point de d\u00e9part pour les randonn\u00e9es dans les montagnes, incluant celle de la Patrouille des Glaciers, et la Haute Route qui m\u00e8ne \u00e0 Chamonix en France. T\u00e9l\u00e9ph\u00e9riques et t\u00e9l\u00e9si\u00e8ges transportent les skieurs en hiver et les randonneurs en \u00e9t\u00e9.<br \/>\nLe Gornergrat, une voie de chemin de fer \u00e0 cr\u00e9maill\u00e8re \u00e0 ciel ouvert spectaculaire et la plus \u00e9lev\u00e9e d&rsquo;Europe, se rend jusqu&rsquo;au sommet du Gornergrat \u00e0 3089 m (10 134 pi).<\/p>\n<p>Jusqu&rsquo;au milieu du 19e si\u00e8cle, Zermatt \u00e9tait essentiellement une communaut\u00e9 agricole; la ru\u00e9e vers les montagnes qui entourent le village, et conduisant \u00e0 la construction de nombreuses installations touristiques, a suivi la premi\u00e8re et tragique ascension du Cervin en 1865.<br \/>\nZermatt, entour\u00e9e d&rsquo;une fabuleuse cha\u00eene de montagnes, est r\u00e9put\u00e9e comme  haut lieu de l&rsquo;alpinisme et du ski des Alpes suisses.<\/p>\n<div class=\"photo-gallery-display row\">\t\t<div class=\"col-12 col-lg-12 content_gallery align-items-start justify-content-start gallery-masonry naf-pc-element mt-4 mb-4\" data-animatecss=\"fadeIn\">\n\t\t\t<div>\n\t\t\t\t\t\t\t\t<div class=\"row d-flex justify-content-center\">\n\t\t\t\t\t<div class=\"col-12 col-md-6 col-lg-4 mb-4\"><a href=\"https:\/\/www.ansermoz-photography.com\/wp-content\/gallery\/zermatt-matterhorn-winter\/zermatt-winter-000.jpg\" class=\"fresco  horizontal-photo-770 h\" data-fresco-caption=\"<span>Zermatt winter 000<\/span><br\/>F9, 1\/80 sec, 373 mm, ISO400, Canon EOS 7D\" data-fresco-group=\"slider-239\" data-fresco-group-options=\"thumbnails: false\"><img decoding=\"async\" src=\"https:\/\/www.ansermoz-photography.com\/wp-content\/gallery\/zermatt-matterhorn-winter\/zermatt-winter-000.jpg\" alt=\"Zermatt winter 000\" \/><\/a><\/div><div class=\"col-12 col-md-6 col-lg-4 mb-4\"><a href=\"https:\/\/www.ansermoz-photography.com\/wp-content\/gallery\/zermatt-matterhorn-winter\/zermatt-winter-002.jpg\" class=\"fresco  horizontal-photo-770 h\" data-fresco-caption=\"<span>Zermatt winter 002<\/span><br\/>F13, 1\/60 sec, 138 mm, ISO200, Canon EOS 7D\" data-fresco-group=\"slider-239\" data-fresco-group-options=\"thumbnails: false\"><img decoding=\"async\" src=\"https:\/\/www.ansermoz-photography.com\/wp-content\/gallery\/zermatt-matterhorn-winter\/zermatt-winter-002.jpg\" alt=\"Zermatt winter 002\" \/><\/a><\/div><div class=\"col-12 col-md-6 col-lg-4 mb-4\"><a href=\"https:\/\/www.ansermoz-photography.com\/wp-content\/gallery\/zermatt-matterhorn-winter\/zermatt-winter-033.jpg\" class=\"fresco  horizontal-photo-770 h\" data-fresco-caption=\"<span>Zermatt winter 033<\/span><br\/>F8, 1\/200 sec, 200 mm, ISO100, Canon EOS 400D DIGITAL\" data-fresco-group=\"slider-239\" data-fresco-group-options=\"thumbnails: false\"><img decoding=\"async\" src=\"https:\/\/www.ansermoz-photography.com\/wp-content\/gallery\/zermatt-matterhorn-winter\/zermatt-winter-033.jpg\" alt=\"Zermatt winter 033\" \/><\/a><\/div><div class=\"col-12 col-md-6 col-lg-4 mb-4\"><a href=\"https:\/\/www.ansermoz-photography.com\/wp-content\/gallery\/zermatt-matterhorn-winter\/zermatt-winter-074.jpg\" class=\"fresco  horizontal-photo-770 h\" data-fresco-caption=\"<span>Zermatt winter 074<\/span><br\/>F9, 1\/250 sec, 22 mm, ISO125, Canon EOS 7D\" data-fresco-group=\"slider-239\" data-fresco-group-options=\"thumbnails: false\"><img decoding=\"async\" src=\"https:\/\/www.ansermoz-photography.com\/wp-content\/gallery\/zermatt-matterhorn-winter\/zermatt-winter-074.jpg\" alt=\"Zermatt winter 074\" \/><\/a><\/div><div class=\"col-12 col-md-6 col-lg-4 mb-4\"><a href=\"https:\/\/www.ansermoz-photography.com\/wp-content\/gallery\/zermatt-matterhorn-winter\/zermatt-winter-180.jpg\" class=\"fresco  horizontal-photo-770 h\" data-fresco-caption=\"<span>Zermatt winter 180<\/span><br\/>F9, 1\/250 sec, 27 mm, ISO125, Canon EOS 7D\" data-fresco-group=\"slider-239\" data-fresco-group-options=\"thumbnails: false\"><img decoding=\"async\" src=\"https:\/\/www.ansermoz-photography.com\/wp-content\/gallery\/zermatt-matterhorn-winter\/zermatt-winter-180.jpg\" alt=\"Zermatt winter 180\" \/><\/a><\/div><div class=\"col-12 col-md-6 col-lg-4 mb-4\"><a href=\"https:\/\/www.ansermoz-photography.com\/wp-content\/gallery\/zermatt-matterhorn-winter\/zermatt-winter-262.jpg\" class=\"fresco  vertical-photo vertical-photo-770 v\" data-fresco-caption=\"<span>Zermatt winter 262<\/span><br\/>F13, 1\/250 sec, 39 mm, ISO100, Canon EOS 7D\" data-fresco-group=\"slider-239\" data-fresco-group-options=\"thumbnails: false\"><img decoding=\"async\" src=\"https:\/\/www.ansermoz-photography.com\/wp-content\/gallery\/zermatt-matterhorn-winter\/zermatt-winter-262.jpg\" alt=\"Zermatt winter 262\" \/><\/a><\/div><div class=\"col-12 col-md-6 col-lg-4 mb-4\"><a href=\"https:\/\/www.ansermoz-photography.com\/wp-content\/gallery\/zermatt-matterhorn-winter\/zermatt-winter-296.jpg\" class=\"fresco  horizontal-photo-770 h\" data-fresco-caption=\"<span>Zermatt winter 296<\/span><br\/>F13, 1\/0 sec, 55 mm, ISO250, Canon EOS 7D\" data-fresco-group=\"slider-239\" data-fresco-group-options=\"thumbnails: false\"><img decoding=\"async\" src=\"https:\/\/www.ansermoz-photography.com\/wp-content\/gallery\/zermatt-matterhorn-winter\/zermatt-winter-296.jpg\" alt=\"Zermatt winter 296\" \/><\/a><\/div><div class=\"col-12 col-md-6 col-lg-4 mb-4\"><a href=\"https:\/\/www.ansermoz-photography.com\/wp-content\/gallery\/zermatt-matterhorn-winter\/zermatt-winter-305.jpg\" class=\"fresco  vertical-photo vertical-photo-770 v\" data-fresco-caption=\"<span>Zermatt winter 305<\/span><br\/>F13, 1\/250 sec, 18 mm, ISO100, Canon EOS 7D\" data-fresco-group=\"slider-239\" data-fresco-group-options=\"thumbnails: false\"><img decoding=\"async\" src=\"https:\/\/www.ansermoz-photography.com\/wp-content\/gallery\/zermatt-matterhorn-winter\/zermatt-winter-305.jpg\" alt=\"Zermatt winter 305\" \/><\/a><\/div><div class=\"col-12 col-md-6 col-lg-4 mb-4\"><a href=\"https:\/\/www.ansermoz-photography.com\/wp-content\/gallery\/zermatt-matterhorn-winter\/zermatt-winter-320.jpg\" class=\"fresco  horizontal-photo-770 h\" data-fresco-caption=\"<span>Zermatt winter 320<\/span><br\/>F13, 1\/20 sec, 55 mm, ISO100, Canon EOS 7D\" data-fresco-group=\"slider-239\" data-fresco-group-options=\"thumbnails: false\"><img decoding=\"async\" src=\"https:\/\/www.ansermoz-photography.com\/wp-content\/gallery\/zermatt-matterhorn-winter\/zermatt-winter-320.jpg\" alt=\"Zermatt winter 320\" \/><\/a><\/div><div class=\"col-12 col-md-6 col-lg-4 mb-4\"><a href=\"https:\/\/www.ansermoz-photography.com\/wp-content\/gallery\/zermatt-matterhorn-winter\/zermatt-winter-327.jpg\" class=\"fresco  horizontal-photo-770 h\" data-fresco-caption=\"<span>Zermatt winter 327<\/span><br\/>F13, 1\/50 sec, 200 mm, ISO100, Canon EOS 7D\" data-fresco-group=\"slider-239\" data-fresco-group-options=\"thumbnails: false\"><img decoding=\"async\" src=\"https:\/\/www.ansermoz-photography.com\/wp-content\/gallery\/zermatt-matterhorn-winter\/zermatt-winter-327.jpg\" alt=\"Zermatt winter 327\" \/><\/a><\/div><div class=\"col-12 col-md-6 col-lg-4 mb-4\"><a href=\"https:\/\/www.ansermoz-photography.com\/wp-content\/gallery\/zermatt-matterhorn-winter\/zermatt-winter-343.jpg\" class=\"fresco  horizontal-photo-770 h\" data-fresco-caption=\"<span>Zermatt winter 343<\/span><br\/>F13, 1\/500 sec, 12 mm, ISO200, Canon EOS 7D\" data-fresco-group=\"slider-239\" data-fresco-group-options=\"thumbnails: false\"><img decoding=\"async\" src=\"https:\/\/www.ansermoz-photography.com\/wp-content\/gallery\/zermatt-matterhorn-winter\/zermatt-winter-343.jpg\" alt=\"Zermatt winter 343\" \/><\/a><\/div><div class=\"col-12 col-md-6 col-lg-4 mb-4\"><a href=\"https:\/\/www.ansermoz-photography.com\/wp-content\/gallery\/zermatt-matterhorn-winter\/zermatt-winter-367.jpg\" class=\"fresco  horizontal-photo-770 h\" data-fresco-caption=\"<span>Zermatt winter 367<\/span><br\/>F13, 1\/30 sec, 16 mm, ISO160, Canon EOS 7D\" data-fresco-group=\"slider-239\" data-fresco-group-options=\"thumbnails: false\"><img decoding=\"async\" src=\"https:\/\/www.ansermoz-photography.com\/wp-content\/gallery\/zermatt-matterhorn-winter\/zermatt-winter-367.jpg\" alt=\"Zermatt winter 367\" \/><\/a><\/div><div class=\"col-12 col-md-6 col-lg-4 mb-4\"><a href=\"https:\/\/www.ansermoz-photography.com\/wp-content\/gallery\/zermatt-matterhorn-winter\/zermatt-winter-441.jpg\" class=\"fresco  horizontal-photo-770 h\" data-fresco-caption=\"<span>Zermatt winter 441<\/span><br\/>F6.3, 1\/2500 sec, 244 mm, ISO200, Canon EOS 7D\" data-fresco-group=\"slider-239\" data-fresco-group-options=\"thumbnails: false\"><img decoding=\"async\" src=\"https:\/\/www.ansermoz-photography.com\/wp-content\/gallery\/zermatt-matterhorn-winter\/zermatt-winter-441.jpg\" alt=\"Zermatt winter 441\" \/><\/a><\/div><div class=\"col-12 col-md-6 col-lg-4 mb-4\"><a href=\"https:\/\/www.ansermoz-photography.com\/wp-content\/gallery\/zermatt-matterhorn-winter\/zermatt-winter-451.jpg\" class=\"fresco  horizontal-photo-770 h\" data-fresco-caption=\"<span>Zermatt winter 451<\/span><br\/>F13, 1\/800 sec, 70 mm, ISO100, Canon EOS 400D DIGITAL\" data-fresco-group=\"slider-239\" data-fresco-group-options=\"thumbnails: false\"><img decoding=\"async\" src=\"https:\/\/www.ansermoz-photography.com\/wp-content\/gallery\/zermatt-matterhorn-winter\/zermatt-winter-451.jpg\" alt=\"Zermatt winter 451\" \/><\/a><\/div>\t\t\t\t<\/div>\n\t\t\t\t\t\t\t<\/div>\n\t\t<\/div>\n\t\t<\/div>\n<p>Pour tous les amateurs de chocolat, le Cervin est aussi la montagne pr\u00e9sente sur la barre de Toblerone.<br \/>\nBeaucoup de visiteurs sont attendus \u00e0 Zermatt pour 2015. De nombreux \u00e9v\u00e9nements et festivit\u00e9s y seront organis\u00e9es tout au long de l&rsquo;ann\u00e9e, pour c\u00e9l\u00e9brer le 150e anniversaire de la premi\u00e8re ascension.<\/p>\n<p>J&rsquo;esp\u00e8re que mes photos de Zermatt et du Cervin, en Suisse, vous ont plu, et peut-\u00eatre qu&rsquo;elles vous motiveront \u00e0 venir visiter, explorer et appr\u00e9cier cette magnifique r\u00e9gion au coeur des Alpes.<br \/>\n\u00c9vadez-vous, prenez des photos, et restez en s\u00e9curit\u00e9 lors de vos randonn\u00e9es en montagne.<\/p>\n<\/div>","protected":false},"excerpt":{"rendered":"<p>Le Cervin, pr\u00e8s de la ville de Zermatt en Suisse, est \u00e9galement connu comme le Matterhorn (en suisse-allemand, et anglais), et le Monte Cervino (en italien). C&rsquo;est l&rsquo;un des plus hauts sommets des Alpes, avec une altitude de 4,478m (14 690 pi). Il marque la fronti\u00e8re entre la Suisse et l&rsquo;Italie, et de ce fait, le poss\u00e8de deux sommets (un suisse avec une hauteur de 4,477.5 m, et un italien avec 4,476.4m). Le sommet pyramidal, est compos\u00e9e de parois abruptes, &hellip;<\/p>\n","protected":false},"author":1,"featured_media":530,"comment_status":"open","ping_status":"open","sticky":false,"template":"","format":"standard","meta":{"_acf_changed":false,"footnotes":""},"categories":[5],"tags":[125,293,257],"class_list":["post-529","post","type-post","status-publish","format-standard","has-post-thumbnail","hentry","category-where","tag-landscapes","tag-mountains","tag-switzerland"],"acf":[],"_links":{"self":[{"href":"https:\/\/www.ansermoz-photography.com\/fr\/wp-json\/wp\/v2\/posts\/529","targetHints":{"allow":["GET"]}}],"collection":[{"href":"https:\/\/www.ansermoz-photography.com\/fr\/wp-json\/wp\/v2\/posts"}],"about":[{"href":"https:\/\/www.ansermoz-photography.com\/fr\/wp-json\/wp\/v2\/types\/post"}],"author":[{"embeddable":true,"href":"https:\/\/www.ansermoz-photography.com\/fr\/wp-json\/wp\/v2\/users\/1"}],"replies":[{"embeddable":true,"href":"https:\/\/www.ansermoz-photography.com\/fr\/wp-json\/wp\/v2\/comments?post=529"}],"version-history":[{"count":0,"href":"https:\/\/www.ansermoz-photography.com\/fr\/wp-json\/wp\/v2\/posts\/529\/revisions"}],"wp:featuredmedia":[{"embeddable":true,"href":"https:\/\/www.ansermoz-photography.com\/fr\/wp-json\/wp\/v2\/media\/530"}],"wp:attachment":[{"href":"https:\/\/www.ansermoz-photography.com\/fr\/wp-json\/wp\/v2\/media?parent=529"}],"wp:term":[{"taxonomy":"category","embeddable":true,"href":"https:\/\/www.ansermoz-photography.com\/fr\/wp-json\/wp\/v2\/categories?post=529"},{"taxonomy":"post_tag","embeddable":true,"href":"https:\/\/www.ansermoz-photography.com\/fr\/wp-json\/wp\/v2\/tags?post=529"}],"curies":[{"name":"wp","href":"https:\/\/api.w.org\/{rel}","templated":true}]}}