{"id":553,"date":"2017-07-02T16:48:52","date_gmt":"2017-07-02T20:48:52","guid":{"rendered":"https:\/\/ansermoz-photography.com\/?p=553"},"modified":"2020-03-12T14:30:13","modified_gmt":"2020-03-12T14:30:13","slug":"lago-di-braies-italy","status":"publish","type":"post","link":"https:\/\/www.ansermoz-photography.com\/fr\/ou\/lago-di-braies-italie\/","title":{"rendered":"Lago Di Braies, Italie"},"content":{"rendered":"<div class=\"the-content\"><p><strong>Lago di Braies<\/strong> en italien, lac de Braies en fran\u00e7ais, ou encore Pragser Wildsee en allemand est un petit lac alpin au nord-est de l\u2019<strong>Italie<\/strong>.<br \/>\nConnu comme la perle des lacs des Dolomites, il se situe \u00e0 1 495 m\u00e8tres d\u2019altitude, au pied du massif de la Croda del Becco (Seekofel).<br \/>\nIl est possible de louer un bateau pour naviguer sur les eaux vert turquoise du lac.<br \/>\nDes sentiers de randonn\u00e9es partent du Lago Di Braies et permettent d&rsquo;explorer le Parc Naturel de Fanes-Sennes-Braies dont il fait partie.<\/p>\n<p>Passant une journ\u00e9e et une nuit \u00e0 explorer les environs du lac de Braies, voici quelques clich\u00e9s qui j\u2019esp\u00e8re vous plairont.<\/p>\n<div class=\"photo-gallery-display row\">\t\t<div class=\"col-12 col-lg-12 content_gallery align-items-start justify-content-start gallery-masonry naf-pc-element mt-4 mb-4\" data-animatecss=\"fadeIn\">\n\t\t\t<div>\n\t\t\t\t\t\t\t\t<div class=\"row d-flex justify-content-center\">\n\t\t\t\t\t<div class=\"col-12 col-md-6 col-lg-4 mb-4\"><a href=\"https:\/\/www.ansermoz-photography.com\/wp-content\/gallery\/lago-di-braies\/lago-di-braies-italia-01.jpg\" class=\"fresco  horizontal-photo-1000 h\" data-fresco-caption=\"<span>Lago di braies, Italie<\/span><br\/>F14, 1\/0 sec, 10 mm, ISO100, Canon EOS 7D Mark II\" data-fresco-group=\"slider-272\" data-fresco-group-options=\"thumbnails: false\"><img decoding=\"async\" src=\"https:\/\/www.ansermoz-photography.com\/wp-content\/gallery\/lago-di-braies\/lago-di-braies-italia-01.jpg\" alt=\"Lago di braies, Italie\" \/><\/a><\/div><div class=\"col-12 col-md-6 col-lg-4 mb-4\"><a href=\"https:\/\/www.ansermoz-photography.com\/wp-content\/gallery\/lago-di-braies\/lago-di-braies-italia-02.jpg\" class=\"fresco  horizontal-photo-1000 h\" data-fresco-caption=\"<span>Lago di braies, Italie<\/span><br\/>F5.6, 1\/800 sec, 10 mm, ISO100, Canon EOS 7D Mark II\" data-fresco-group=\"slider-272\" data-fresco-group-options=\"thumbnails: false\"><img decoding=\"async\" src=\"https:\/\/www.ansermoz-photography.com\/wp-content\/gallery\/lago-di-braies\/lago-di-braies-italia-02.jpg\" alt=\"Lago di braies, Italie\" \/><\/a><\/div><div class=\"col-12 col-md-6 col-lg-4 mb-4\"><a href=\"https:\/\/www.ansermoz-photography.com\/wp-content\/gallery\/lago-di-braies\/lago-di-braies-italia-03.jpg\" class=\"fresco  horizontal-photo-1000 h\" data-fresco-caption=\"<span>Sentiers autour du Lago di braies, Italie<\/span><br\/>F13, 1\/100 sec, 10 mm, ISO100, Canon EOS 7D Mark II\" data-fresco-group=\"slider-272\" data-fresco-group-options=\"thumbnails: false\"><img decoding=\"async\" src=\"https:\/\/www.ansermoz-photography.com\/wp-content\/gallery\/lago-di-braies\/lago-di-braies-italia-03.jpg\" alt=\"Sentiers autour du Lago di braies, Italie\" \/><\/a><\/div><div class=\"col-12 col-md-6 col-lg-4 mb-4\"><a href=\"https:\/\/www.ansermoz-photography.com\/wp-content\/gallery\/lago-di-braies\/lago-di-braies-italia-04.jpg\" class=\"fresco  horizontal-photo-1000 h\" data-fresco-caption=\"<span>Lago di braies, Italie<\/span><br\/>F3.5, 1\/800 sec, 17 mm, ISO200, Canon EOS 7D\" data-fresco-group=\"slider-272\" data-fresco-group-options=\"thumbnails: false\"><img decoding=\"async\" src=\"https:\/\/www.ansermoz-photography.com\/wp-content\/gallery\/lago-di-braies\/lago-di-braies-italia-04.jpg\" alt=\"Lago di braies, Italie\" \/><\/a><\/div><div class=\"col-12 col-md-6 col-lg-4 mb-4\"><a href=\"https:\/\/www.ansermoz-photography.com\/wp-content\/gallery\/lago-di-braies\/lago-di-braies-italia-05.jpg\" class=\"fresco  horizontal-photo-1000 h\" data-fresco-caption=\"<span>Lago di braies, Italie<\/span><br\/>F3.5, 1\/1600 sec, 41 mm, ISO200, Canon EOS 7D\" data-fresco-group=\"slider-272\" data-fresco-group-options=\"thumbnails: false\"><img decoding=\"async\" src=\"https:\/\/www.ansermoz-photography.com\/wp-content\/gallery\/lago-di-braies\/lago-di-braies-italia-05.jpg\" alt=\"Lago di braies, Italie\" \/><\/a><\/div><div class=\"col-12 col-md-6 col-lg-4 mb-4\"><a href=\"https:\/\/www.ansermoz-photography.com\/wp-content\/gallery\/lago-di-braies\/lago-di-braies-italia-06.jpg\" class=\"fresco  horizontal-photo-1000 h\" data-fresco-caption=\"<span>Lago di braies, Italie<\/span><br\/>F8, 1\/640 sec, 10 mm, ISO250, Canon EOS 7D Mark II\" data-fresco-group=\"slider-272\" data-fresco-group-options=\"thumbnails: false\"><img decoding=\"async\" src=\"https:\/\/www.ansermoz-photography.com\/wp-content\/gallery\/lago-di-braies\/lago-di-braies-italia-06.jpg\" alt=\"Lago di braies, Italie\" \/><\/a><\/div><div class=\"col-12 col-md-6 col-lg-4 mb-4\"><a href=\"https:\/\/www.ansermoz-photography.com\/wp-content\/gallery\/lago-di-braies\/lago-di-braies-italia-07.jpg\" class=\"fresco  horizontal-photo-1000 h\" data-fresco-caption=\"<span>Lago di braies, Italie<\/span><br\/>F2.8, 1\/2500 sec, 200 mm, ISO320, Canon EOS 7D Mark II\" data-fresco-group=\"slider-272\" data-fresco-group-options=\"thumbnails: false\"><img decoding=\"async\" src=\"https:\/\/www.ansermoz-photography.com\/wp-content\/gallery\/lago-di-braies\/lago-di-braies-italia-07.jpg\" alt=\"Lago di braies, Italie\" \/><\/a><\/div><div class=\"col-12 col-md-6 col-lg-4 mb-4\"><a href=\"https:\/\/www.ansermoz-photography.com\/wp-content\/gallery\/lago-di-braies\/lago-di-braies-italia-08.jpg\" class=\"fresco  vertical-photo vertical-photo-1000 v\" data-fresco-caption=\"<span>Lago di braies, Italie<\/span><br\/>F2.8, 1\/400 sec, 200 mm, ISO640, Canon EOS 7D Mark II\" data-fresco-group=\"slider-272\" data-fresco-group-options=\"thumbnails: false\"><img decoding=\"async\" src=\"https:\/\/www.ansermoz-photography.com\/wp-content\/gallery\/lago-di-braies\/lago-di-braies-italia-08.jpg\" alt=\"Lago di braies, Italie\" \/><\/a><\/div><div class=\"col-12 col-md-6 col-lg-4 mb-4\"><a href=\"https:\/\/www.ansermoz-photography.com\/wp-content\/gallery\/lago-di-braies\/lago-di-braies-italia-09.jpg\" class=\"fresco  horizontal-photo-1000 h\" data-fresco-caption=\"<span>Lago di braies, Italie<\/span><br\/>F2.8, 1\/1600 sec, 200 mm, ISO640, Canon EOS 7D Mark II\" data-fresco-group=\"slider-272\" data-fresco-group-options=\"thumbnails: false\"><img decoding=\"async\" src=\"https:\/\/www.ansermoz-photography.com\/wp-content\/gallery\/lago-di-braies\/lago-di-braies-italia-09.jpg\" alt=\"Lago di braies, Italie\" \/><\/a><\/div><div class=\"col-12 col-md-6 col-lg-4 mb-4\"><a href=\"https:\/\/www.ansermoz-photography.com\/wp-content\/gallery\/lago-di-braies\/lago-di-braies-italia-10.jpg\" class=\"fresco  horizontal-photo-1000 h\" data-fresco-caption=\"<span>Lago di braies, Italie<\/span><br\/>F8, 1\/320 sec, 20 mm, ISO250, Canon EOS 7D Mark II\" data-fresco-group=\"slider-272\" data-fresco-group-options=\"thumbnails: false\"><img decoding=\"async\" src=\"https:\/\/www.ansermoz-photography.com\/wp-content\/gallery\/lago-di-braies\/lago-di-braies-italia-10.jpg\" alt=\"Lago di braies, Italie\" \/><\/a><\/div><div class=\"col-12 col-md-6 col-lg-4 mb-4\"><a href=\"https:\/\/www.ansermoz-photography.com\/wp-content\/gallery\/lago-di-braies\/lago-di-braies-italia-11.jpg\" class=\"fresco  horizontal-photo-1000 h\" data-fresco-caption=\"<span>Lago di braies, Italie<\/span><br\/>F2.8, 1\/250 sec, 17 mm, ISO320, Canon EOS 7D\" data-fresco-group=\"slider-272\" data-fresco-group-options=\"thumbnails: false\"><img decoding=\"async\" src=\"https:\/\/www.ansermoz-photography.com\/wp-content\/gallery\/lago-di-braies\/lago-di-braies-italia-11.jpg\" alt=\"Lago di braies, Italie\" \/><\/a><\/div><div class=\"col-12 col-md-6 col-lg-4 mb-4\"><a href=\"https:\/\/www.ansermoz-photography.com\/wp-content\/gallery\/lago-di-braies\/lago-di-braies-italia-12.jpg\" class=\"fresco  horizontal-photo-1000 h\" data-fresco-caption=\"<span>Les fameuses barques du Lago di braies, Italie<\/span><br\/>F11, 1\/10 sec, 31 mm, ISO100, Canon EOS 7D Mark II\" data-fresco-group=\"slider-272\" data-fresco-group-options=\"thumbnails: false\"><img decoding=\"async\" src=\"https:\/\/www.ansermoz-photography.com\/wp-content\/gallery\/lago-di-braies\/lago-di-braies-italia-12.jpg\" alt=\"Les fameuses barques du Lago di braies, Italie\" \/><\/a><\/div><div class=\"col-12 col-md-6 col-lg-4 mb-4\"><a href=\"https:\/\/www.ansermoz-photography.com\/wp-content\/gallery\/lago-di-braies\/lago-di-braies-italia-13.jpg\" class=\"fresco  horizontal-photo-1000 h\" data-fresco-caption=\"<span>Photo de nuit et light painting au Lago di braies, Italie<\/span><br\/>F4, 121 sec, 10 mm, ISO1600, Canon EOS 7D Mark II\" data-fresco-group=\"slider-272\" data-fresco-group-options=\"thumbnails: false\"><img decoding=\"async\" src=\"https:\/\/www.ansermoz-photography.com\/wp-content\/gallery\/lago-di-braies\/lago-di-braies-italia-13.jpg\" alt=\"Photo de nuit et light painting au Lago di braies, Italie\" \/><\/a><\/div><div class=\"col-12 col-md-6 col-lg-4 mb-4\"><a href=\"https:\/\/www.ansermoz-photography.com\/wp-content\/gallery\/lago-di-braies\/lago-di-braies-italia-14.jpg\" class=\"fresco  horizontal-photo-1000 h\" data-fresco-caption=\"<span>Lago di braies, Italie<\/span><br\/>F4, 107 sec, 10 mm, ISO1600, Canon EOS 7D Mark II\" data-fresco-group=\"slider-272\" data-fresco-group-options=\"thumbnails: false\"><img decoding=\"async\" src=\"https:\/\/www.ansermoz-photography.com\/wp-content\/gallery\/lago-di-braies\/lago-di-braies-italia-14.jpg\" alt=\"Lago di braies, Italie\" \/><\/a><\/div><div class=\"col-12 col-md-6 col-lg-4 mb-4\"><a href=\"https:\/\/www.ansermoz-photography.com\/wp-content\/gallery\/lago-di-braies\/lago-di-braies-italia-15.jpg\" class=\"fresco  horizontal-photo-1000 h\" data-fresco-caption=\"<span>Lago di braies, Italie<\/span><br\/>F11, 1\/40 sec, 10 mm, ISO400, Canon EOS 7D Mark II\" data-fresco-group=\"slider-272\" data-fresco-group-options=\"thumbnails: false\"><img decoding=\"async\" src=\"https:\/\/www.ansermoz-photography.com\/wp-content\/gallery\/lago-di-braies\/lago-di-braies-italia-15.jpg\" alt=\"Lago di braies, Italie\" \/><\/a><\/div><div class=\"col-12 col-md-6 col-lg-4 mb-4\"><a href=\"https:\/\/www.ansermoz-photography.com\/wp-content\/gallery\/lago-di-braies\/lago-di-braies-italia-16.jpg\" class=\"fresco  horizontal-photo-1000 h\" data-fresco-caption=\"<span>Barque sur le Lago di braies, Italie<\/span><br\/>F10, 1\/30 sec, 25 mm, ISO400, Canon EOS 7D Mark II\" data-fresco-group=\"slider-272\" data-fresco-group-options=\"thumbnails: false\"><img decoding=\"async\" src=\"https:\/\/www.ansermoz-photography.com\/wp-content\/gallery\/lago-di-braies\/lago-di-braies-italia-16.jpg\" alt=\"Barque sur le Lago di braies, Italie\" \/><\/a><\/div>\t\t\t\t<\/div>\n\t\t\t\t\t\t\t<\/div>\n\t\t<\/div>\n\t\t<\/div>\n<p>Situe dans le <strong>Tyrol du Sud<\/strong>,  dans la province de Bolzano, en Italie, le Lago Di Braies est une belle halte \u00e0 effectuer, tr\u00e8s certainement en dehors de la haute saison estivale, afin d\u2019\u00e9viter le monde.<br \/>\nVoyant de nombreuses photos de ce magnifique endroit, j&rsquo;ai eu envie de m&rsquo;y rendre au cours d&rsquo;un mini <strong>road trip en Italie<\/strong>.<br \/>\nD&rsquo;autres photos sont \u00e0 venir!<\/p>\n<\/div>","protected":false},"excerpt":{"rendered":"<p>Lago di Braies en italien, lac de Braies en fran\u00e7ais, ou encore Pragser Wildsee en allemand est un petit lac alpin au nord-est de l\u2019Italie. Connu comme la perle des lacs des Dolomites, il se situe \u00e0 1 495 m\u00e8tres d\u2019altitude, au pied du massif de la Croda del Becco (Seekofel). Il est possible de louer un bateau pour naviguer sur les eaux vert turquoise du lac. Des sentiers de randonn\u00e9es partent du Lago Di Braies et permettent d&rsquo;explorer le &hellip;<\/p>\n","protected":false},"author":1,"featured_media":554,"comment_status":"open","ping_status":"open","sticky":false,"template":"","format":"standard","meta":{"_acf_changed":false,"footnotes":""},"categories":[5],"tags":[345,344,292,153],"class_list":["post-553","post","type-post","status-publish","format-standard","has-post-thumbnail","hentry","category-where","tag-dolomites","tag-italia","tag-road-trip","tag-travel-photography"],"acf":[],"_links":{"self":[{"href":"https:\/\/www.ansermoz-photography.com\/fr\/wp-json\/wp\/v2\/posts\/553","targetHints":{"allow":["GET"]}}],"collection":[{"href":"https:\/\/www.ansermoz-photography.com\/fr\/wp-json\/wp\/v2\/posts"}],"about":[{"href":"https:\/\/www.ansermoz-photography.com\/fr\/wp-json\/wp\/v2\/types\/post"}],"author":[{"embeddable":true,"href":"https:\/\/www.ansermoz-photography.com\/fr\/wp-json\/wp\/v2\/users\/1"}],"replies":[{"embeddable":true,"href":"https:\/\/www.ansermoz-photography.com\/fr\/wp-json\/wp\/v2\/comments?post=553"}],"version-history":[{"count":0,"href":"https:\/\/www.ansermoz-photography.com\/fr\/wp-json\/wp\/v2\/posts\/553\/revisions"}],"wp:featuredmedia":[{"embeddable":true,"href":"https:\/\/www.ansermoz-photography.com\/fr\/wp-json\/wp\/v2\/media\/554"}],"wp:attachment":[{"href":"https:\/\/www.ansermoz-photography.com\/fr\/wp-json\/wp\/v2\/media?parent=553"}],"wp:term":[{"taxonomy":"category","embeddable":true,"href":"https:\/\/www.ansermoz-photography.com\/fr\/wp-json\/wp\/v2\/categories?post=553"},{"taxonomy":"post_tag","embeddable":true,"href":"https:\/\/www.ansermoz-photography.com\/fr\/wp-json\/wp\/v2\/tags?post=553"}],"curies":[{"name":"wp","href":"https:\/\/api.w.org\/{rel}","templated":true}]}}