{"id":557,"date":"2017-08-28T16:40:25","date_gmt":"2017-08-28T20:40:25","guid":{"rendered":"https:\/\/ansermoz-photography.com\/?p=557"},"modified":"2020-03-12T14:25:43","modified_gmt":"2020-03-12T14:25:43","slug":"tre-cime-di-lavaredo-dolomites-italy","status":"publish","type":"post","link":"https:\/\/www.ansermoz-photography.com\/fr\/ou\/tre-cime-di-lavaredo-dolomites-italie\/","title":{"rendered":"Tre Cime di Lavaredo &#8211; Dolomites &#8211; Italie"},"content":{"rendered":"<div class=\"the-content\"><p>Probablement les montagnes les plus c\u00e9l\u00e8bres des <strong>Dolomites<\/strong>, en <strong>Italie<\/strong>, le <strong>Tre Cime di Lavaredo<\/strong> (les Trois Cimes de Lavaredo) offrent un endroit id\u00e9al \u00e0 explorer, \u00e0 tous les randonneurs de montagne.<br \/>\nSi vous pr\u00e9voyez de visiter les Alpes italiennes, je vous conseille de faire une randonn\u00e9e autour de ces trois sommets incroyables.<br \/>\nLa fronti\u00e8re entre le <strong>Tyrol du Sud<\/strong> et la province de Belluno passe par les sommets du Tre Cime di Lavaredo.<br \/>\nSur la photo principale, vous pouvez voir le Mont Paterno, \u00e0 gauche, et le Tre Cime di Lavaredo \u00e0 droite, avec (de gauche \u00e0 droite), Cima Piccola \u00ab\u00a0petit pic\u00a0\u00bb (2857m), Cima Grande \u00ab\u00a0grand pic\u00a0\u00bb (2999m) et Cima Ovest \u00ab\u00a0pic ouest\u00a0\u00bb (2973m), et le refuge Antonio Locatelli au premier plan.<br \/>\nLa premi\u00e8re ascension du Cima Grande a eu lieu en 1869 par Paul Grohmann, Franz Innerkofler et Peter Salcher.<\/p>\n<p>J&rsquo;esp\u00e8re que vous appr\u00e9cierez mes photos du Tre Cime di Lavaredo, pris dans les Dolomites, en Italie, au cours d&rsquo;une journ\u00e9e compl\u00e8te de randonn\u00e9e.<br \/>\nJ&rsquo;ai \u00e9dit\u00e9 les photos de cette fa\u00e7on, comme vous le remarquerez, car il n&rsquo;y avait pas un seul nuage dans le ciel ce jour-l\u00e0!<\/p>\n<div class=\"photo-gallery-display row\">\t\t<div class=\"col-12 col-lg-12 content_gallery align-items-start justify-content-start gallery-masonry naf-pc-element mt-4 mb-4\" data-animatecss=\"fadeIn\">\n\t\t\t<div>\n\t\t\t\t\t\t\t\t<div class=\"row d-flex justify-content-center\">\n\t\t\t\t\t<div class=\"col-12 col-md-6 col-lg-4 mb-4\"><a href=\"https:\/\/www.ansermoz-photography.com\/wp-content\/gallery\/italie-tre-cime-dolomites\/tre-cime-italie-01.jpg\" class=\"fresco  horizontal-photo-1000 h\" data-fresco-caption=\"<span>Alpes italiennes, r\u00e9gion des Dolomites<\/span><br\/>F8, 1\/500 sec, 49 mm, ISO400, Canon EOS 7D Mark II\" data-fresco-group=\"slider-274\" data-fresco-group-options=\"thumbnails: false\"><img decoding=\"async\" src=\"https:\/\/www.ansermoz-photography.com\/wp-content\/gallery\/italie-tre-cime-dolomites\/tre-cime-italie-01.jpg\" alt=\"Alpes italiennes, r\u00e9gion des Dolomites\" \/><\/a><\/div><div class=\"col-12 col-md-6 col-lg-4 mb-4\"><a href=\"https:\/\/www.ansermoz-photography.com\/wp-content\/gallery\/italie-tre-cime-dolomites\/tre-cime-italie-02.jpg\" class=\"fresco  horizontal-photo-1000 h\" data-fresco-caption=\"<span>Tre Cime di Lavaredo,(de gauche \u00e0 droite), Cima Piccola, Cima Grande et Cima Ovest<\/span><br\/>F13, 1\/500 sec, 10 mm, ISO320, Canon EOS 7D\" data-fresco-group=\"slider-274\" data-fresco-group-options=\"thumbnails: false\"><img decoding=\"async\" src=\"https:\/\/www.ansermoz-photography.com\/wp-content\/gallery\/italie-tre-cime-dolomites\/tre-cime-italie-02.jpg\" alt=\"Tre Cime di Lavaredo,(de gauche \u00e0 droite), Cima Piccola, Cima Grande et Cima Ovest\" \/><\/a><\/div><div class=\"col-12 col-md-6 col-lg-4 mb-4\"><a href=\"https:\/\/www.ansermoz-photography.com\/wp-content\/gallery\/italie-tre-cime-dolomites\/tre-cime-italie-03.jpg\" class=\"fresco  horizontal-photo-1000 h\" data-fresco-caption=\"<span>Randonn\u00e9e dans les Alpes italiennes, Tre Cime, sentier<\/span><br\/>F13, 1\/400 sec, 12 mm, ISO320, Canon EOS 7D\" data-fresco-group=\"slider-274\" data-fresco-group-options=\"thumbnails: false\"><img decoding=\"async\" src=\"https:\/\/www.ansermoz-photography.com\/wp-content\/gallery\/italie-tre-cime-dolomites\/tre-cime-italie-03.jpg\" alt=\"Randonn\u00e9e dans les Alpes italiennes, Tre Cime, sentier\" \/><\/a><\/div><div class=\"col-12 col-md-6 col-lg-4 mb-4\"><a href=\"https:\/\/www.ansermoz-photography.com\/wp-content\/gallery\/italie-tre-cime-dolomites\/tre-cime-italie-04.jpg\" class=\"fresco  horizontal-photo-1000 h\" data-fresco-caption=\"<span>Laghi del Piani au Tre Cime di Lavaredo, Italie<\/span><br\/>F14, 1\/320 sec, 10 mm, ISO320, Canon EOS 7D\" data-fresco-group=\"slider-274\" data-fresco-group-options=\"thumbnails: false\"><img decoding=\"async\" src=\"https:\/\/www.ansermoz-photography.com\/wp-content\/gallery\/italie-tre-cime-dolomites\/tre-cime-italie-04.jpg\" alt=\"Laghi del Piani au Tre Cime di Lavaredo, Italie\" \/><\/a><\/div><div class=\"col-12 col-md-6 col-lg-4 mb-4\"><a href=\"https:\/\/www.ansermoz-photography.com\/wp-content\/gallery\/italie-tre-cime-dolomites\/tre-cime-italie-05.jpg\" class=\"fresco  horizontal-photo-1000 h\" data-fresco-caption=\"<span>Mont Paterno, Tre Cime di Lavaredo, Refuge Antonio Locatelli<\/span><br\/>F6.3, 1\/1250 sec, 20 mm, ISO100, Canon EOS 7D Mark II\" data-fresco-group=\"slider-274\" data-fresco-group-options=\"thumbnails: false\"><img decoding=\"async\" src=\"https:\/\/www.ansermoz-photography.com\/wp-content\/gallery\/italie-tre-cime-dolomites\/tre-cime-italie-05.jpg\" alt=\"Mont Paterno, Tre Cime di Lavaredo, Refuge Antonio Locatelli\" \/><\/a><\/div><div class=\"col-12 col-md-6 col-lg-4 mb-4\"><a href=\"https:\/\/www.ansermoz-photography.com\/wp-content\/gallery\/italie-tre-cime-dolomites\/tre-cime-italie-06.jpg\" class=\"fresco  horizontal-photo-1000 h\" data-fresco-caption=\"<span>Chiesetta Alpina, chapelle dans les montagnes \u00e0 c\u00f4t\u00e9 du Rifugio Antonio Locatelli, Tre Cime<\/span><br\/>F6.3, 1\/1000 sec, 10 mm, ISO100, Canon EOS 7D Mark II\" data-fresco-group=\"slider-274\" data-fresco-group-options=\"thumbnails: false\"><img decoding=\"async\" src=\"https:\/\/www.ansermoz-photography.com\/wp-content\/gallery\/italie-tre-cime-dolomites\/tre-cime-italie-06.jpg\" alt=\"Chiesetta Alpina, chapelle dans les montagnes \u00e0 c\u00f4t\u00e9 du Rifugio Antonio Locatelli, Tre Cime\" \/><\/a><\/div><div class=\"col-12 col-md-6 col-lg-4 mb-4\"><a href=\"https:\/\/www.ansermoz-photography.com\/wp-content\/gallery\/italie-tre-cime-dolomites\/tre-cime-italie-07.jpg\" class=\"fresco  horizontal-photo-1000 h\" data-fresco-caption=\"<span>Neige et glace sur un lac de montagne, Alpes, Italie<\/span><br\/>F11, 1\/800 sec, 10 mm, ISO320, Canon EOS 7D\" data-fresco-group=\"slider-274\" data-fresco-group-options=\"thumbnails: false\"><img decoding=\"async\" src=\"https:\/\/www.ansermoz-photography.com\/wp-content\/gallery\/italie-tre-cime-dolomites\/tre-cime-italie-07.jpg\" alt=\"Neige et glace sur un lac de montagne, Alpes, Italie\" \/><\/a><\/div><div class=\"col-12 col-md-6 col-lg-4 mb-4\"><a href=\"https:\/\/www.ansermoz-photography.com\/wp-content\/gallery\/italie-tre-cime-dolomites\/tre-cime-italie-08.jpg\" class=\"fresco  horizontal-photo-1000 h\" data-fresco-caption=\"<span>Reflexion sur l'eau d'un lac de monagnes,Laghi del Piani, Alpes italiennes<\/span><br\/>F11, 1\/800 sec, 10 mm, ISO320, Canon EOS 7D\" data-fresco-group=\"slider-274\" data-fresco-group-options=\"thumbnails: false\"><img decoding=\"async\" src=\"https:\/\/www.ansermoz-photography.com\/wp-content\/gallery\/italie-tre-cime-dolomites\/tre-cime-italie-08.jpg\" alt=\"Reflexion sur l'eau d'un lac de monagnes,Laghi del Piani, Alpes italiennes\" \/><\/a><\/div><div class=\"col-12 col-md-6 col-lg-4 mb-4\"><a href=\"https:\/\/www.ansermoz-photography.com\/wp-content\/gallery\/italie-tre-cime-dolomites\/tre-cime-italie-09.jpg\" class=\"fresco  horizontal-photo-1000 h\" data-fresco-caption=\"<span>Impressionnants sommets dans les Dolomites, Alpes italiennes<\/span><br\/>F11, 1\/800 sec, 70 mm, ISO200, Canon EOS 7D Mark II\" data-fresco-group=\"slider-274\" data-fresco-group-options=\"thumbnails: false\"><img decoding=\"async\" src=\"https:\/\/www.ansermoz-photography.com\/wp-content\/gallery\/italie-tre-cime-dolomites\/tre-cime-italie-09.jpg\" alt=\"Impressionnants sommets dans les Dolomites, Alpes italiennes\" \/><\/a><\/div><div class=\"col-12 col-md-6 col-lg-4 mb-4\"><a href=\"https:\/\/www.ansermoz-photography.com\/wp-content\/gallery\/italie-tre-cime-dolomites\/tre-cime-italie-10.jpg\" class=\"fresco  horizontal-photo-1000 h\" data-fresco-caption=\"<span>Paysage de montagne dans les Alpes italiennes, Dolomites<\/span><br\/>F13, 1\/500 sec, 17 mm, ISO200, Canon EOS 7D Mark II\" data-fresco-group=\"slider-274\" data-fresco-group-options=\"thumbnails: false\"><img decoding=\"async\" src=\"https:\/\/www.ansermoz-photography.com\/wp-content\/gallery\/italie-tre-cime-dolomites\/tre-cime-italie-10.jpg\" alt=\"Paysage de montagne dans les Alpes italiennes, Dolomites\" \/><\/a><\/div><div class=\"col-12 col-md-6 col-lg-4 mb-4\"><a href=\"https:\/\/www.ansermoz-photography.com\/wp-content\/gallery\/italie-tre-cime-dolomites\/tre-cime-italie-11.jpg\" class=\"fresco  horizontal-photo-1000 h\" data-fresco-caption=\"<span>Randonn\u00e9e en Italie, Dolomites, Alpes<\/span><br\/>F13, 1\/500 sec, 17 mm, ISO200, Canon EOS 7D Mark II\" data-fresco-group=\"slider-274\" data-fresco-group-options=\"thumbnails: false\"><img decoding=\"async\" src=\"https:\/\/www.ansermoz-photography.com\/wp-content\/gallery\/italie-tre-cime-dolomites\/tre-cime-italie-11.jpg\" alt=\"Randonn\u00e9e en Italie, Dolomites, Alpes\" \/><\/a><\/div><div class=\"col-12 col-md-6 col-lg-4 mb-4\"><a href=\"https:\/\/www.ansermoz-photography.com\/wp-content\/gallery\/italie-tre-cime-dolomites\/tre-cime-italie-12.jpg\" class=\"fresco  horizontal-photo-1000 h\" data-fresco-caption=\"<span>Explorer les Dolomites en Italie, Tre Cime di Lavaredo<\/span><br\/>F14, 1\/400 sec, 10 mm, ISO200, Canon EOS 7D Mark II\" data-fresco-group=\"slider-274\" data-fresco-group-options=\"thumbnails: false\"><img decoding=\"async\" src=\"https:\/\/www.ansermoz-photography.com\/wp-content\/gallery\/italie-tre-cime-dolomites\/tre-cime-italie-12.jpg\" alt=\"Explorer les Dolomites en Italie, Tre Cime di Lavaredo\" \/><\/a><\/div>\t\t\t\t<\/div>\n\t\t\t\t\t\t\t<\/div>\n\t\t<\/div>\n\t\t<\/div>\n<p>Si vous avez appr\u00e9ci\u00e9 cet article sur le Tre Cime di Lavaredo, dans les Dolomites, en Italie, peut-\u00eatre que vous aimerez aussi ceux-ci \u00e9galement:<br \/>\n<a href=\"https:\/\/ansermoz-photography.com\/fr\/ou\/lago-di-braies-italie\/\" title=\"Lago Di Braies, Italie\">Lago Di Braies, Italie<\/a><br \/>\n<a href=\"https:\/\/ansermoz-photography.com\/fr\/ou\/dolomites-italie-val-di-funes\/\" title=\"Lago Di Braies, Italie\">Dolomites, Italie, Val di Funes<\/a><\/p>\n<p>Randonnez bien, prenez soin de vous et prenez des photos!<\/p>\n<\/div>","protected":false},"excerpt":{"rendered":"<p>Probablement les montagnes les plus c\u00e9l\u00e8bres des Dolomites, en Italie, le Tre Cime di Lavaredo (les Trois Cimes de Lavaredo) offrent un endroit id\u00e9al \u00e0 explorer, \u00e0 tous les randonneurs de montagne. Si vous pr\u00e9voyez de visiter les Alpes italiennes, je vous conseille de faire une randonn\u00e9e autour de ces trois sommets incroyables. La fronti\u00e8re entre le Tyrol du Sud et la province de Belluno passe par les sommets du Tre Cime di Lavaredo. Sur la photo principale, vous pouvez &hellip;<\/p>\n","protected":false},"author":1,"featured_media":558,"comment_status":"open","ping_status":"open","sticky":false,"template":"","format":"standard","meta":{"_acf_changed":false,"footnotes":""},"categories":[5],"tags":[345,344,293],"class_list":["post-557","post","type-post","status-publish","format-standard","has-post-thumbnail","hentry","category-where","tag-dolomites","tag-italia","tag-mountains"],"acf":[],"_links":{"self":[{"href":"https:\/\/www.ansermoz-photography.com\/fr\/wp-json\/wp\/v2\/posts\/557","targetHints":{"allow":["GET"]}}],"collection":[{"href":"https:\/\/www.ansermoz-photography.com\/fr\/wp-json\/wp\/v2\/posts"}],"about":[{"href":"https:\/\/www.ansermoz-photography.com\/fr\/wp-json\/wp\/v2\/types\/post"}],"author":[{"embeddable":true,"href":"https:\/\/www.ansermoz-photography.com\/fr\/wp-json\/wp\/v2\/users\/1"}],"replies":[{"embeddable":true,"href":"https:\/\/www.ansermoz-photography.com\/fr\/wp-json\/wp\/v2\/comments?post=557"}],"version-history":[{"count":0,"href":"https:\/\/www.ansermoz-photography.com\/fr\/wp-json\/wp\/v2\/posts\/557\/revisions"}],"wp:featuredmedia":[{"embeddable":true,"href":"https:\/\/www.ansermoz-photography.com\/fr\/wp-json\/wp\/v2\/media\/558"}],"wp:attachment":[{"href":"https:\/\/www.ansermoz-photography.com\/fr\/wp-json\/wp\/v2\/media?parent=557"}],"wp:term":[{"taxonomy":"category","embeddable":true,"href":"https:\/\/www.ansermoz-photography.com\/fr\/wp-json\/wp\/v2\/categories?post=557"},{"taxonomy":"post_tag","embeddable":true,"href":"https:\/\/www.ansermoz-photography.com\/fr\/wp-json\/wp\/v2\/tags?post=557"}],"curies":[{"name":"wp","href":"https:\/\/api.w.org\/{rel}","templated":true}]}}