{"id":561,"date":"2017-09-02T09:46:17","date_gmt":"2017-09-02T07:46:17","guid":{"rendered":"https:\/\/ansermoz-photography.com\/?p=561"},"modified":"2020-03-12T14:16:51","modified_gmt":"2020-03-12T14:16:51","slug":"haut-val-de-bagnes-valais-switzerland","status":"publish","type":"post","link":"https:\/\/www.ansermoz-photography.com\/fr\/ou\/haut-val-de-bagnes-valais-suisse\/","title":{"rendered":"Haut Val de Bagnes &#8211; Valais &#8211; Suisse"},"content":{"rendered":"<div class=\"the-content\"><p>Le <strong>Haut Val de Bagnes<\/strong>, dans le canton du <strong>Valais<\/strong> en <strong>Suisse<\/strong>, est une zone prot\u00e9g\u00e9e depuis 1968.<br \/>\nAvec une superficie de 150 km2, c&rsquo;est la deuxi\u00e8me plus grande r\u00e9serve naturelle de Suisse, parmi ses 1600 r\u00e9serves, apr\u00e8s celle du <a href=\"https:\/\/ansermoz-photography.com\/fr\/ou\/parc-national-zernez-suisse\/\" title=\"Parc National de Zernez, Suisse\">parc national de Zernez<\/a>.<br \/>\nUne randonn\u00e9e dans le Haut Val de Bagnes vous permettra de rencontrer la <a href=\"https:\/\/ansermoz-photography.com\/fr\/quoi\/faune-suisse\/\" title=\"Faune Suisse\">faune suisse<\/a> avec de nombreux bouquetins (r\u00e9introduit \u00e0 Bagnes d\u00e8s 1926), chamois et marmottes. Je n&rsquo;en ai pas vu beaucoup ce jour-l\u00e0, m\u00eame apr\u00e8s avoir explor\u00e9 ces montagnes depuis le lever du soleil, mais je ne fus pas si malchanceux.<br \/>\nEn montant jusqu&rsquo;au col de Termin (2648 m), j&rsquo;ai pu profiter de la vue sur les environs, y compris Le Grand Combin et son glacier, le lac de Mauvoisin et son barrage (le plus haut barrage vo\u00fbte d\u2019Europe).<\/p>\n<p>Le but de la randonn\u00e9e \u00e9tait d&rsquo;atteindre le Sentier des Chamois, en faisant une partie du tour des \u00e9curies \u00e0 vo\u00fbte (avec celles de la Louvie, et de Sovereu), conseill\u00e9 par mon ami L\u00e9o.<br \/>\nFinissant la journ\u00e9e au Haut Val de Bagnes, \u00e0 la <strong>cabane de Louvie<\/strong> devant le lac de Louvie, je profite d&rsquo;une boisson bien fra\u00eeche avec deux sympathiques randonneuses, Lauriane et R\u00e9anne, qui s&rsquo;\u00e9taient \u00e9galement pos\u00e9es l\u00e0.<br \/>\nQuelques instants pour reposer mes genoux qui m&rsquo;ont support\u00e9 avec le mat\u00e9riel photo, et il est temps d&rsquo;amorcer la descente bien raide.<\/p>\n<div class=\"photo-gallery-display row\">\t\t<div class=\"col-12 col-lg-12 content_gallery align-items-start justify-content-start gallery-masonry naf-pc-element mt-4 mb-4\" data-animatecss=\"fadeIn\">\n\t\t\t<div>\n\t\t\t\t\t\t\t\t<div class=\"row d-flex justify-content-center\">\n\t\t\t\t\t<div class=\"col-12 col-md-6 col-lg-4 mb-4\"><a href=\"https:\/\/www.ansermoz-photography.com\/wp-content\/gallery\/haut-val-bagnes-suisse\/val-de-bagnes-01.jpg\" class=\"fresco  horizontal-photo-1000 h\" data-fresco-caption=\"<span>Silhouette de chamois sur les cr\u00eates<\/span><br\/>F8, 1\/2500 sec, 600 mm, ISO1600, Canon EOS 7D Mark II\" data-fresco-group=\"slider-275\" data-fresco-group-options=\"thumbnails: false\"><img decoding=\"async\" src=\"https:\/\/www.ansermoz-photography.com\/wp-content\/gallery\/haut-val-bagnes-suisse\/val-de-bagnes-01.jpg\" alt=\"Silhouette de chamois sur les cr\u00eates\" \/><\/a><\/div><div class=\"col-12 col-md-6 col-lg-4 mb-4\"><a href=\"https:\/\/www.ansermoz-photography.com\/wp-content\/gallery\/haut-val-bagnes-suisse\/val-de-bagnes-02.jpg\" class=\"fresco  horizontal-photo-1000 h\" data-fresco-caption=\"<span>Val de Bagnes, ruisseau de montagne<\/span><br\/>F11, 1\/640 sec, 10 mm, ISO1600, Canon EOS 7D Mark II\" data-fresco-group=\"slider-275\" data-fresco-group-options=\"thumbnails: false\"><img decoding=\"async\" src=\"https:\/\/www.ansermoz-photography.com\/wp-content\/gallery\/haut-val-bagnes-suisse\/val-de-bagnes-02.jpg\" alt=\"Val de Bagnes, ruisseau de montagne\" \/><\/a><\/div><div class=\"col-12 col-md-6 col-lg-4 mb-4\"><a href=\"https:\/\/www.ansermoz-photography.com\/wp-content\/gallery\/haut-val-bagnes-suisse\/val-de-bagnes-03.jpg\" class=\"fresco  horizontal-photo-1000 h\" data-fresco-caption=\"<span>Val de Bagnes depuis les hauteurs, Valais, Suisse<\/span><br\/>F11, 1\/130 sec, 10 mm, ISO500, Canon EOS 7D Mark II\" data-fresco-group=\"slider-275\" data-fresco-group-options=\"thumbnails: false\"><img decoding=\"async\" src=\"https:\/\/www.ansermoz-photography.com\/wp-content\/gallery\/haut-val-bagnes-suisse\/val-de-bagnes-03.jpg\" alt=\"Val de Bagnes depuis les hauteurs, Valais, Suisse\" \/><\/a><\/div><div class=\"col-12 col-md-6 col-lg-4 mb-4\"><a href=\"https:\/\/www.ansermoz-photography.com\/wp-content\/gallery\/haut-val-bagnes-suisse\/val-de-bagnes-04.jpg\" class=\"fresco  horizontal-photo-1000 h\" data-fresco-caption=\"<span>Col du Bec d'aigle, 2567m<\/span><br\/>F9, 1\/640 sec, 10 mm, ISO500, Canon EOS 7D Mark II\" data-fresco-group=\"slider-275\" data-fresco-group-options=\"thumbnails: false\"><img decoding=\"async\" src=\"https:\/\/www.ansermoz-photography.com\/wp-content\/gallery\/haut-val-bagnes-suisse\/val-de-bagnes-04.jpg\" alt=\"Col du Bec d'aigle, 2567m\" \/><\/a><\/div><div class=\"col-12 col-md-6 col-lg-4 mb-4\"><a href=\"https:\/\/www.ansermoz-photography.com\/wp-content\/gallery\/haut-val-bagnes-suisse\/val-de-bagnes-05.jpg\" class=\"fresco  horizontal-photo-1000 h\" data-fresco-caption=\"<span>Lac de Louvie, Valais, Suisse<\/span><br\/>F11, 1\/320 sec, 230 mm, ISO500, Canon EOS 7D Mark II\" data-fresco-group=\"slider-275\" data-fresco-group-options=\"thumbnails: false\"><img decoding=\"async\" src=\"https:\/\/www.ansermoz-photography.com\/wp-content\/gallery\/haut-val-bagnes-suisse\/val-de-bagnes-05.jpg\" alt=\"Lac de Louvie, Valais, Suisse\" \/><\/a><\/div><div class=\"col-12 col-md-6 col-lg-4 mb-4\"><a href=\"https:\/\/www.ansermoz-photography.com\/wp-content\/gallery\/haut-val-bagnes-suisse\/val-de-bagnes-06.jpg\" class=\"fresco  horizontal-photo-1000 h\" data-fresco-caption=\"<span>Chamois dans le Haut Val de Bagnes, faune suisse<\/span><br\/>F6.3, 1\/500 sec, 600 mm, ISO500, Canon EOS 7D Mark II\" data-fresco-group=\"slider-275\" data-fresco-group-options=\"thumbnails: false\"><img decoding=\"async\" src=\"https:\/\/www.ansermoz-photography.com\/wp-content\/gallery\/haut-val-bagnes-suisse\/val-de-bagnes-06.jpg\" alt=\"Chamois dans le Haut Val de Bagnes, faune suisse\" \/><\/a><\/div><div class=\"col-12 col-md-6 col-lg-4 mb-4\"><a href=\"https:\/\/www.ansermoz-photography.com\/wp-content\/gallery\/haut-val-bagnes-suisse\/val-de-bagnes-07.jpg\" class=\"fresco  horizontal-photo-1000 h\" data-fresco-caption=\"<span>Rayon de soleil sur un pissenlit dans les montagnes<\/span><br\/>F6.3, 1\/1000 sec, 600 mm, ISO500, Canon EOS 7D Mark II\" data-fresco-group=\"slider-275\" data-fresco-group-options=\"thumbnails: false\"><img decoding=\"async\" src=\"https:\/\/www.ansermoz-photography.com\/wp-content\/gallery\/haut-val-bagnes-suisse\/val-de-bagnes-07.jpg\" alt=\"Rayon de soleil sur un pissenlit dans les montagnes\" \/><\/a><\/div><div class=\"col-12 col-md-6 col-lg-4 mb-4\"><a href=\"https:\/\/www.ansermoz-photography.com\/wp-content\/gallery\/haut-val-bagnes-suisse\/val-de-bagnes-08.jpg\" class=\"fresco  horizontal-photo-1000 h\" data-fresco-caption=\"<span>Cornes de bouquetin derri\u00e8re un rocher, observer la faune<\/span><br\/>F6.3, 1\/500 sec, 600 mm, ISO500, Canon EOS 7D Mark II\" data-fresco-group=\"slider-275\" data-fresco-group-options=\"thumbnails: false\"><img decoding=\"async\" src=\"https:\/\/www.ansermoz-photography.com\/wp-content\/gallery\/haut-val-bagnes-suisse\/val-de-bagnes-08.jpg\" alt=\"Cornes de bouquetin derri\u00e8re un rocher, observer la faune\" \/><\/a><\/div><div class=\"col-12 col-md-6 col-lg-4 mb-4\"><a href=\"https:\/\/www.ansermoz-photography.com\/wp-content\/gallery\/haut-val-bagnes-suisse\/val-de-bagnes-09.jpg\" class=\"fresco  horizontal-photo-1000 h\" data-fresco-caption=\"<span>Lac de Louvie, Haut Val de Bagnes<\/span><br\/>F13, 1\/800 sec, 11 mm, ISO400, Canon EOS 7D Mark II\" data-fresco-group=\"slider-275\" data-fresco-group-options=\"thumbnails: false\"><img decoding=\"async\" src=\"https:\/\/www.ansermoz-photography.com\/wp-content\/gallery\/haut-val-bagnes-suisse\/val-de-bagnes-09.jpg\" alt=\"Lac de Louvie, Haut Val de Bagnes\" \/><\/a><\/div><div class=\"col-12 col-md-6 col-lg-4 mb-4\"><a href=\"https:\/\/www.ansermoz-photography.com\/wp-content\/gallery\/haut-val-bagnes-suisse\/val-de-bagnes-10.jpg\" class=\"fresco  vertical-photo vertical-photo-1000 v\" data-fresco-caption=\"<span>Faucon cr\u00e9cerelle en vol<\/span><br\/>F6.3, 1\/2500 sec, 600 mm, ISO500, Canon EOS 7D Mark II\" data-fresco-group=\"slider-275\" data-fresco-group-options=\"thumbnails: false\"><img decoding=\"async\" src=\"https:\/\/www.ansermoz-photography.com\/wp-content\/gallery\/haut-val-bagnes-suisse\/val-de-bagnes-10.jpg\" alt=\"Faucon cr\u00e9cerelle en vol\" \/><\/a><\/div><div class=\"col-12 col-md-6 col-lg-4 mb-4\"><a href=\"https:\/\/www.ansermoz-photography.com\/wp-content\/gallery\/haut-val-bagnes-suisse\/val-de-bagnes-11.jpg\" class=\"fresco  horizontal-photo-1000 h\" data-fresco-caption=\"<span>Lac de Louvie, Haut Val de Bagnes, lac de Mauvoisin en fond<\/span><br\/>F10, 1\/320 sec, 10 mm, ISO400, Canon EOS 7D Mark II\" data-fresco-group=\"slider-275\" data-fresco-group-options=\"thumbnails: false\"><img decoding=\"async\" src=\"https:\/\/www.ansermoz-photography.com\/wp-content\/gallery\/haut-val-bagnes-suisse\/val-de-bagnes-11.jpg\" alt=\"Lac de Louvie, Haut Val de Bagnes, lac de Mauvoisin en fond\" \/><\/a><\/div><div class=\"col-12 col-md-6 col-lg-4 mb-4\"><a href=\"https:\/\/www.ansermoz-photography.com\/wp-content\/gallery\/haut-val-bagnes-suisse\/val-de-bagnes-12.jpg\" class=\"fresco  horizontal-photo-1000 h\" data-fresco-caption=\"<span>Sentier de randonn\u00e9e dans le Haut Val de Bagnes<\/span><br\/>F13, 1\/400 sec, 10 mm, ISO400, Canon EOS 7D Mark II\" data-fresco-group=\"slider-275\" data-fresco-group-options=\"thumbnails: false\"><img decoding=\"async\" src=\"https:\/\/www.ansermoz-photography.com\/wp-content\/gallery\/haut-val-bagnes-suisse\/val-de-bagnes-12.jpg\" alt=\"Sentier de randonn\u00e9e dans le Haut Val de Bagnes\" \/><\/a><\/div><div class=\"col-12 col-md-6 col-lg-4 mb-4\"><a href=\"https:\/\/www.ansermoz-photography.com\/wp-content\/gallery\/haut-val-bagnes-suisse\/val-de-bagnes-13.jpg\" class=\"fresco  horizontal-photo-1000 h\" data-fresco-caption=\"<span>Vue sur la vall\u00e9e du Val de Bagnes depuis les sommets<\/span><br\/>F13, 1\/640 sec, 10 mm, ISO400, Canon EOS 7D Mark II\" data-fresco-group=\"slider-275\" data-fresco-group-options=\"thumbnails: false\"><img decoding=\"async\" src=\"https:\/\/www.ansermoz-photography.com\/wp-content\/gallery\/haut-val-bagnes-suisse\/val-de-bagnes-13.jpg\" alt=\"Vue sur la vall\u00e9e du Val de Bagnes depuis les sommets\" \/><\/a><\/div><div class=\"col-12 col-md-6 col-lg-4 mb-4\"><a href=\"https:\/\/www.ansermoz-photography.com\/wp-content\/gallery\/haut-val-bagnes-suisse\/val-de-bagnes-14.jpg\" class=\"fresco  horizontal-photo-1000 h\" data-fresco-caption=\"<span>Bouquetin, r\u00e9introduit \u00e0 Bagnes d\u00e8s 1926<\/span><br\/>F6.3, 1\/400 sec, 600 mm, ISO500, Canon EOS 7D Mark II\" data-fresco-group=\"slider-275\" data-fresco-group-options=\"thumbnails: false\"><img decoding=\"async\" src=\"https:\/\/www.ansermoz-photography.com\/wp-content\/gallery\/haut-val-bagnes-suisse\/val-de-bagnes-14.jpg\" alt=\"Bouquetin, r\u00e9introduit \u00e0 Bagnes d\u00e8s 1926\" \/><\/a><\/div><div class=\"col-12 col-md-6 col-lg-4 mb-4\"><a href=\"https:\/\/www.ansermoz-photography.com\/wp-content\/gallery\/haut-val-bagnes-suisse\/val-de-bagnes-15.jpg\" class=\"fresco  horizontal-photo-1000 h\" data-fresco-caption=\"<span>Le Grand Combin et son glacier, le lac de Mauvoisin et son barrage (\u00e0 gauche)<\/span><br\/>F9, 1\/1250 sec, 17 mm, ISO400, Canon EOS 7D Mark II\" data-fresco-group=\"slider-275\" data-fresco-group-options=\"thumbnails: false\"><img decoding=\"async\" src=\"https:\/\/www.ansermoz-photography.com\/wp-content\/gallery\/haut-val-bagnes-suisse\/val-de-bagnes-15.jpg\" alt=\"Le Grand Combin et son glacier, le lac de Mauvoisin et son barrage (\u00e0 gauche)\" \/><\/a><\/div><div class=\"col-12 col-md-6 col-lg-4 mb-4\"><a href=\"https:\/\/www.ansermoz-photography.com\/wp-content\/gallery\/haut-val-bagnes-suisse\/val-de-bagnes-16.jpg\" class=\"fresco  horizontal-photo-1000 h\" data-fresco-caption=\"<span>L'Apollon (Parnassius apollo), papillon des montagnes<\/span><br\/>F9, 1\/1600 sec, 70 mm, ISO400, Canon EOS 7D Mark II\" data-fresco-group=\"slider-275\" data-fresco-group-options=\"thumbnails: false\"><img decoding=\"async\" src=\"https:\/\/www.ansermoz-photography.com\/wp-content\/gallery\/haut-val-bagnes-suisse\/val-de-bagnes-16.jpg\" alt=\"L'Apollon (Parnassius apollo), papillon des montagnes\" \/><\/a><\/div><div class=\"col-12 col-md-6 col-lg-4 mb-4\"><a href=\"https:\/\/www.ansermoz-photography.com\/wp-content\/gallery\/haut-val-bagnes-suisse\/val-de-bagnes-17.jpg\" class=\"fresco  horizontal-photo-1000 h\" data-fresco-caption=\"<span>Cabane de Louvie devant le lac de Louvie<\/span><br\/>F7.1, 1\/1250 sec, 17 mm, ISO400, Canon EOS 7D Mark II\" data-fresco-group=\"slider-275\" data-fresco-group-options=\"thumbnails: false\"><img decoding=\"async\" src=\"https:\/\/www.ansermoz-photography.com\/wp-content\/gallery\/haut-val-bagnes-suisse\/val-de-bagnes-17.jpg\" alt=\"Cabane de Louvie devant le lac de Louvie\" \/><\/a><\/div><div class=\"col-12 col-md-6 col-lg-4 mb-4\"><a href=\"https:\/\/www.ansermoz-photography.com\/wp-content\/gallery\/haut-val-bagnes-suisse\/val-de-bagnes-18.jpg\" class=\"fresco  horizontal-photo-1000 h\" data-fresco-caption=\"<span>Marmotte dans le Haut Val de Bagnes<\/span><br\/>F6.3, 1\/800 sec, 512 mm, ISO3200, Canon EOS 7D Mark II\" data-fresco-group=\"slider-275\" data-fresco-group-options=\"thumbnails: false\"><img decoding=\"async\" src=\"https:\/\/www.ansermoz-photography.com\/wp-content\/gallery\/haut-val-bagnes-suisse\/val-de-bagnes-18.jpg\" alt=\"Marmotte dans le Haut Val de Bagnes\" \/><\/a><\/div><div class=\"col-12 col-md-6 col-lg-4 mb-4\"><a href=\"https:\/\/www.ansermoz-photography.com\/wp-content\/gallery\/haut-val-bagnes-suisse\/val-de-bagnes-19.jpg\" class=\"fresco  vertical-photo vertical-photo-1000 v\" data-fresco-caption=\"<span>Cascade le long des falaises du Val de Bagnes, Valais, Suisse<\/span><br\/>F7.1, 1\/250 sec, 70 mm, ISO400, Canon EOS 7D Mark II\" data-fresco-group=\"slider-275\" data-fresco-group-options=\"thumbnails: false\"><img decoding=\"async\" src=\"https:\/\/www.ansermoz-photography.com\/wp-content\/gallery\/haut-val-bagnes-suisse\/val-de-bagnes-19.jpg\" alt=\"Cascade le long des falaises du Val de Bagnes, Valais, Suisse\" \/><\/a><\/div>\t\t\t\t<\/div>\n\t\t\t\t\t\t\t<\/div>\n\t\t<\/div>\n\t\t<\/div>\n<p>J\u2019esp\u00e8re que vous aimez mes photos du Haut Val de Bagnes, dans le canton du Valais en Suisse. Peut-\u00eatre qu&rsquo;elles vous motiveront \u00e0 venir y faire de la randonn\u00e9e pour profiter et respecter sa nature et de sa faune.<\/p>\n<\/div>","protected":false},"excerpt":{"rendered":"<p>Le Haut Val de Bagnes, dans le canton du Valais en Suisse, est une zone prot\u00e9g\u00e9e depuis 1968. Avec une superficie de 150 km2, c&rsquo;est la deuxi\u00e8me plus grande r\u00e9serve naturelle de Suisse, parmi ses 1600 r\u00e9serves, apr\u00e8s celle du parc national de Zernez. Une randonn\u00e9e dans le Haut Val de Bagnes vous permettra de rencontrer la faune suisse avec de nombreux bouquetins (r\u00e9introduit \u00e0 Bagnes d\u00e8s 1926), chamois et marmottes. Je n&rsquo;en ai pas vu beaucoup ce jour-l\u00e0, m\u00eame &hellip;<\/p>\n","protected":false},"author":1,"featured_media":562,"comment_status":"open","ping_status":"open","sticky":false,"template":"","format":"standard","meta":{"_acf_changed":false,"footnotes":""},"categories":[5],"tags":[124,257,121],"class_list":["post-561","post","type-post","status-publish","format-standard","has-post-thumbnail","hentry","category-where","tag-hiking","tag-switzerland","tag-wildlife-photography"],"acf":[],"_links":{"self":[{"href":"https:\/\/www.ansermoz-photography.com\/fr\/wp-json\/wp\/v2\/posts\/561","targetHints":{"allow":["GET"]}}],"collection":[{"href":"https:\/\/www.ansermoz-photography.com\/fr\/wp-json\/wp\/v2\/posts"}],"about":[{"href":"https:\/\/www.ansermoz-photography.com\/fr\/wp-json\/wp\/v2\/types\/post"}],"author":[{"embeddable":true,"href":"https:\/\/www.ansermoz-photography.com\/fr\/wp-json\/wp\/v2\/users\/1"}],"replies":[{"embeddable":true,"href":"https:\/\/www.ansermoz-photography.com\/fr\/wp-json\/wp\/v2\/comments?post=561"}],"version-history":[{"count":0,"href":"https:\/\/www.ansermoz-photography.com\/fr\/wp-json\/wp\/v2\/posts\/561\/revisions"}],"wp:featuredmedia":[{"embeddable":true,"href":"https:\/\/www.ansermoz-photography.com\/fr\/wp-json\/wp\/v2\/media\/562"}],"wp:attachment":[{"href":"https:\/\/www.ansermoz-photography.com\/fr\/wp-json\/wp\/v2\/media?parent=561"}],"wp:term":[{"taxonomy":"category","embeddable":true,"href":"https:\/\/www.ansermoz-photography.com\/fr\/wp-json\/wp\/v2\/categories?post=561"},{"taxonomy":"post_tag","embeddable":true,"href":"https:\/\/www.ansermoz-photography.com\/fr\/wp-json\/wp\/v2\/tags?post=561"}],"curies":[{"name":"wp","href":"https:\/\/api.w.org\/{rel}","templated":true}]}}