{"id":611,"date":"2019-02-12T12:11:40","date_gmt":"2019-02-12T12:11:40","guid":{"rendered":"https:\/\/ansermoz-photography.com\/?p=611"},"modified":"2020-03-11T12:52:55","modified_gmt":"2020-03-11T12:52:55","slug":"mont-avic-natural-park-italy","status":"publish","type":"post","link":"https:\/\/www.ansermoz-photography.com\/fr\/ou\/parc-naturel-du-mont-avic-italie\/","title":{"rendered":"Parc Naturel du Mont Avic, Italie"},"content":{"rendered":"<div class=\"the-content\"><p>En <strong>Italie<\/strong>, le <strong>parc naturel du Mont-Avic<\/strong> est le premier parc naturel r\u00e9gional de la Vall\u00e9e d\u2019Aoste, et se situe juste \u00e0 c\u00f4t\u00e9 du <strong>Parc national du Grand-Paradis<\/strong>.<br \/>\nCette aire prot\u00e9g\u00e9e inclue partiellement les communes de Champdepraz et de Champorcher.<br \/>\nCouvrant plus de 980 hectares, le parc naturel du Mont-Avic abrite la plus vaste for\u00eat de pins de montagnes de la <strong>Vall\u00e9e d&rsquo;Aoste<\/strong>.<br \/>\nDe part l\u2019irr\u00e9gularit\u00e9 du terrain, ce qui rend le parc naturel du Mont-Avic moins accessible aux touristes, le parc poss\u00e8de une faune et une flore vari\u00e9es et pr\u00e9serv\u00e9es.<br \/>\nOn y retrouve des esp\u00e8ces typiques de mammif\u00e8res alpins comme le bouquetin, le chamois et la marmotte, qui peuvent evoluer dans les vastes for\u00eats de pins sylvestres, de pins \u00e0 crochet, de m\u00e9l\u00e8zes et de h\u00eatres.<br \/>\nLa presence de lacs glaciaires d\u2019altitude, de rivi\u00e9res, de mar\u00e9cages et tourbi\u00e8res, mais aussi de prairies alpines et de terrains rocheux, fait du parc naturel du Mont-Avic un espace de nature riche en d\u00e9couverte.<\/p>\n<div class=\"photo-gallery-display row\">\t\t<div class=\"col-12 col-lg-12 content_gallery align-items-start justify-content-start gallery-masonry naf-pc-element mt-4 mb-4\" data-animatecss=\"fadeIn\">\n\t\t\t<div>\n\t\t\t\t\t\t\t\t<div class=\"row d-flex justify-content-center\">\n\t\t\t\t\t<div class=\"col-12 col-md-6 col-lg-4 mb-4\"><a href=\"https:\/\/www.ansermoz-photography.com\/wp-content\/gallery\/mont-avic-parc-photos\/mont-avic-parc-italie-003.jpg\" class=\"fresco  horizontal-photo-1000 h\" data-fresco-caption=\"<span>Lago Bianco dans le Parc du Mont Avic<\/span><br\/>F16, 1\/130 sec, 10 mm, ISO100, Canon EOS 7D\" data-fresco-group=\"slider-300\" data-fresco-group-options=\"thumbnails: false\"><img decoding=\"async\" src=\"https:\/\/www.ansermoz-photography.com\/wp-content\/gallery\/mont-avic-parc-photos\/mont-avic-parc-italie-003.jpg\" alt=\"Lago Bianco dans le Parc du Mont Avic\" \/><\/a><\/div><div class=\"col-12 col-md-6 col-lg-4 mb-4\"><a href=\"https:\/\/www.ansermoz-photography.com\/wp-content\/gallery\/mont-avic-parc-photos\/mont-avic-parc-italie-01.jpg\" class=\"fresco  horizontal-photo-1000 h\" data-fresco-caption=\"<span>Randonn\u00e9e au Parc du Mont Avic, Italie, en traversant des rivi\u00e8res<\/span><br\/>F16, 1\/60 sec, 10 mm, ISO100, Canon EOS 7D\" data-fresco-group=\"slider-300\" data-fresco-group-options=\"thumbnails: false\"><img decoding=\"async\" src=\"https:\/\/www.ansermoz-photography.com\/wp-content\/gallery\/mont-avic-parc-photos\/mont-avic-parc-italie-01.jpg\" alt=\"Randonn\u00e9e au Parc du Mont Avic, Italie, en traversant des rivi\u00e8res\" \/><\/a><\/div><div class=\"col-12 col-md-6 col-lg-4 mb-4\"><a href=\"https:\/\/www.ansermoz-photography.com\/wp-content\/gallery\/mont-avic-parc-photos\/mont-avic-parc-italie-02.jpg\" class=\"fresco  horizontal-photo-1000 h\" data-fresco-caption=\"<span>Lago Bianco (Lac Blanc) au parc du Mont Avic, Italie<\/span><br\/>F11, 1\/200 sec, 10 mm, ISO100, Canon EOS 7D\" data-fresco-group=\"slider-300\" data-fresco-group-options=\"thumbnails: false\"><img decoding=\"async\" src=\"https:\/\/www.ansermoz-photography.com\/wp-content\/gallery\/mont-avic-parc-photos\/mont-avic-parc-italie-02.jpg\" alt=\"Lago Bianco (Lac Blanc) au parc du Mont Avic, Italie\" \/><\/a><\/div><div class=\"col-12 col-md-6 col-lg-4 mb-4\"><a href=\"https:\/\/www.ansermoz-photography.com\/wp-content\/gallery\/mont-avic-parc-photos\/mont-avic-parc-italie-04.jpg\" class=\"fresco  horizontal-photo-1000 h\" data-fresco-caption=\"<span>Encore de la neige au Mont Avic, offrant un paysage spectaculaire<\/span><br\/>F11, 1\/80 sec, 10 mm, ISO100, Canon EOS 7D\" data-fresco-group=\"slider-300\" data-fresco-group-options=\"thumbnails: false\"><img decoding=\"async\" src=\"https:\/\/www.ansermoz-photography.com\/wp-content\/gallery\/mont-avic-parc-photos\/mont-avic-parc-italie-04.jpg\" alt=\"Encore de la neige au Mont Avic, offrant un paysage spectaculaire\" \/><\/a><\/div><div class=\"col-12 col-md-6 col-lg-4 mb-4\"><a href=\"https:\/\/www.ansermoz-photography.com\/wp-content\/gallery\/mont-avic-parc-photos\/mont-avic-parc-italie-05.jpg\" class=\"fresco  horizontal-photo-1000 h\" data-fresco-caption=\"<span>Fleur de mel\u00e8ze (c\u00f4ne), Flore alpine<\/span><br\/>F5, 1\/400 sec, 70 mm, ISO400, Canon EOS 7D\" data-fresco-group=\"slider-300\" data-fresco-group-options=\"thumbnails: false\"><img decoding=\"async\" src=\"https:\/\/www.ansermoz-photography.com\/wp-content\/gallery\/mont-avic-parc-photos\/mont-avic-parc-italie-05.jpg\" alt=\"Fleur de mel\u00e8ze (c\u00f4ne), Flore alpine\" \/><\/a><\/div><div class=\"col-12 col-md-6 col-lg-4 mb-4\"><a href=\"https:\/\/www.ansermoz-photography.com\/wp-content\/gallery\/mont-avic-parc-photos\/mont-avic-parc-italie-06.jpg\" class=\"fresco  vertical-photo vertical-photo-1000 v\" data-fresco-caption=\"<span>Rivi\u00e8re de montagne, du Lago Comuto (Lac Cornu) au Lago Bianco, Parc du Mont Avic<\/span><br\/>F9, 1\/50 sec, 25 mm, ISO125, Canon EOS 7D\" data-fresco-group=\"slider-300\" data-fresco-group-options=\"thumbnails: false\"><img decoding=\"async\" src=\"https:\/\/www.ansermoz-photography.com\/wp-content\/gallery\/mont-avic-parc-photos\/mont-avic-parc-italie-06.jpg\" alt=\"Rivi\u00e8re de montagne, du Lago Comuto (Lac Cornu) au Lago Bianco, Parc du Mont Avic\" \/><\/a><\/div><div class=\"col-12 col-md-6 col-lg-4 mb-4\"><a href=\"https:\/\/www.ansermoz-photography.com\/wp-content\/gallery\/mont-avic-parc-photos\/mont-avic-parc-italie-07.jpg\" class=\"fresco  horizontal-photo-1000 h\" data-fresco-caption=\"<span>R\u00e9flexion sur l'eau d'un lac de montagne, Lac Lago Muff\u00e8<\/span><br\/>F11, 1\/250 sec, 17 mm, ISO640, Canon EOS 7D\" data-fresco-group=\"slider-300\" data-fresco-group-options=\"thumbnails: false\"><img decoding=\"async\" src=\"https:\/\/www.ansermoz-photography.com\/wp-content\/gallery\/mont-avic-parc-photos\/mont-avic-parc-italie-07.jpg\" alt=\"R\u00e9flexion sur l'eau d'un lac de montagne, Lac Lago Muff\u00e8\" \/><\/a><\/div><div class=\"col-12 col-md-6 col-lg-4 mb-4\"><a href=\"https:\/\/www.ansermoz-photography.com\/wp-content\/gallery\/mont-avic-parc-photos\/mont-avic-parc-italie-08.jpg\" class=\"fresco  horizontal-photo-1000 h\" data-fresco-caption=\"<span>Radonner au Parc du Mont Avic, Italie<\/span><br\/>F11, 1\/100 sec, 10 mm, ISO100, Canon EOS 7D\" data-fresco-group=\"slider-300\" data-fresco-group-options=\"thumbnails: false\"><img decoding=\"async\" src=\"https:\/\/www.ansermoz-photography.com\/wp-content\/gallery\/mont-avic-parc-photos\/mont-avic-parc-italie-08.jpg\" alt=\"Radonner au Parc du Mont Avic, Italie\" \/><\/a><\/div><div class=\"col-12 col-md-6 col-lg-4 mb-4\"><a href=\"https:\/\/www.ansermoz-photography.com\/wp-content\/gallery\/mont-avic-parc-photos\/mont-avic-parc-italie-09.jpg\" class=\"fresco  horizontal-photo-1000 h\" data-fresco-caption=\"<span>Exposition longue sur une cascade<\/span><br\/>F14, 1\/10 sec, 70 mm, ISO100, Canon EOS 7D\" data-fresco-group=\"slider-300\" data-fresco-group-options=\"thumbnails: false\"><img decoding=\"async\" src=\"https:\/\/www.ansermoz-photography.com\/wp-content\/gallery\/mont-avic-parc-photos\/mont-avic-parc-italie-09.jpg\" alt=\"Exposition longue sur une cascade\" \/><\/a><\/div><div class=\"col-12 col-md-6 col-lg-4 mb-4\"><a href=\"https:\/\/www.ansermoz-photography.com\/wp-content\/gallery\/mont-avic-parc-photos\/mont-avic-parc-italie-10.jpg\" class=\"fresco  horizontal-photo-1000 h\" data-fresco-caption=\"<span>Fleurs sauvages dans les montagnes, Mont Avic<\/span><br\/>F11, 1\/80 sec, 10 mm, ISO100, Canon EOS 7D\" data-fresco-group=\"slider-300\" data-fresco-group-options=\"thumbnails: false\"><img decoding=\"async\" src=\"https:\/\/www.ansermoz-photography.com\/wp-content\/gallery\/mont-avic-parc-photos\/mont-avic-parc-italie-10.jpg\" alt=\"Fleurs sauvages dans les montagnes, Mont Avic\" \/><\/a><\/div><div class=\"col-12 col-md-6 col-lg-4 mb-4\"><a href=\"https:\/\/www.ansermoz-photography.com\/wp-content\/gallery\/mont-avic-parc-photos\/mont-avic-parc-italie-11.jpg\" class=\"fresco  horizontal-photo-1000 h\" data-fresco-caption=\"<span>Lac Lago Muff\u00e8 au Mont Avic, Italie<\/span><br\/>F11, 1\/50 sec, 10 mm, ISO640, Canon EOS 7D\" data-fresco-group=\"slider-300\" data-fresco-group-options=\"thumbnails: false\"><img decoding=\"async\" src=\"https:\/\/www.ansermoz-photography.com\/wp-content\/gallery\/mont-avic-parc-photos\/mont-avic-parc-italie-11.jpg\" alt=\"Lac Lago Muff\u00e8 au Mont Avic, Italie\" \/><\/a><\/div><div class=\"col-12 col-md-6 col-lg-4 mb-4\"><a href=\"https:\/\/www.ansermoz-photography.com\/wp-content\/gallery\/mont-avic-parc-photos\/mont-avic-parc-italie-12.jpg\" class=\"fresco  horizontal-photo-1000 h\" data-fresco-caption=\"<span>Montagne dans les nuages, Mont Avic<\/span><br\/>F11, 1\/400 sec, 10 mm, ISO250, Canon EOS 7D\" data-fresco-group=\"slider-300\" data-fresco-group-options=\"thumbnails: false\"><img decoding=\"async\" src=\"https:\/\/www.ansermoz-photography.com\/wp-content\/gallery\/mont-avic-parc-photos\/mont-avic-parc-italie-12.jpg\" alt=\"Montagne dans les nuages, Mont Avic\" \/><\/a><\/div><div class=\"col-12 col-md-6 col-lg-4 mb-4\"><a href=\"https:\/\/www.ansermoz-photography.com\/wp-content\/gallery\/mont-avic-parc-photos\/mont-avic-parc-italie-13.jpg\" class=\"fresco  horizontal-photo-1000 h\" data-fresco-caption=\"<span>Photographie de paysage en Italie, au Mont Avic, Aoste<\/span><br\/>F11, 1\/1250 sec, 12 mm, ISO250, Canon EOS 7D\" data-fresco-group=\"slider-300\" data-fresco-group-options=\"thumbnails: false\"><img decoding=\"async\" src=\"https:\/\/www.ansermoz-photography.com\/wp-content\/gallery\/mont-avic-parc-photos\/mont-avic-parc-italie-13.jpg\" alt=\"Photographie de paysage en Italie, au Mont Avic, Aoste\" \/><\/a><\/div><div class=\"col-12 col-md-6 col-lg-4 mb-4\"><a href=\"https:\/\/www.ansermoz-photography.com\/wp-content\/gallery\/mont-avic-parc-photos\/mont-avic-parc-italie-14.jpg\" class=\"fresco  horizontal-photo-1000 h\" data-fresco-caption=\"<span>Fleur blanche des Alpes avec 4 p\u00e9tales, hutchinsie des Alpes (Hornungia alpina ?)<\/span><br\/>F5.6, 1\/800 sec, 53 mm, ISO640, Canon EOS 7D\" data-fresco-group=\"slider-300\" data-fresco-group-options=\"thumbnails: false\"><img decoding=\"async\" src=\"https:\/\/www.ansermoz-photography.com\/wp-content\/gallery\/mont-avic-parc-photos\/mont-avic-parc-italie-14.jpg\" alt=\"Fleur blanche des Alpes avec 4 p\u00e9tales, hutchinsie des Alpes (Hornungia alpina ?)\" \/><\/a><\/div><div class=\"col-12 col-md-6 col-lg-4 mb-4\"><a href=\"https:\/\/www.ansermoz-photography.com\/wp-content\/gallery\/mont-avic-parc-photos\/mont-avic-parc-italie-15.jpg\" class=\"fresco  horizontal-photo-1000 h\" data-fresco-caption=\"<span>Descente sur les sentiers du Parc du Mont Avic, Italie<\/span><br\/>F11, 1\/250 sec, 10 mm, ISO250, Canon EOS 7D\" data-fresco-group=\"slider-300\" data-fresco-group-options=\"thumbnails: false\"><img decoding=\"async\" src=\"https:\/\/www.ansermoz-photography.com\/wp-content\/gallery\/mont-avic-parc-photos\/mont-avic-parc-italie-15.jpg\" alt=\"Descente sur les sentiers du Parc du Mont Avic, Italie\" \/><\/a><\/div>\t\t\t\t<\/div>\n\t\t\t\t\t\t\t<\/div>\n\t\t<\/div>\n\t\t<\/div>\n<p>J\u2019esp\u00e8re que vous avez aim\u00e9 mes photos du <strong>Parc Naturel du Mont Avic,<\/strong> en <strong>Italie<\/strong>.<br \/>\nAvec encore beaucoup de neige par endroits \u00e0 cette \u00e9poque de l&rsquo;ann\u00e9e, je n&rsquo;ai pas eu la chance de croiser beaucoup d&rsquo;animaux lors de ma randonn\u00e9e dans le parc.<br \/>\nParfois cach\u00e9s sous la neige, et donc potentiellement dangeureux, les sentiers p\u00e9destres offrent un paysage vari\u00e9 et spectaculaire.<br \/>\nJe vous invite donc \u00e0 venir explorer respectueusement le Parc Naturel du Mont Avic, en Italie, et admirer sa faune et sa flore.<\/p>\n<\/div>","protected":false},"excerpt":{"rendered":"<p>En Italie, le parc naturel du Mont-Avic est le premier parc naturel r\u00e9gional de la Vall\u00e9e d\u2019Aoste, et se situe juste \u00e0 c\u00f4t\u00e9 du Parc national du Grand-Paradis. Cette aire prot\u00e9g\u00e9e inclue partiellement les communes de Champdepraz et de Champorcher. Couvrant plus de 980 hectares, le parc naturel du Mont-Avic abrite la plus vaste for\u00eat de pins de montagnes de la Vall\u00e9e d&rsquo;Aoste. De part l\u2019irr\u00e9gularit\u00e9 du terrain, ce qui rend le parc naturel du Mont-Avic moins accessible aux touristes, &hellip;<\/p>\n","protected":false},"author":1,"featured_media":612,"comment_status":"closed","ping_status":"open","sticky":false,"template":"","format":"standard","meta":{"_acf_changed":false,"footnotes":""},"categories":[5],"tags":[344],"class_list":["post-611","post","type-post","status-publish","format-standard","has-post-thumbnail","hentry","category-where","tag-italia"],"acf":[],"_links":{"self":[{"href":"https:\/\/www.ansermoz-photography.com\/fr\/wp-json\/wp\/v2\/posts\/611","targetHints":{"allow":["GET"]}}],"collection":[{"href":"https:\/\/www.ansermoz-photography.com\/fr\/wp-json\/wp\/v2\/posts"}],"about":[{"href":"https:\/\/www.ansermoz-photography.com\/fr\/wp-json\/wp\/v2\/types\/post"}],"author":[{"embeddable":true,"href":"https:\/\/www.ansermoz-photography.com\/fr\/wp-json\/wp\/v2\/users\/1"}],"replies":[{"embeddable":true,"href":"https:\/\/www.ansermoz-photography.com\/fr\/wp-json\/wp\/v2\/comments?post=611"}],"version-history":[{"count":0,"href":"https:\/\/www.ansermoz-photography.com\/fr\/wp-json\/wp\/v2\/posts\/611\/revisions"}],"wp:featuredmedia":[{"embeddable":true,"href":"https:\/\/www.ansermoz-photography.com\/fr\/wp-json\/wp\/v2\/media\/612"}],"wp:attachment":[{"href":"https:\/\/www.ansermoz-photography.com\/fr\/wp-json\/wp\/v2\/media?parent=611"}],"wp:term":[{"taxonomy":"category","embeddable":true,"href":"https:\/\/www.ansermoz-photography.com\/fr\/wp-json\/wp\/v2\/categories?post=611"},{"taxonomy":"post_tag","embeddable":true,"href":"https:\/\/www.ansermoz-photography.com\/fr\/wp-json\/wp\/v2\/tags?post=611"}],"curies":[{"name":"wp","href":"https:\/\/api.w.org\/{rel}","templated":true}]}}