{"id":81,"date":"2011-11-07T21:08:21","date_gmt":"2011-11-08T01:08:21","guid":{"rendered":"https:\/\/ansermoz-photography.com\/?p=81"},"modified":"2014-12-09T18:24:08","modified_gmt":"2014-12-09T22:24:08","slug":"palavas-south-of-france","status":"publish","type":"post","link":"https:\/\/www.ansermoz-photography.com\/fr\/quoi\/palavas-sud-de-la-france\/","title":{"rendered":"Palavas &#8211; Sud De La France"},"content":{"rendered":"<div class=\"the-content\"><p>J&rsquo;ai repens\u00e9 \u00e0 ces photos de Palavas dans le Sud de la France, apr\u00e8s avoir regard\u00e9 la vid\u00e9o de <a href=\"https:\/\/ansermoz-photography.com\/fr\/comment\/dave-black-surfing-shoot\/\" title=\"Dave Black Surfing Shoot\" target=\"_blank\">Dave Black &#8211; Surfing Shoot<\/a>.<br \/>\nC&rsquo;\u00e9tait en 2008. Photos prises avec mon appareil photo Canon EOS 400D et celui de mon p\u00e8re, un Canon PowerShot SX 10IS, pour le tester.<br \/>\nC&rsquo;est aussi une mani\u00e8re de vous montrer un peu de l\u00e0 d&rsquo;o\u00f9 je viens.<br \/>\nSi vous venez visiter Palavas dans le Sud de la France, je vous conseille de venir au mois de Juin ou Septembre, afin d&rsquo;\u00e9viter l&rsquo;afflux des touristes.<br \/>\nC&rsquo;est un petit port sympathique, o\u00f9 vous pouvez savourer de bonnes glaces et admirer des couchers de soleil incroyables.<br \/>\nJe vous conseille \u00e9galement de visiter Carnon, juste \u00e0 c\u00f4t\u00e9 et moins achaland\u00e9 que Palavas.<\/p>\n<p>Appr\u00e9ciez les phots de Palavas!<\/p>\n<p>Prenez soin de vous.<\/p>\n<div class=\"photo-gallery-display row\">\t\t<div class=\"col-12 col-lg-12 content_gallery align-items-start justify-content-start gallery-masonry naf-pc-element mt-4 mb-4\" data-animatecss=\"fadeIn\">\n\t\t\t<div>\n\t\t\t\t\t\t\t\t<div class=\"row d-flex justify-content-center\">\n\t\t\t\t\t<div class=\"col-12 col-md-6 col-lg-4 mb-4\"><a href=\"https:\/\/www.ansermoz-photography.com\/wp-content\/gallery\/palavas-001\/bateaux-palavas-port.jpg\" class=\"fresco  horizontal-photo-770 h\" data-fresco-caption=\"<span>Bateaux palavas port<\/span><br\/>F4.5, 1\/200 sec, 23.037 mm, ISO80, Canon PowerShot SX10 IS\" data-fresco-group=\"slider-5\" data-fresco-group-options=\"thumbnails: false\"><img decoding=\"async\" src=\"https:\/\/www.ansermoz-photography.com\/wp-content\/gallery\/palavas-001\/bateaux-palavas-port.jpg\" alt=\"Bateaux palavas port\" \/><\/a><\/div><div class=\"col-12 col-md-6 col-lg-4 mb-4\"><a href=\"https:\/\/www.ansermoz-photography.com\/wp-content\/gallery\/palavas-001\/mediterranee-palavas.jpg\" class=\"fresco  horizontal-photo-770 h\" data-fresco-caption=\"<span>Mediterranee palavas<\/span><br\/>F5, 1\/640 sec, 35 mm, ISO200, Canon EOS 400D DIGITAL\" data-fresco-group=\"slider-5\" data-fresco-group-options=\"thumbnails: false\"><img decoding=\"async\" src=\"https:\/\/www.ansermoz-photography.com\/wp-content\/gallery\/palavas-001\/mediterranee-palavas.jpg\" alt=\"Mediterranee palavas\" \/><\/a><\/div><div class=\"col-12 col-md-6 col-lg-4 mb-4\"><a href=\"https:\/\/www.ansermoz-photography.com\/wp-content\/gallery\/palavas-001\/mer-mediterranee-palavas.jpg\" class=\"fresco  horizontal-photo-770 h\" data-fresco-caption=\"<span>Mer mediterranee palavas<\/span><br\/>F5, 1\/640 sec, 35 mm, ISO200, Canon EOS 400D DIGITAL\" data-fresco-group=\"slider-5\" data-fresco-group-options=\"thumbnails: false\"><img decoding=\"async\" src=\"https:\/\/www.ansermoz-photography.com\/wp-content\/gallery\/palavas-001\/mer-mediterranee-palavas.jpg\" alt=\"Mer mediterranee palavas\" \/><\/a><\/div><div class=\"col-12 col-md-6 col-lg-4 mb-4\"><a href=\"https:\/\/www.ansermoz-photography.com\/wp-content\/gallery\/palavas-001\/paddle-on-sea.jpg\" class=\"fresco  horizontal-photo-770 h\" data-fresco-caption=\"<span>Paddle on sea<\/span><br\/>F5, 1\/800 sec, 42.417 mm, ISO80, Canon PowerShot SX10 IS\" data-fresco-group=\"slider-5\" data-fresco-group-options=\"thumbnails: false\"><img decoding=\"async\" src=\"https:\/\/www.ansermoz-photography.com\/wp-content\/gallery\/palavas-001\/paddle-on-sea.jpg\" alt=\"Paddle on sea\" \/><\/a><\/div><div class=\"col-12 col-md-6 col-lg-4 mb-4\"><a href=\"https:\/\/www.ansermoz-photography.com\/wp-content\/gallery\/palavas-001\/palavas-harbor.jpg\" class=\"fresco  horizontal-photo-770 h\" data-fresco-caption=\"<span>Palavas harbor<\/span><br\/>F5, 1\/400 sec, 25 mm, ISO200, Canon EOS 400D DIGITAL\" data-fresco-group=\"slider-5\" data-fresco-group-options=\"thumbnails: false\"><img decoding=\"async\" src=\"https:\/\/www.ansermoz-photography.com\/wp-content\/gallery\/palavas-001\/palavas-harbor.jpg\" alt=\"Palavas harbor\" \/><\/a><\/div><div class=\"col-12 col-md-6 col-lg-4 mb-4\"><a href=\"https:\/\/www.ansermoz-photography.com\/wp-content\/gallery\/palavas-001\/palavas-mediterranean-sea.jpg\" class=\"fresco  horizontal-photo-770 h\" data-fresco-caption=\"<span>Palavas mediterranean sea<\/span><br\/>F5.6, 1\/2000 sec, 55 mm, ISO200, Canon EOS 400D DIGITAL\" data-fresco-group=\"slider-5\" data-fresco-group-options=\"thumbnails: false\"><img decoding=\"async\" src=\"https:\/\/www.ansermoz-photography.com\/wp-content\/gallery\/palavas-001\/palavas-mediterranean-sea.jpg\" alt=\"Palavas mediterranean sea\" \/><\/a><\/div><div class=\"col-12 col-md-6 col-lg-4 mb-4\"><a href=\"https:\/\/www.ansermoz-photography.com\/wp-content\/gallery\/palavas-001\/palavas-ponds-parking-board.jpg\" class=\"fresco  horizontal-photo-770 h\" data-fresco-caption=\"<span>Palavas ponds parking board<\/span><br\/>F13, 1\/500 sec, 21 mm, ISO400, Canon EOS 400D DIGITAL\" data-fresco-group=\"slider-5\" data-fresco-group-options=\"thumbnails: false\"><img decoding=\"async\" src=\"https:\/\/www.ansermoz-photography.com\/wp-content\/gallery\/palavas-001\/palavas-ponds-parking-board.jpg\" alt=\"Palavas ponds parking board\" \/><\/a><\/div><div class=\"col-12 col-md-6 col-lg-4 mb-4\"><a href=\"https:\/\/www.ansermoz-photography.com\/wp-content\/gallery\/palavas-001\/palavas-ponds-sunset.jpg\" class=\"fresco  horizontal-photo-770 h\" data-fresco-caption=\"<span>Palavas ponds sunset<\/span><br\/>F5.6, 1\/800 sec, 47 mm, ISO100, Canon EOS 400D DIGITAL\" data-fresco-group=\"slider-5\" data-fresco-group-options=\"thumbnails: false\"><img decoding=\"async\" src=\"https:\/\/www.ansermoz-photography.com\/wp-content\/gallery\/palavas-001\/palavas-ponds-sunset.jpg\" alt=\"Palavas ponds sunset\" \/><\/a><\/div><div class=\"col-12 col-md-6 col-lg-4 mb-4\"><a href=\"https:\/\/www.ansermoz-photography.com\/wp-content\/gallery\/palavas-001\/palavas-ponds.jpg\" class=\"fresco  horizontal-photo-770 h\" data-fresco-caption=\"<span>Palavas ponds<\/span><br\/>F8, 1\/2000 sec, 18 mm, ISO200, Canon EOS 400D DIGITAL\" data-fresco-group=\"slider-5\" data-fresco-group-options=\"thumbnails: false\"><img decoding=\"async\" src=\"https:\/\/www.ansermoz-photography.com\/wp-content\/gallery\/palavas-001\/palavas-ponds.jpg\" alt=\"Palavas ponds\" \/><\/a><\/div><div class=\"col-12 col-md-6 col-lg-4 mb-4\"><a href=\"https:\/\/www.ansermoz-photography.com\/wp-content\/gallery\/palavas-001\/palavas-port.jpg\" class=\"fresco  horizontal-photo-770 h\" data-fresco-caption=\"<span>Palavas port<\/span><br\/>F5, 1\/320 sec, 25 mm, ISO200, Canon EOS 400D DIGITAL\" data-fresco-group=\"slider-5\" data-fresco-group-options=\"thumbnails: false\"><img decoding=\"async\" src=\"https:\/\/www.ansermoz-photography.com\/wp-content\/gallery\/palavas-001\/palavas-port.jpg\" alt=\"Palavas port\" \/><\/a><\/div><div class=\"col-12 col-md-6 col-lg-4 mb-4\"><a href=\"https:\/\/www.ansermoz-photography.com\/wp-content\/gallery\/palavas-001\/port-bouee-bateau.jpg\" class=\"fresco  vertical-photo vertical-photo-770 v\" data-fresco-caption=\"<span>Port bouee bateau<\/span><br\/>F4.5, 1\/200 sec, 26.79 mm, ISO200, Canon PowerShot SX10 IS\" data-fresco-group=\"slider-5\" data-fresco-group-options=\"thumbnails: false\"><img decoding=\"async\" src=\"https:\/\/www.ansermoz-photography.com\/wp-content\/gallery\/palavas-001\/port-bouee-bateau.jpg\" alt=\"Port bouee bateau\" \/><\/a><\/div><div class=\"col-12 col-md-6 col-lg-4 mb-4\"><a href=\"https:\/\/www.ansermoz-photography.com\/wp-content\/gallery\/palavas-001\/port-de-palavas.jpg\" class=\"fresco  horizontal-photo-770 h\" data-fresco-caption=\"<span>Port de palavas<\/span><br\/>F5, 1\/640 sec, 25 mm, ISO200, Canon EOS 400D DIGITAL\" data-fresco-group=\"slider-5\" data-fresco-group-options=\"thumbnails: false\"><img decoding=\"async\" src=\"https:\/\/www.ansermoz-photography.com\/wp-content\/gallery\/palavas-001\/port-de-palavas.jpg\" alt=\"Port de palavas\" \/><\/a><\/div><div class=\"col-12 col-md-6 col-lg-4 mb-4\"><a href=\"https:\/\/www.ansermoz-photography.com\/wp-content\/gallery\/palavas-001\/port-palavas-bateau.jpg\" class=\"fresco  horizontal-photo-770 h\" data-fresco-caption=\"<span>Port palavas bateau<\/span><br\/>F4, 1\/160 sec, 16.957 mm, ISO160, Canon PowerShot SX10 IS\" data-fresco-group=\"slider-5\" data-fresco-group-options=\"thumbnails: false\"><img decoding=\"async\" src=\"https:\/\/www.ansermoz-photography.com\/wp-content\/gallery\/palavas-001\/port-palavas-bateau.jpg\" alt=\"Port palavas bateau\" \/><\/a><\/div>\t\t\t\t<\/div>\n\t\t\t\t\t\t\t<\/div>\n\t\t<\/div>\n\t\t<\/div>\n<\/div>","protected":false},"excerpt":{"rendered":"<p>J&rsquo;ai repens\u00e9 \u00e0 ces photos de Palavas dans le Sud de la France, apr\u00e8s avoir regard\u00e9 la vid\u00e9o de Dave Black &#8211; Surfing Shoot. C&rsquo;\u00e9tait en 2008. Photos prises avec mon appareil photo Canon EOS 400D et celui de mon p\u00e8re, un Canon PowerShot SX 10IS, pour le tester. C&rsquo;est aussi une mani\u00e8re de vous montrer un peu de l\u00e0 d&rsquo;o\u00f9 je viens. Si vous venez visiter Palavas dans le Sud de la France, je vous conseille de venir au &hellip;<\/p>\n","protected":false},"author":1,"featured_media":426,"comment_status":"open","ping_status":"open","sticky":false,"template":"","format":"standard","meta":{"_acf_changed":false,"footnotes":""},"categories":[4],"tags":[44,63,59,57,60,58,56],"class_list":["post-81","post","type-post","status-publish","format-standard","has-post-thumbnail","hentry","category-what","tag-canon-eos-400d","tag-canon-powershot-sx-10is","tag-france","tag-palavas","tag-sea","tag-south-of-france","tag-surfing"],"acf":[],"_links":{"self":[{"href":"https:\/\/www.ansermoz-photography.com\/fr\/wp-json\/wp\/v2\/posts\/81","targetHints":{"allow":["GET"]}}],"collection":[{"href":"https:\/\/www.ansermoz-photography.com\/fr\/wp-json\/wp\/v2\/posts"}],"about":[{"href":"https:\/\/www.ansermoz-photography.com\/fr\/wp-json\/wp\/v2\/types\/post"}],"author":[{"embeddable":true,"href":"https:\/\/www.ansermoz-photography.com\/fr\/wp-json\/wp\/v2\/users\/1"}],"replies":[{"embeddable":true,"href":"https:\/\/www.ansermoz-photography.com\/fr\/wp-json\/wp\/v2\/comments?post=81"}],"version-history":[{"count":0,"href":"https:\/\/www.ansermoz-photography.com\/fr\/wp-json\/wp\/v2\/posts\/81\/revisions"}],"wp:featuredmedia":[{"embeddable":true,"href":"https:\/\/www.ansermoz-photography.com\/fr\/wp-json\/wp\/v2\/media\/426"}],"wp:attachment":[{"href":"https:\/\/www.ansermoz-photography.com\/fr\/wp-json\/wp\/v2\/media?parent=81"}],"wp:term":[{"taxonomy":"category","embeddable":true,"href":"https:\/\/www.ansermoz-photography.com\/fr\/wp-json\/wp\/v2\/categories?post=81"},{"taxonomy":"post_tag","embeddable":true,"href":"https:\/\/www.ansermoz-photography.com\/fr\/wp-json\/wp\/v2\/tags?post=81"}],"curies":[{"name":"wp","href":"https:\/\/api.w.org\/{rel}","templated":true}]}}